{"id":5543,"date":"2017-09-12T01:46:09","date_gmt":"2017-09-12T01:46:09","guid":{"rendered":"https:\/\/redsemlac.com\/semmexico\/?p=5543"},"modified":"2023-07-21T14:25:15","modified_gmt":"2023-07-21T19:25:15","slug":"de-21-secretarias-de-estado-solo-dos-las-ocupan-mujeres","status":"publish","type":"post","link":"https:\/\/redsemlac.com\/semmexico\/de-21-secretarias-de-estado-solo-dos-las-ocupan-mujeres\/","title":{"rendered":"De 21 secretar\u00edas de Estado, s\u00f3lo dos las ocupan mujeres"},"content":{"rendered":"\n<p class=\"wp-block-paragraph\"><a href=\"https:\/\/www.semmexico.com\/gallery-post.php?id=2918#\">Redacci\u00f3n<\/a><\/p>\n\n\n\n<p class=\"wp-block-paragraph\">SemM\u00e9xico, Cd. de M\u00e9xico, 12 septiembre 2017.- Pendiente, la paridad de g\u00e9nero en el ejercicio dentro del Congreso y en los gobiernos federal, estatales y municipales, as\u00ed como disminuir los riesgos de violencia pol\u00edtica en M\u00e9xico.<br><br>As\u00ed lo afirmaron durante la ceremonia de toma de protesta de la mesa directiva de la organizaci\u00f3n Mujeres de M\u00e9xico y el Mundo A.C, la senadora Hilda Esthela Flores Escalera, la ex senadora Mar\u00eda de los \u00c1ngeles Moreno Uriegas y el senador Marco Antonio Bl\u00e1squez Salinas, quienes agregaron que para lograr la paridad y la erradicaci\u00f3n de la violencia pol\u00edtica de g\u00e9nero se requieren mayores avances legislativos.<br><br>La senadora em\u00e9rita Mar\u00eda de los \u00c1ngeles Moreno destac\u00f3 que la desigualdad de g\u00e9nero en la pol\u00edtica se refleja en el Ejecutivo Federal, donde de 21 secretar\u00edas de Estado, s\u00f3lo dos las ocupan mujeres; en los estados, s\u00f3lo Sonora cuenta con gobernadora; en tanto que \u00fanicamente 14.2 por ciento de las presidencias municipales son ocupadas por mujeres, \u201cy con resistencias, discriminaci\u00f3n, y trampas que hacen incluso que salgan de la posici\u00f3n\u201d.<br><br>Expuso que no s\u00f3lo debe haber asignaci\u00f3n de cargos o candidaturas por raz\u00f3n de cuotas, sino tambi\u00e9n basadas en m\u00e9ritos; es necesario hacer valer la cuota de g\u00e9nero, porque hay a quienes les resulta dif\u00edcil reconocer m\u00e9ritos cuando se tratan de mujeres que aspiran a alcanzar una posici\u00f3n pol\u00edtica, indic\u00f3.<br><br>Para ello, dijo, se requiere perfeccionar la ley 50-50, a fin de que no se eluda esta obligaci\u00f3n o se incurra en actos que no aseguren la paridad, como es el pretender dar candidaturas a mujeres que resultan familiares de quienes ocupan espacios en las dirigencias.<br><br>\u201cHay que lograr reformas legislativas senadoras, hay leyes de protecci\u00f3n e impulso a las mujeres, pero a\u00fan hay mucho que hacer; debemos generar m\u00e1s organizaciones que contribuyan a crear sinergias de promoci\u00f3n de la igualdad, o en la identificaci\u00f3n de los problemas, para erradicar todo tipo de violencia\u201d, se\u00f1al\u00f3.<br><br>\u201cFaltan pasos y la clave es que avancemos juntas las mujeres que ejercemos la pol\u00edtica y representantes de la sociedad, para alcanzar la representatividad a la que tenemos derecho y la cual deriva en una mayor exposici\u00f3n a la violencia de g\u00e9nero, que seguro se puede agudizar\u201d, sostuvo la legisladora del PRI Flores Escalera.<br><br>Por su parte, el senador Bl\u00e1squez Salinas, del PT, dijo que tampoco se refleja la paridad de g\u00e9nero en las transversalidad de los programas p\u00fablicos y a la fecha la poblaci\u00f3n femenina recibe menos apoyo para acceder a mejores condiciones de educaci\u00f3n y de trabajo, y aun se les paga menos en labores que realizan a la par que los hombres.<br><br>SEM\/am\/lr<\/p>\n","protected":false},"excerpt":{"rendered":"<p>Redacci\u00f3n SemM\u00e9xico, Cd. de M\u00e9xico, 12 septiembre 2017.- Pendiente, la paridad de g\u00e9nero en el ejercicio dentro del Congreso y en los gobiernos federal, estatales y municipales, as\u00ed como disminuir los riesgos de violencia pol\u00edtica en M\u00e9xico. As\u00ed lo afirmaron durante la ceremonia de toma de protesta de la mesa directiva de la organizaci\u00f3n Mujeres [&hellip;]<\/p>\n","protected":false},"author":3,"featured_media":5544,"comment_status":"open","ping_status":"open","sticky":false,"template":"","format":"standard","meta":{"_monsterinsights_skip_tracking":false,"footnotes":""},"categories":[687,50],"tags":[],"class_list":["post-5543","post","type-post","status-publish","format-standard","has-post-thumbnail","category-687","category-congreso"],"_links":{"self":[{"href":"https:\/\/redsemlac.com\/semmexico\/wp-json\/wp\/v2\/posts\/5543","targetHints":{"allow":["GET"]}}],"collection":[{"href":"https:\/\/redsemlac.com\/semmexico\/wp-json\/wp\/v2\/posts"}],"about":[{"href":"https:\/\/redsemlac.com\/semmexico\/wp-json\/wp\/v2\/types\/post"}],"author":[{"embeddable":true,"href":"https:\/\/redsemlac.com\/semmexico\/wp-json\/wp\/v2\/users\/3"}],"replies":[{"embeddable":true,"href":"https:\/\/redsemlac.com\/semmexico\/wp-json\/wp\/v2\/comments?post=5543"}],"version-history":[{"count":0,"href":"https:\/\/redsemlac.com\/semmexico\/wp-json\/wp\/v2\/posts\/5543\/revisions"}],"wp:featuredmedia":[{"embeddable":true,"href":"https:\/\/redsemlac.com\/semmexico\/wp-json\/wp\/v2\/media\/5544"}],"wp:attachment":[{"href":"https:\/\/redsemlac.com\/semmexico\/wp-json\/wp\/v2\/media?parent=5543"}],"wp:term":[{"taxonomy":"category","embeddable":true,"href":"https:\/\/redsemlac.com\/semmexico\/wp-json\/wp\/v2\/categories?post=5543"},{"taxonomy":"post_tag","embeddable":true,"href":"https:\/\/redsemlac.com\/semmexico\/wp-json\/wp\/v2\/tags?post=5543"}],"curies":[{"name":"wp","href":"https:\/\/api.w.org\/{rel}","templated":true}]}}