{"id":55223,"date":"2022-08-29T08:18:46","date_gmt":"2022-08-29T14:18:46","guid":{"rendered":"https:\/\/redsemlac.com\/semmexico\/?p=55223"},"modified":"2023-07-21T19:12:34","modified_gmt":"2023-07-22T00:12:34","slug":"miradas-de-reportero-sorpresa-ahora-tambien-el-ine-y-el-tepjf-castigan-y-exhiben-a-periodistas-tienen-a-21-en-su-lista-negra","status":"publish","type":"post","link":"https:\/\/redsemlac.com\/semmexico\/miradas-de-reportero-sorpresa-ahora-tambien-el-ine-y-el-tepjf-castigan-y-exhiben-a-periodistas-tienen-a-21-en-su-lista-negra\/","title":{"rendered":"Miradas de Reportero| Sorpresa: ahora tambi\u00e9n el INE y el TEPJF castigan y exhiben a periodistas; tienen a 21 en su lista negra"},"content":{"rendered":"\n<p class=\"wp-block-paragraph\"><strong>Rogelio Hern\u00e1ndez L\u00f3pez<\/strong><\/p>\n\n\n\n<p class=\"wp-block-paragraph\">SemM\u00e9xico, Ciudad de M\u00e9xico, 29 de agosto del 2022.- S\u00ed, sorprendi\u00f3 a varios periodistas enterarse que el Instituto Nacional Electoral (INE) hab\u00eda solicitado sancionar, por un comentario de seis palabras, al director del sitio digital <em>Sin L\u00ednea<\/em> Erick Guti\u00e9rrez y que el Tribunal electoral federal le impuso dos multas, un curso de capacitaci\u00f3n, publicar la sentencia en su sitio y retirarle su derecho ciudadano a votar en tres a\u00f1os.<\/p>\n\n\n\n<p class=\"wp-block-paragraph\">Y el asombro crecer\u00e1 cuando se conozca que el INE tambi\u00e9n ha pedido castigos para otras y otros 21 periodistas y que adem\u00e1s los exhibe en una lista negra llamada <em>Registro Nacional de Personas Sancionadas en Materia de Violencia Pol\u00edtica contra las Mujeres en Raz\u00f3n de G\u00e9nero<\/em> junto a otras 220 personas sancionadas por comentarios.<\/p>\n\n\n\n<p class=\"wp-block-paragraph\">\u00bfCon qu\u00e9 derecho juzgan la libertad de expresi\u00f3n los \u00e1rbitros electorales?<\/p>\n\n\n\n<h2 class=\"wp-block-heading\"><strong>Suplantan autoridades<\/strong><\/h2>\n\n\n\n<p class=\"wp-block-paragraph\">En ese registro de sancionados por petici\u00f3n del INE, desde 2019 hasta el 26 de agosto de 2022, aparecen 21 personas que identifican como periodistas de 16 entidades de la Rep\u00fablica: Alejandro Mares, Alejandro Sevilla, Armando Guerra, C\u00e9sar Langarica, Diego Alejandro Soto, Eliazar Vel\u00e1zquez, Eloy Garza, Enrique G\u00f3mez, Francisco Rom\u00e1n, Homero Turrubiarte, Jacinto L\u00f3pez (dos veces), Jos\u00e9 Gerardo Hern\u00e1ndez, Juan Carlos M\u00e9ndez, Leonardo Kourchenko, Lucio Espinoza, Magdaleno Luis Camacho, Mar\u00eda De Los \u00c1ngeles Tovar, Mar\u00eda Del Carmen V\u00e1zquez, Mario Alberto S\u00e1nchez, Octavio Augusto Corvera y V\u00edctor Alfonso Altamirano. All\u00ed no aparece todav\u00eda Erick Guti\u00e9rrez. (ver lista adjunta)<\/p>\n\n\n\n<p class=\"wp-block-paragraph\">Los acusan de externar en medios de prensa y digitales frases, opiniones e im\u00e1genes estereotipadas que demeritan la imagen o las capacidades de mujeres que presentaron quejas. Las sanciones que seg\u00fan el INE ameritan son amonestaci\u00f3n p\u00fablica y\/o multa econ\u00f3mica, acompa\u00f1adas de medidas de restituci\u00f3n como disculpa p\u00fablica, publicar en su medio las sentencias, cursos de capacitaci\u00f3n y sensibilizaci\u00f3n y otros que garanticen \u2013aseguran\u2014la no repetici\u00f3n, (ver listado en <a href=\"https:\/\/www.ine.mx\/actores-politicos\/registro-nacional-de-personas-sancionadas\/\">https:\/\/www.ine.mx\/actores-politicos\/registro-nacional-de-personas-sancionadas\/<\/a> ).<\/p>\n\n\n\n<p class=\"wp-block-paragraph\">EL INE solicita tales castigos con base en el art\u00edculo 442 Bis, inciso f de la Ley General de Instituciones y Procedimientos Electorales que considera infracci\u00f3n a: <em>\u201cf) Cualesquiera otra acci\u00f3n que lesione o da\u00f1e la dignidad, integridad o libertad de las mujeres en el ejercicio de sus derechos pol\u00edticos y electorales.\u201d<\/em> Y con eso se da licencia para examinar conductas relacionadas con la libertad de expresi\u00f3n de pol\u00edticos, funcionarios p\u00fablicos y en el etc\u00e9tera incluye arbitrariamente a comunicadores y periodistas.<\/p>\n\n\n<div class=\"wp-block-image\">\n<figure class=\"aligncenter size-large\"><a href=\"https:\/\/redsemlac.com\/semmexico\/wp-content\/uploads\/2022\/08\/MIRADS.png\"><img decoding=\"async\" src=\"https:\/\/redsemlac.com\/semmexico\/wp-content\/uploads\/2022\/08\/MIRADS-644x1024.png\" alt=\"\" class=\"wp-image-55224\"\/><\/a><\/figure>\n<\/div>\n\n\n<p class=\"wp-block-paragraph\">En su procedimiento el INE considera, cuando sea necesario, acudir al Tribunal Electoral del Poder Judicial de la Federaci\u00f3n (TEPJF) para que sea finalmente la instancia que imponga las sanciones.<\/p>\n\n\n\n<p class=\"wp-block-paragraph\">En el caso que denunci\u00f3 Erick Guti\u00e9rrez, el TEPJF sancion\u00f3 a 15 usuarios de la red social Twitter con 1,652 pesos de multa con excepci\u00f3n de unos de ellos que debe pagar 4 mil 481 pesos. Adem\u00e1s, ser\u00e1n inscritos en el <em>Registro Nacional de Personas Sancionadas en Materia Pol\u00edtica contra las Mujeres en Raz\u00f3n de G\u00e9nero del Instituto Nacional Electoral <\/em>(INE) \u00a1<strong>durante tres a\u00f1os!<\/strong><\/p>\n\n\n\n<p class=\"wp-block-paragraph\">Entre periodistas sabemos que cuando se realiza la mala pr\u00e1ctica profesional de acusar sin pruebas o abusar de los adjetivos sin sustento corremos el riesgo, no solo de ser desmentidos y perder puntos en la credibilidad (nuestra mayor fortaleza), sino tambi\u00e9n de ser acusados de calumnia y da\u00f1o moral. Igual conocemos que toda persona tiene el derecho constitucional de defenderse de esa mala pr\u00e1ctica nuestra en el periodismo acudiendo al ministerio p\u00fablico apoyada por los c\u00f3digos civiles y todav\u00eda por algunos c\u00f3digos penales.<\/p>\n\n\n\n<p class=\"wp-block-paragraph\">Pero ni el INE ni el tribunal electoral tienen derecho suficiente para evaluar y sancionar e incluso retirar derechos por presuntas infracciones relacionadas a la libertad de expresi\u00f3n de periodistas o comunicadores garantizada por la Constituci\u00f3n Pol\u00edtica.<\/p>\n\n\n\n<h2 class=\"wp-block-heading\"><strong>M\u00e1s acoso judicial a periodistas<\/strong><\/h2>\n\n\n\n<p class=\"wp-block-paragraph\">Ya de por s\u00ed, uno de los muchos agravios que padecen las y los periodistas es el acoso judicial de supuestos o reales ofendidos ante ministerios p\u00fablicos y jueces con el fin de desalentar su ejercicio. Ahora hay que sumar al INE y al TEPJF como otras autoridades que acosan a periodistas.<\/p>\n\n\n\n<p class=\"wp-block-paragraph\">En febrero de 2022 en conferencia de prensa de organizaciones civiles y periodistas acosados se present\u00f3 un recuento probatorio de que desde 2019 a esa fecha se hab\u00eda duplicado la pr\u00e1ctica del acoso judicial contra periodistas. Sergio Aguayo, Enrique G\u00f3mez Orozco, Ismael Boj\u00f3rquez y Leopoldo Maldonado de Art\u00edculo 19 aseguraron que en \u201c2019 hubo 21 procesos judiciales contra periodistas que fueron acusados de da\u00f1o moral,&nbsp; cifra que se increment\u00f3 a 39 para el a\u00f1o 2020 y a 40 en 2021.\u201d<\/p>\n\n\n\n<p class=\"wp-block-paragraph\">A\u00f1adieron que \u201clos procesos se inician ante autoridades administrativas o judiciales para inhibir el ejercicio period\u00edstico y que las demandas son de \u00edndole electoral, penal y tambi\u00e9n las de \u00edndole civil por da\u00f1o moral con el objetivo de ejercer un desgaste econ\u00f3mico y psicol\u00f3gico de las personas demandadas\u201d. Mirada de reportero.&nbsp;<\/p>\n","protected":false},"excerpt":{"rendered":"<p>\u00bfCon qu\u00e9 derecho juzgan la libertad de expresi\u00f3n los \u00e1rbitros electorales?<\/p>\n","protected":false},"author":3,"featured_media":38348,"comment_status":"open","ping_status":"open","sticky":false,"template":"","format":"standard","meta":{"_monsterinsights_skip_tracking":false,"footnotes":""},"categories":[693,106,35,85],"tags":[459],"class_list":["post-55223","post","type-post","status-publish","format-standard","has-post-thumbnail","category-693","category-mirada-de-reportero","category-opinion","category-rogelio-hernandez-lopez","tag-opinion"],"_links":{"self":[{"href":"https:\/\/redsemlac.com\/semmexico\/wp-json\/wp\/v2\/posts\/55223","targetHints":{"allow":["GET"]}}],"collection":[{"href":"https:\/\/redsemlac.com\/semmexico\/wp-json\/wp\/v2\/posts"}],"about":[{"href":"https:\/\/redsemlac.com\/semmexico\/wp-json\/wp\/v2\/types\/post"}],"author":[{"embeddable":true,"href":"https:\/\/redsemlac.com\/semmexico\/wp-json\/wp\/v2\/users\/3"}],"replies":[{"embeddable":true,"href":"https:\/\/redsemlac.com\/semmexico\/wp-json\/wp\/v2\/comments?post=55223"}],"version-history":[{"count":0,"href":"https:\/\/redsemlac.com\/semmexico\/wp-json\/wp\/v2\/posts\/55223\/revisions"}],"wp:featuredmedia":[{"embeddable":true,"href":"https:\/\/redsemlac.com\/semmexico\/wp-json\/wp\/v2\/media\/38348"}],"wp:attachment":[{"href":"https:\/\/redsemlac.com\/semmexico\/wp-json\/wp\/v2\/media?parent=55223"}],"wp:term":[{"taxonomy":"category","embeddable":true,"href":"https:\/\/redsemlac.com\/semmexico\/wp-json\/wp\/v2\/categories?post=55223"},{"taxonomy":"post_tag","embeddable":true,"href":"https:\/\/redsemlac.com\/semmexico\/wp-json\/wp\/v2\/tags?post=55223"}],"curies":[{"name":"wp","href":"https:\/\/api.w.org\/{rel}","templated":true}]}}