{"id":55187,"date":"2022-08-27T10:39:45","date_gmt":"2022-08-27T16:39:45","guid":{"rendered":"https:\/\/redsemlac.com\/semmexico\/?p=55187"},"modified":"2023-07-21T19:12:36","modified_gmt":"2023-07-22T00:12:36","slug":"opinion-el-acceso-a-la-educacion-para-las-ninas-en-mexico","status":"publish","type":"post","link":"https:\/\/redsemlac.com\/semmexico\/opinion-el-acceso-a-la-educacion-para-las-ninas-en-mexico\/","title":{"rendered":"Opini\u00f3n| El acceso a la educaci\u00f3n para las ni\u00f1as en M\u00e9xico"},"content":{"rendered":"\n<ul class=\"wp-block-list\"><li><strong>Seg\u00fan la OCDE, M\u00e9xico ocupa el lugar 100 en calidad educativa, lugar divulgado por el Foro Econ\u00f3mico Mundial.<\/strong><\/li><\/ul>\n\n\n\n<p class=\"wp-block-paragraph\"><strong>Mayra Mart\u00ednez Pineda<\/strong><\/p>\n\n\n\n<p class=\"wp-block-paragraph\">SemM\u00e9xico\/La Costilla Rota, Ciudad de M\u00e9xico, 27 de agosto del 2022.- M\u00e9xico es uno de los pa\u00edses con mayor atraso en el tema de alfabetizaci\u00f3n, es una deuda hist\u00f3rica con el pueblo hacer realidad el acceso a la educaci\u00f3n. Si nos pusi\u00e9ramos a hacer un ejercicio objetivo en el \u00e1rbol familiar, muy pocas personas parientes nuestras, tendr\u00edan alg\u00fan t\u00edtulo universitario. La brecha es m\u00e1s profunda trat\u00e1ndose de la diferencia de g\u00e9neros, el INEGI en el \u00faltimo censo document\u00f3 que 6 de cada 10 personas sin formaci\u00f3n escolar son mujeres. As\u00ed de enorme esta brecha.<\/p>\n\n\n\n<p class=\"wp-block-paragraph\">Las nuevas generaciones al menos lo llevan mejor; el Censo de Poblaci\u00f3n y Vivienda 2020, registra que en M\u00e9xico 94 por ciento de las ni\u00f1as y los ni\u00f1os de 6 a 14 a\u00f1os asisten a la escuela. En los \u00faltimos 50 a\u00f1os, el porcentaje de personas de 6 a 14 a\u00f1os que asisten a la escuela ha ido en aumento.<\/p>\n\n\n\n<p class=\"wp-block-paragraph\">Es un alivio pensar en un pa\u00eds a futuro, m\u00e1s educado.<\/p>\n\n\n\n<p class=\"wp-block-paragraph\">Sin embargo, la calidad de la educaci\u00f3n p\u00fablica a\u00fan presenta muchas oportunidades de mejora. Requiere especialistas con experiencia probada para construir sociedades que tengan profesionistas de calidad y generar mejor\u00eda para las comunidades, gracias a su desempe\u00f1o.<\/p>\n\n\n\n<p class=\"wp-block-paragraph\">A unos d\u00edas del regreso a clases, vale mucho la pena observar y hacer una balanza de las estrategias educativas, del nivel competitivo que las y los estudiantes de M\u00e9xico tienen o tenemos, una vez que salimos al mundo real, y no al que nos dibujan en las aulas.<\/p>\n\n\n\n<p class=\"wp-block-paragraph\">Un porcentaje muy m\u00ednimo accede por ejemplo a posgrados en el extranjero, y aunque M\u00e9xico tambi\u00e9n tiene oferta educativa para for\u00e1neos, no es lo mismo, hay pa\u00edses que lideran la m\u00e1s prestigiada oferta educativa la cual se encuentra en Estados Unidos y en Europa.<\/p>\n\n\n\n<p class=\"wp-block-paragraph\">Hay un campo f\u00e9rtil y mentes brillantes de mujeres y hombres que bien pudieran reforzar y convertir a M\u00e9xico en un pa\u00eds de renombre que fuera sede de miles de estudiantes atra\u00eddos por el prestigio educativo.<\/p>\n\n\n\n<p class=\"wp-block-paragraph\">Otro aspecto importante es fomentar el acceso a las tecnolog\u00edas, los idiomas y la orientaci\u00f3n vocacional a ni\u00f1as y ni\u00f1os en todas las regiones del pa\u00eds, sobre todo las m\u00e1s marginadas por a\u00f1os.<\/p>\n\n\n\n<p class=\"wp-block-paragraph\">Para romper el c\u00edrculo de la pobreza la v\u00eda m\u00e1s exacta y l\u00edcita es la educaci\u00f3n. \u00bfRecuerdan la frase revolucionaria \u201cEducaci\u00f3n primero, al hijo del obrero\u201d?, no fue una idea vaga, era el \u00e1pice de la justicia social.<\/p>\n\n\n\n<p class=\"wp-block-paragraph\">Las ni\u00f1as tienen a\u00fan mayores problemas con el tema, aunque cada vez somos m\u00e1s las mujeres con educaci\u00f3n universitaria, los estereotipos siguen fraguando las posibilidades.<\/p>\n\n\n\n<p class=\"wp-block-paragraph\">La UNESCO a\u00fan documenta importantes desaf\u00edos para M\u00e9xico en temas de educaci\u00f3n a la ni\u00f1ez y en brechas de g\u00e9nero; la educaci\u00f3n debe ser gratuita, de f\u00e1cil acceso, que dote de herramientas para el futuro, que respete la libertad de pensamiento y en suma que sea equiparable, lo m\u00e1s posible, a las potencias mundiales; nada sencillo, pero los pa\u00edses que en verdad quieren el logro de estos objetivos han mejorado sus presupuestos y dedicado a\u00f1os a la labor de investigaci\u00f3n para mejorar los planes y programas de estudio y adaptarlos a las nuevas realidades, los gobiernos incluyen en sus pol\u00edticas p\u00fabicas el acceso a lo m\u00e1s elemental como ser\u00eda una PC por alumno y tener becas para el fomento del desempe\u00f1o.<\/p>\n\n\n\n<p class=\"wp-block-paragraph\">Seg\u00fan la OCDE (Organizaci\u00f3n para la Cooperaci\u00f3n y el Desarrollo Econ\u00f3micos), M\u00e9xico ocupa el lugar 100 en calidad educativa, lugar divulgado por el Foro Econ\u00f3mico Mundial.<\/p>\n\n\n\n<p class=\"wp-block-paragraph\">Y si nos vamos por entidades federativas, Guerrero es de los \u00faltimos lugares; las ni\u00f1as y ni\u00f1os en comunidades de las regiones Monta\u00f1a o Sierra, en verdad tienen grandes desventajas.<\/p>\n\n\n\n<p class=\"wp-block-paragraph\">La verdadera igualdad se formar\u00e1 cuando la brecha de g\u00e9nero, a trav\u00e9s del cierre de la educativa, nos de la igualdad financiera y por ende la justicia social. Las ciencias son exactas. M\u00e9xico y Guerrero, lo merecen.<\/p>\n\n\n\n<p class=\"wp-block-paragraph\">SEM\/MG<\/p>\n","protected":false},"excerpt":{"rendered":"<p>Seg\u00fan la OCDE, M\u00e9xico ocupa el lugar 100 en calidad educativa, lugar divulgado por el Foro Econ\u00f3mico Mundial.<\/p>\n","protected":false},"author":3,"featured_media":55188,"comment_status":"open","ping_status":"open","sticky":false,"template":"","format":"standard","meta":{"_monsterinsights_skip_tracking":false,"footnotes":""},"categories":[693,82,110,35],"tags":[],"class_list":["post-55187","post","type-post","status-publish","format-standard","has-post-thumbnail","category-693","category-la-opinion","category-la-opinion-columnas","category-opinion"],"_links":{"self":[{"href":"https:\/\/redsemlac.com\/semmexico\/wp-json\/wp\/v2\/posts\/55187","targetHints":{"allow":["GET"]}}],"collection":[{"href":"https:\/\/redsemlac.com\/semmexico\/wp-json\/wp\/v2\/posts"}],"about":[{"href":"https:\/\/redsemlac.com\/semmexico\/wp-json\/wp\/v2\/types\/post"}],"author":[{"embeddable":true,"href":"https:\/\/redsemlac.com\/semmexico\/wp-json\/wp\/v2\/users\/3"}],"replies":[{"embeddable":true,"href":"https:\/\/redsemlac.com\/semmexico\/wp-json\/wp\/v2\/comments?post=55187"}],"version-history":[{"count":0,"href":"https:\/\/redsemlac.com\/semmexico\/wp-json\/wp\/v2\/posts\/55187\/revisions"}],"wp:featuredmedia":[{"embeddable":true,"href":"https:\/\/redsemlac.com\/semmexico\/wp-json\/wp\/v2\/media\/55188"}],"wp:attachment":[{"href":"https:\/\/redsemlac.com\/semmexico\/wp-json\/wp\/v2\/media?parent=55187"}],"wp:term":[{"taxonomy":"category","embeddable":true,"href":"https:\/\/redsemlac.com\/semmexico\/wp-json\/wp\/v2\/categories?post=55187"},{"taxonomy":"post_tag","embeddable":true,"href":"https:\/\/redsemlac.com\/semmexico\/wp-json\/wp\/v2\/tags?post=55187"}],"curies":[{"name":"wp","href":"https:\/\/api.w.org\/{rel}","templated":true}]}}