{"id":55076,"date":"2022-08-24T10:17:52","date_gmt":"2022-08-24T16:17:52","guid":{"rendered":"https:\/\/redsemlac.com\/semmexico\/?p=55076"},"modified":"2023-07-21T19:12:40","modified_gmt":"2023-07-22T00:12:40","slug":"bellas-y-airosas-24-anos-sin-elena-garro","status":"publish","type":"post","link":"https:\/\/redsemlac.com\/semmexico\/bellas-y-airosas-24-anos-sin-elena-garro\/","title":{"rendered":"Bellas y Airosas| 24 a\u00f1os sin Elena Garro"},"content":{"rendered":"\n<pre class=\"wp-block-verse has-text-align-right\"><strong><em>\u00a1Elena! Oigo mi nombre, me busco.\n\u00bfS\u00f3lo esta oreja queda?\n\u00bf\u00c9sta que oye mi nombre en un llano de huizaches?\n\u00bfMi nombre, gritado, a los cuatro vientos de noche, en el llano de la muerte?\n<\/em><\/strong>(El llano de huizaches)\n<\/pre>\n\n\n\n<p class=\"wp-block-paragraph\"><strong>Elvira Hern\u00e1ndez Carballido<\/strong><\/p>\n\n\n\n<p class=\"wp-block-paragraph\"><strong>Elena Garro muri\u00f3 el 22 de agosto de 1998<\/strong><\/p>\n\n\n\n<p class=\"wp-block-paragraph\">SemM\u00e9xico, Pachuca, Hidalgo, 24 de agosto del 2022.- Fue una mujer que hizo de la escritura una forma de respirar para sentirse viva, por eso podemos leer una gran variedad de novelas, cuentos, poemas, textos period\u00edsticos, teatro y guiones de cine firmados por ella. &nbsp;<\/p>\n\n\n\n<p class=\"wp-block-paragraph\">Ha sido una de las mejores escritoras mexicanas de todos los tiempos.\u00a0 Escribi\u00f3 muchos textos, pero destac\u00f3 \u201cRecuerdos del Porvenir\u201d, considerada la primera obra de realismo m\u00e1gico en la literatura mexicana.<\/p>\n\n\n\n<pre class=\"wp-block-verse\"><strong>Testimonios literarios <\/strong>\n<strong><em>\u201cAqu\u00ed estoy, sentado sobre esta piedra aparente. S\u00f3lo mi memoria sabe lo que encierra. La veo y me recuerdo, y como el agua va al agua, as\u00ed soy, melanc\u00f3lico, vengo a encontrarme en su imagen cubierta por el polvo, rodeada por las hierbas, encerrada en s\u00ed misma y condenada a la memoria y a su variado espejo. La veo, me veo y me transfiguro en multitud de colores y de tiempos. Estoy y estuve en muchos ojos. Yo s\u00f3lo soy memoria y la memoria que de m\u00ed se tenga.\u201d<\/em><\/strong>\n(Los recuerdos del Porvenir)<\/pre>\n\n\n\n<p class=\"wp-block-paragraph\">Descubrir la voz de Elena Garro y sus personajes siempre atrapa, seduce e inspira. Con esas palabras me conquist\u00f3 para siempre, soy lectora fiel de todas sus obras. Siempre comparti\u00f3 historias envueltas en el placer y el infortunio. Naci\u00f3 en Puebla, en 1916, ni\u00f1a \u201crevoltosa dinamitera\u201d, poco a poco consolid\u00f3 su vocaci\u00f3n de narradora.<\/p>\n\n\n\n<p class=\"wp-block-paragraph\">\u201cLa culpa es de los tlaxcaltecas\u201d es uno de mis cuentos favoritos. Me encanta el tono seductor y atrevido, la imposibilidad de la fidelidad, el sabor de la tristeza o el aroma de la nostalgia. Vivir con miedo y por eso traicionarse. Desgarrarse por traidora, perderse en mitos y culparse con culpa. Microcosmos y ambig\u00fcedad. El cautiverio de la loca que se busca y se reencuentra:<\/p>\n\n\n\n<pre class=\"wp-block-verse\"><em><strong>\u201cSu pelo negro me hac\u00eda sombra. No estaba enojado, nada m\u00e1s estaba triste. Antes nunca me hubiera atrevido a besarlo, pero ahora he aprendido a no tenerle respeto al hombre, y me abrac\u00e9 a su cuello y lo bes\u00e9 en la boca.\u201d<\/strong><\/em><\/pre>\n\n\n\n<p class=\"wp-block-paragraph\">Su novela \u201cTestimonios de Mariana\u201d son espejos de la mujer que deseas ser y que inventas ser. Mucho tiempo neg\u00f3 rotundamente que se tratara de ella, pero despu\u00e9s acept\u00f3 que Mariana era Elena o que Elena se disfrazaba de Mariana. La tinta y el papel atrapan personajes reales con otros nombres, pero con los mismos pecados y perversiones. Irreverente y honesta, tr\u00e1gicamente ir\u00f3nica.<\/p>\n\n\n\n<pre class=\"wp-block-verse\"><strong><em>\u201cAhora s\u00f3lo podr\u00eda afirmar: \u00bfMariana? es la mujer que me am\u00f3... Aunque puedo afirmar lo contrario: \u00bfMariana? es la mujer que jam\u00e1s me am\u00f3... Vivo bajo la impresi\u00f3n de que no existi\u00f3 nunca y de que nunca la am\u00e9. Tal vez su recuerdo me incomoda, aunque hay instantes que regresan y entonces veo que ambos quedamos escritos en el tiempo, como esas palabras escritas con tinta secreta y que s\u00f3lo mediante determinada substancia resultan legibles, a pesar de aparecer en un papel en blanco o de llevar visible otro mensaje\u2026\u201d<\/em><\/strong><\/pre>\n\n\n\n<h2 class=\"wp-block-heading\"><strong>Su vida sin paz<\/strong><\/h2>\n\n\n\n<p class=\"wp-block-paragraph\">En 1934 Octavio Paz se cas\u00f3 con ella, la decisi\u00f3n marc\u00f3 la vida de los dos. Se amaron y se odiaron, estuvieron juntos y compartieron su pasi\u00f3n por la literatura. Se divorciaron porque siempre demostraron todo el da\u00f1o que pod\u00edan hacerse. Dicen que fue su musa y su anti-musa, el personaje negado y el no-personaje.&nbsp; Presente en cada inspiraci\u00f3n y en cada negaci\u00f3n. Uno y otra fueron \u00e1ngeles malditos del alma, as\u00ed como los demonios que iluminaron sus discursos po\u00e9ticos, narrativos y hasta pol\u00edticos. Tuvieron una hija, su \u00fanica hija de los dos, Helena Paz Garro. Una ni\u00f1a, una mujer, que siempre estuvo en medio de esas pasiones y de esas ri\u00f1as. Fue muy cercana a su madre y vivi\u00f3 de lejos el amor paterno. Tambi\u00e9n poeta, fue devastador ser hija de dos grandes de la literatura nacional.<\/p>\n\n\n\n<p class=\"wp-block-paragraph\">De 1937 a 1959 Garro y Paz conjugaron el verbo amar en pasado y en silencio pero unificar el verbo odiar en todos los tiempos. Rivalidad o envida, simbiosis absurda, diferencias leales, esc\u00e1ndalos y sosiego, la nada y todo en contra. Representaron a la pareja mexicana de intelectuales presta para chocar y coincidir. Estuvieron cubiertos de inteligencia, talento, \u00e9xito y celos. Luego vino 1968, Elena Garro fue acusada de ser una de las l\u00edderes del movimiento estudiantil. La exiliaron, la corrieron de su propio pa\u00eds, le cerraron todas las puertas y dicen que fue Paz quien puso los candados. Vivi\u00f3 mucho tiempo en Francia, camin\u00f3 por los barrios parisinos extra\u00f1ando el olor de su pa\u00eds, olvidada se sinti\u00f3 enterrada en vida. Regres\u00f3 a M\u00e9xico el 7 de noviembre de 1991, pero su pa\u00eds ya no era el mismo. Y lo que es la muerte, en abril de 1998 muri\u00f3 Octavio Paz y Elena en agosto de ese mismo a\u00f1o.<\/p>\n\n\n\n<h2 class=\"wp-block-heading\"><strong>El olvido<\/strong><\/h2>\n\n\n\n<p class=\"wp-block-paragraph\">La muerte de una de las grandes escritoras mexicanas no mereci\u00f3 encabezados ni grandes ceremonias. Esa noche cay\u00f3 una tormenta en Cuernavaca, Morelos, donde ella viv\u00eda y donde muri\u00f3 en un hospital por una insuficiencia respiratoria cardiaca. Mar\u00eda Luisa L\u00f3pez escribi\u00f3 \u201cLa madrugada del d\u00eda en que Elena Garro muri\u00f3\u201d y nos permiti\u00f3 atisbar ese momento:<\/p>\n\n\n\n<pre class=\"wp-block-verse\"><strong><em>Pero al llegar la media noche, todos se hab\u00edan retirado, incluso su hija Helena. En aquella capilla de la funeraria no hab\u00eda nadie m\u00e1s frente al f\u00e9retro que una joven reportera (y su acompa\u00f1ante), que le hab\u00eda visto por \u00faltima vez una semana antes de su muerte, en el \u201casfixiante\u201d departamento que pas\u00f3 sus \u00faltimos a\u00f1os, en la calle de Manantiales, de la colonia Chapultepec. Una reportera que fue en su busca al poco tiempo de su retorno \u2013sol\u00eda decir Elena Poniatowska que Garro era m\u00e1gica y adictiva, y ten\u00eda raz\u00f3n\u2026 No lleg\u00f3 nadie m\u00e1s esa madrugada, sino hasta la ma\u00f1ana siguiente, para concretar el sepelio en el cementerio Jardines de la Paz de Cuernavaca\u2026 Pocos familiares o personajes p\u00fablicos, entre ellos el presidente del Consejo Nacional de la Cultura y las Artes. <\/em><\/strong><\/pre>\n\n\n\n<p class=\"wp-block-paragraph\">No solamente el d\u00eda de su muerte se mostr\u00f3 el poco reconocimiento hacia la obra y la vida de Garro, en 2014 se denunci\u00f3 el olvido total. Su tumba es una m\u00e1s en el cementerio de La Paz, en Cuernavaca. Mar\u00eda Teresa Priego-Broca, en su texto \u201cLa escritora Elena Garro y su tumba sin nombre\u201d as\u00ed lo advirti\u00f3:<\/p>\n\n\n\n<pre class=\"wp-block-verse\"><em><strong>Una tumba desolada. Sin l\u00e1pida. Una tumba sin nombre en el cementerio Jardines de la Paz de Cuernavaca. (S\u00ed, de la Paz). Una cruz que nos hace pensar en los celtas, la cruz s\u00ed es linda, y est\u00e1 rodeada de un arbusto que la abraza. La hizo colocar Helena cuando muri\u00f3 su madre. Al lado hay un pinito largo y seco, \u00bfEstar\u00e1 muerto? Al pie un peque\u00f1o macetero en donde sembraron una bugambilia que se desmelena. No hay d\u00f3nde colocar flores. Una tumba atrapada de olvidos y cubierta solo con cemento. Una tumba an\u00f3nima es la \u00faltima habitaci\u00f3n terrena de una de las m\u00e1s grandes escritoras de habla hispana: Elena Garro y de su hija, la escritora y poeta Helena Paz. \u00bfC\u00f3mo es posible que una mujer que firm\u00f3 con su nombre la belleza de montones de palabras (teatro, cuento, novela, art\u00edculos period\u00edsticos) que marcaron un parte aguas en la literatura mexicana, est\u00e9 relegada a este islote sin nombre? Ella, la precursora del Realismo M\u00e1gico. Una tumba como un \u00faltimo naufragio.<\/strong><\/em><\/pre>\n\n\n\n<p class=\"wp-block-paragraph\">Siglo XXI y las mujeres siguen siendo marginadas en todo escenario, esta vez en el literario.<\/p>\n\n\n\n<p class=\"wp-block-paragraph\">Elena, la escritora mexicana que entre los reconocimientos recibidos est\u00e1n Premio Xavier Villaurrutia 1963, Premio Grijalbo 1981, Premio Bellas Artes de Narrativa Colima 1996 y Premio Sor Juana In\u00e9s de la Cruz 1996.<\/p>\n\n\n\n<p class=\"wp-block-paragraph\">Elena, la mujer que muri\u00f3 en un Hospital de Cuernavaca, Morelos.<\/p>\n\n\n\n<p class=\"wp-block-paragraph\">Elena, enterrada en silencio en un cementerio en Cuernavaca.<\/p>\n\n\n\n<p class=\"wp-block-paragraph\">Elena, la madre que en 2014 recibi\u00f3 los restos de su hija porque fueron depositados en ese mismo lugar donde ella yace.<\/p>\n\n\n\n<p class=\"wp-block-paragraph\">La tumba ya no tiene su nombre y es muy humilde<\/p>\n\n\n\n<p class=\"wp-block-paragraph\">\u00bfAlguien dejar\u00e1 hoy una flor en esa tumba?<\/p>\n\n\n\n<pre class=\"wp-block-verse has-text-align-center\"><strong><em>\u00a1Elena!\r\nLa voz viene del centro profundo de mi ombligo.\r\nHay quien vive adentro del ombligo y me llama.\r\nLa voz corre para atrapar los pies que corren\r\nentre huizaches\r\ny las manos que bailan el baile loco de los dedos locos\r\nsin pizarra, sin l\u00e1piz, sin ni\u00f1o, sin amante.\r\nMe busco. Me encuentro.<\/em><\/strong>\r\n(El llano de huizaches)\r<\/pre>\n","protected":false},"excerpt":{"rendered":"<p>Fue una mujer que hizo de la escritura una forma de respirar para sentirse viva, por eso podemos leer una gran variedad de novelas, cuentos, poemas, textos period\u00edsticos, teatro y guiones de cine firmados por ella. \u00a0<\/p>\n","protected":false},"author":3,"featured_media":31337,"comment_status":"open","ping_status":"open","sticky":false,"template":"","format":"standard","meta":{"_monsterinsights_skip_tracking":false,"footnotes":""},"categories":[693,201,202,35],"tags":[459],"class_list":["post-55076","post","type-post","status-publish","format-standard","has-post-thumbnail","category-693","category-bellas-y-airosas","category-elvira-hernandez-carballido","category-opinion","tag-opinion"],"_links":{"self":[{"href":"https:\/\/redsemlac.com\/semmexico\/wp-json\/wp\/v2\/posts\/55076","targetHints":{"allow":["GET"]}}],"collection":[{"href":"https:\/\/redsemlac.com\/semmexico\/wp-json\/wp\/v2\/posts"}],"about":[{"href":"https:\/\/redsemlac.com\/semmexico\/wp-json\/wp\/v2\/types\/post"}],"author":[{"embeddable":true,"href":"https:\/\/redsemlac.com\/semmexico\/wp-json\/wp\/v2\/users\/3"}],"replies":[{"embeddable":true,"href":"https:\/\/redsemlac.com\/semmexico\/wp-json\/wp\/v2\/comments?post=55076"}],"version-history":[{"count":0,"href":"https:\/\/redsemlac.com\/semmexico\/wp-json\/wp\/v2\/posts\/55076\/revisions"}],"wp:featuredmedia":[{"embeddable":true,"href":"https:\/\/redsemlac.com\/semmexico\/wp-json\/wp\/v2\/media\/31337"}],"wp:attachment":[{"href":"https:\/\/redsemlac.com\/semmexico\/wp-json\/wp\/v2\/media?parent=55076"}],"wp:term":[{"taxonomy":"category","embeddable":true,"href":"https:\/\/redsemlac.com\/semmexico\/wp-json\/wp\/v2\/categories?post=55076"},{"taxonomy":"post_tag","embeddable":true,"href":"https:\/\/redsemlac.com\/semmexico\/wp-json\/wp\/v2\/tags?post=55076"}],"curies":[{"name":"wp","href":"https:\/\/api.w.org\/{rel}","templated":true}]}}