{"id":55073,"date":"2022-08-24T10:11:16","date_gmt":"2022-08-24T16:11:16","guid":{"rendered":"https:\/\/redsemlac.com\/semmexico\/?p=55073"},"modified":"2023-07-21T19:12:40","modified_gmt":"2023-07-22T00:12:40","slug":"en-michoacan-van-229-casos-de-abuso-sexual-y-199-de-violacion-en-el-2022","status":"publish","type":"post","link":"https:\/\/redsemlac.com\/semmexico\/en-michoacan-van-229-casos-de-abuso-sexual-y-199-de-violacion-en-el-2022\/","title":{"rendered":"En Michoac\u00e1n van 229 casos de abuso sexual y 199 de violaci\u00f3n en el 2022"},"content":{"rendered":"\n<ul class=\"wp-block-list\"><li><strong>Lo grave de estos casos es como la cultura termina arremetiendo contra las ni\u00f1as que son v\u00edctimas de violaciones y no contra los abusadores.<\/strong><\/li><li><strong>Sigue siendo un tab\u00fa los temas de educaci\u00f3n sexual y existe ausencia de la familia en procesos tan \u201cterribles\u201d que viven en la cotidianidad.<\/strong><\/li><\/ul>\n\n\n\n<p class=\"wp-block-paragraph\"><strong>Am\u00e9rica Ju\u00e1rez Navarro<\/strong><\/p>\n\n\n\n<p class=\"wp-block-paragraph\">SemM\u00e9xico, Morelia, Michoac\u00e1n, 24 de agosto del 2022.- Eran estudiantes de segundo y tercer grado de secundaria en Michoac\u00e1n que comparten una historia com\u00fan, el abuso sexual, sin embargo, mientras una de ellas, vivi\u00f3 la invisibilizaci\u00f3n de su caso, el estigma y la protecci\u00f3n de su familia al abusador, la otra joven logr\u00f3 contar con una red de apoyo que le permiti\u00f3 denunciar los hechos.<\/p>\n\n\n\n<p class=\"wp-block-paragraph\">Los casos de estas dos menores ubicadas en los municipios de Tac\u00e1mbaro y Huiramba, forman parte de los datos de la Fiscal\u00eda General del Estado de Michoac\u00e1n, que establecen que en el 2022 se han denunciado 229 casos de abuso sexual, 199 de violaci\u00f3n, tres de violaci\u00f3n en grado de tentativa y 118 violaci\u00f3n digital a la intimidad sexual. En el 2021 cerr\u00f3 con 375 casos de abuso sexual, violaci\u00f3n 321 casos, violaci\u00f3n en grado de tentativa seis, violaci\u00f3n digital a la intimidad sexual 143.<\/p>\n\n\n\n<p class=\"wp-block-paragraph\">Los casos de las alumnas de Fernando G. (guardamos su identidad a petici\u00f3n de la parte), profesor de educaci\u00f3n de Telesecundaria en Michoac\u00e1n, forman parte de esta estad\u00edstica. El profesor accedi\u00f3 a contar estas vivencias de las que form\u00f3 parte activa en el acompa\u00f1amiento y apoyo a las menores que eran sus alumnas, as\u00ed como sus familias, donde se identifica un factor que persiste, la estigmatizaci\u00f3n de la v\u00edctima y protecci\u00f3n del abusador o abusadores.<\/p>\n\n\n\n<p class=\"wp-block-paragraph\">Revel\u00f3 que ambos casos ocurrieron a dos de sus estudiantes, que viv\u00edan en una comunidad rural, y donde una de ellas no quiso presentar denuncia, menos su familia, a diferencia de la otra joven que tuvo no solo el apoyo familiar para denunciar, sino para acudir a terapia, y adem\u00e1s de contar con una red de apoyo desde la escuela secundaria.<\/p>\n\n\n\n<p class=\"wp-block-paragraph\">El maestro de una zona rural en Tac\u00e1mbaro y Huiramba, municipios donde ocurrieron estos hechos en dos periodos diferentes, se\u00f1al\u00f3 que su informaci\u00f3n intenta ser un mensaje para lo que viven los adolescentes hoy, como profesor de telesecundarias, sostuvo que en esta etapa los adolescentes se sienten abandonados y abandonadas, pero, adem\u00e1s, sigue siendo un tab\u00fa los temas de educaci\u00f3n sexual y tambi\u00e9n una ausencia de la familia en procesos tan \u201cterribles\u201d que viven en la cotidianidad.<\/p>\n\n\n\n<p class=\"wp-block-paragraph\">Fanny a sus catorce a\u00f1os de edad empez\u00f3 dejar de asistir a las clases de educaci\u00f3n f\u00edsica, que adem\u00e1s narr\u00f3 el profesor, era una alumna destacada por su disciplina en el deporte, se aisl\u00f3, pero al paso de los d\u00edas, al ver que su uniforme le quedaba ajustado, busc\u00f3 a la mam\u00e1 de la menor para platicar con ella, sin embargo, la mam\u00e1 se rehus\u00f3 abordar a profundidad el tema.<\/p>\n\n\n\n<p class=\"wp-block-paragraph\">Fernando reconoci\u00f3 que no existen mecanismos para que desde las aulas se pueda identificar y acompa\u00f1ar en este tipo de casos donde hay violencia contra las menores, adem\u00e1s se enfrentan con la protecci\u00f3n que desde casas hace la propia familia para el abusador, fue el caso de Fanny, donde el abuso ocurri\u00f3 en su hogar y presumiblemente se comet\u00eda por parte del padre, el primero que ten\u00eda un historial de abuso contra la madre.<\/p>\n\n\n\n<p class=\"wp-block-paragraph\">\u201cEn dos meses se present\u00f3 hablar conmigo la mam\u00e1, quise hablar con ella para ver si habr\u00eda una interrupci\u00f3n del embarazo, entonces no pude hacer nada, la se\u00f1ora se cerr\u00f3 que no hab\u00eda nada que hacer\u201d, dijo, al exponer que incluso busco que pudiera la ni\u00f1a continuar con su curso desde casa, para evitar que perdiera la secundaria, pero finalmente abandon\u00f3 su educaci\u00f3n secundaria.<\/p>\n\n\n\n<p class=\"wp-block-paragraph\">Se les propuso no solo denunciar, sino tambi\u00e9n tomar terapia y buscar las estancias donde se pudiera apoyar a la menor; aun as\u00ed, no quisieron. \u201cEsa parte fue muy complicada, porque la ni\u00f1a fue abusada en su propia casa, y el abusador, sigui\u00f3 viviendo en la propia casa, el ni\u00f1o naci\u00f3 como parte de esta familia, no quisieron hacer un tratamiento para sanar esta situaci\u00f3n\u201d, mencion\u00f3, al se\u00f1alar que, en zonas rurales, la gente est\u00e1 m\u00e1s preocupada porque van a decir los dem\u00e1s, que por la propia violencia contra las menores, y que atribuy\u00f3 a la falta de formaci\u00f3n de los habitantes, en temas como son los derechos sexuales y reproductivos de las mujeres.<\/p>\n\n\n\n<p class=\"wp-block-paragraph\">A diferencia de Fanny, el otro caso ocurri\u00f3 en una zona ind\u00edgena, una de las alumnas que estaba en segundo de secundaria acudi\u00f3 a una fiesta, sin embargo, estando en el lugar, fue abusada por cinco j\u00f3venes, le dieron una bebida que despu\u00e9s se presume ten\u00eda algo, lo que le impidi\u00f3 tener consciencia de sus actos, nadie se percat\u00f3 de la situaci\u00f3n.<\/p>\n\n\n\n<p class=\"wp-block-paragraph\">\u201cPor fortuna, si se tom\u00f3 cartas en el asunto, puso denuncia, y est\u00e1n dos personas detenidas por este abuso, la autoridad propuso un arreglo, porque eran menores de edad\u201d, se\u00f1al\u00f3 al recordar que todos supieron de la situaci\u00f3n, porque adem\u00e1s grabaron un video y lo compartieron en la comunidad, por lo que la ni\u00f1a tom\u00f3 terapia, lo que le ayudo a mejorar mucho.<\/p>\n\n\n\n<p class=\"wp-block-paragraph\">Record\u00f3 que era una estudiante destacada y logr\u00f3 salir adelante, pero lo grave, dijo, fue que la comunidad \u201cinicio la transmisi\u00f3n de rumores\u201d, ella lo sab\u00eda, lo asimil\u00f3; sin embargo, lo cruel, explic\u00f3 es que uno de los j\u00f3venes tuvo problemas con ella, y la discusi\u00f3n se sali\u00f3 por el conocimiento que ten\u00eda la comunidad, y fue agresivo con ella en la escuela y la menor se derrumb\u00f3, pero este caso, declar\u00f3 fue sancionado, desde la escuela, se concili\u00f3, se trabaj\u00f3 con padres de familia de ambos y al joven se le concientiz\u00f3.<\/p>\n\n\n\n<p class=\"wp-block-paragraph\">Para el profesor, lo grave de este caso es como la cultura termina arremetiendo contra las ni\u00f1as, no contra los abusadores, que siguen en la comunidad, nadie los se\u00f1ala como a esta ni\u00f1a. La cultura que impera es complicada, en lugar de apoyar a las v\u00edctimas es arremeter contra ellas. Pese a este escenario, el profesor reconoci\u00f3 que la menor ha logrado salir, no por la comunidad, sino por su mam\u00e1 y pap\u00e1, pero es un caso excepcional, donde los padres se activan y hacen todo para que su hija salga adelante.<\/p>\n\n\n\n<p class=\"wp-block-paragraph\">SEM\/MG<\/p>\n","protected":false},"excerpt":{"rendered":"<p>Lo grave de estos casos es como la cultura termina arremetiendo contra las ni\u00f1as que son v\u00edctimas de violaciones y no contra los abusadores.<\/p>\n","protected":false},"author":3,"featured_media":55074,"comment_status":"open","ping_status":"open","sticky":false,"template":"","format":"standard","meta":{"_monsterinsights_skip_tracking":false,"footnotes":""},"categories":[693,47,48],"tags":[],"class_list":["post-55073","post","type-post","status-publish","format-standard","has-post-thumbnail","category-693","category-no-mas-impunidad","category-no-mas-impunidad-no-mas-impunidad"],"_links":{"self":[{"href":"https:\/\/redsemlac.com\/semmexico\/wp-json\/wp\/v2\/posts\/55073","targetHints":{"allow":["GET"]}}],"collection":[{"href":"https:\/\/redsemlac.com\/semmexico\/wp-json\/wp\/v2\/posts"}],"about":[{"href":"https:\/\/redsemlac.com\/semmexico\/wp-json\/wp\/v2\/types\/post"}],"author":[{"embeddable":true,"href":"https:\/\/redsemlac.com\/semmexico\/wp-json\/wp\/v2\/users\/3"}],"replies":[{"embeddable":true,"href":"https:\/\/redsemlac.com\/semmexico\/wp-json\/wp\/v2\/comments?post=55073"}],"version-history":[{"count":0,"href":"https:\/\/redsemlac.com\/semmexico\/wp-json\/wp\/v2\/posts\/55073\/revisions"}],"wp:featuredmedia":[{"embeddable":true,"href":"https:\/\/redsemlac.com\/semmexico\/wp-json\/wp\/v2\/media\/55074"}],"wp:attachment":[{"href":"https:\/\/redsemlac.com\/semmexico\/wp-json\/wp\/v2\/media?parent=55073"}],"wp:term":[{"taxonomy":"category","embeddable":true,"href":"https:\/\/redsemlac.com\/semmexico\/wp-json\/wp\/v2\/categories?post=55073"},{"taxonomy":"post_tag","embeddable":true,"href":"https:\/\/redsemlac.com\/semmexico\/wp-json\/wp\/v2\/tags?post=55073"}],"curies":[{"name":"wp","href":"https:\/\/api.w.org\/{rel}","templated":true}]}}