{"id":54985,"date":"2022-08-22T14:10:06","date_gmt":"2022-08-22T20:10:06","guid":{"rendered":"https:\/\/redsemlac.com\/semmexico\/?p=54985"},"modified":"2023-07-21T19:11:58","modified_gmt":"2023-07-22T00:11:58","slug":"la-justicia-tiene-cuentas-pendientes-con-la-sociedad-senala-el-senador-ricardo-monreal","status":"publish","type":"post","link":"https:\/\/redsemlac.com\/semmexico\/la-justicia-tiene-cuentas-pendientes-con-la-sociedad-senala-el-senador-ricardo-monreal\/","title":{"rendered":"La justicia tiene cuentas pendientes con la sociedad, se\u00f1ala el senador Ricardo Monreal"},"content":{"rendered":"\n<ul class=\"wp-block-list\"><li><strong>Los poderes judiciales de casi todos los estados est\u00e1n al servicio de los gobiernos en turno o de intereses particulares, acusa.&nbsp;<\/strong><\/li><\/ul>\n\n\n\n<ul class=\"wp-block-list\"><li><strong>En los estados los procesos en entredicho, advirti\u00f3, por su mala calidad y falta de independencia y recursos. <\/strong><strong>&nbsp;<\/strong><strong><\/strong><\/li><\/ul>\n\n\n\n<p class=\"wp-block-paragraph\"><strong>Redacci\u00f3n<\/strong><\/p>\n\n\n\n<p class=\"wp-block-paragraph\">SemM\u00e9xico, Ciudad de M\u00e9xico, 22 de agosto del 2022.- El coordinador parlamentario de Morena, Ricardo Monreal \u00c1vila, hizo un llamado para que en la impartici\u00f3n de justicia se respeten, de manera estricta, la presunci\u00f3n de inocencia y el debido proceso.&nbsp;<\/p>\n\n\n\n<p class=\"wp-block-paragraph\">Ello lo dijo tras la detenci\u00f3n de Jes\u00fas Murillo Karam, ex procurador de justicia de la naci\u00f3n y quien estuvo a cargo de las investigaciones de la desaparici\u00f3n de 43 estudiantes normalistas en Ayotzinapa, Guerrero, asunto mundialmente conocido.<\/p>\n\n\n\n<p class=\"wp-block-paragraph\">El senador Monreal \u00c1vila, public\u00f3 un video-mensaje en redes sociales, en el que advirti\u00f3 que cuando la impartici\u00f3n de justicia es producto de arrebatos, vendettas o est\u00e1 al mejor postor, es de mala calidad, no funciona y \u201cel deterioro social camina a pasos agigantados\u201d. &nbsp;<\/p>\n\n\n\n<p class=\"wp-block-paragraph\">\u201cNo queremos eso en M\u00e9xico, la justicia tiene cuentas pendientes con la sociedad, queremos una justicia de calidad\u201d, expres\u00f3 el senador. &nbsp;<\/p>\n\n\n\n<p class=\"wp-block-paragraph\">El presidente de la Junta de Coordinaci\u00f3n Pol\u00edtica del Senado reconoci\u00f3 que, desde hace varias d\u00e9cadas, \u201cla justicia en M\u00e9xico est\u00e1 en entredicho\u201d, pues es de mala calidad, la que se imparte en el \u00e1mbito federal \u201cse escapa un poco\u201d. &nbsp;<\/p>\n\n\n\n<p class=\"wp-block-paragraph\">Pero a nivel local, acot\u00f3, la justicia est\u00e1 subordinada a los gobiernos estatales, a sus jefaturas, en la mayor\u00eda de los casos no hay independencia ni autonom\u00eda e, incluso, no hay recursos que hagan posible la libre actuaci\u00f3n de los tribunales o de las fiscal\u00edas \u201caparentemente aut\u00f3nomas\u201d. &nbsp;<\/p>\n\n\n\n<p class=\"wp-block-paragraph\">Ricardo Monreal destac\u00f3 que en estos d\u00edas se ha suscitado pol\u00e9mica respecto a la detenci\u00f3n y libertad de actores pol\u00edticos relevantes. &nbsp;<\/p>\n\n\n\n<p class=\"wp-block-paragraph\">Mi formaci\u00f3n jur\u00eddica en la UNAM, el impartir, desde hace varios a\u00f1os, clases en la Maestr\u00eda de esta Universidad, \u201cme obligan a ser muy estricto con los principios que sostienen nuestra constitucionalidad: el debido proceso y la presunci\u00f3n de inocencia.<\/p>\n\n\n\n<p class=\"wp-block-paragraph\">\u201cCuando la justicia es propia de arrebatos, cuando la justicia es propia de vendettas, cuando la justicia est\u00e1 al mejor postor, est\u00e1 como la justicia de guillotina, no funciona, la calidad de la justicia es mala y el deterioro social camina a pasos agigantados; no queremos eso en M\u00e9xico\u201d.&nbsp;<\/p>\n\n\n\n<p class=\"wp-block-paragraph\">\u201cLa justicia tiene cuentas pendientes con la sociedad. Lamentablemente, los poderes judiciales de casi todos los estados est\u00e1n al servicio de los gobiernos en turno o de intereses particulares\u201d. &nbsp;<\/p>\n\n\n\n<p class=\"wp-block-paragraph\">Y \u201cante los recientes arrestos y liberaciones, la poblaci\u00f3n exige justicia de calidad\u201d, escribi\u00f3 el senador.<\/p>\n\n\n\n<p class=\"wp-block-paragraph\">SEM\/MG<\/p>\n","protected":false},"excerpt":{"rendered":"<p>Los poderes judiciales de casi todos los estados est\u00e1n al servicio de los gobiernos en turno o de intereses particulares, acusa.\u00a0<\/p>\n","protected":false},"author":3,"featured_media":38337,"comment_status":"open","ping_status":"open","sticky":false,"template":"","format":"standard","meta":{"_monsterinsights_skip_tracking":false,"footnotes":""},"categories":[693,50],"tags":[],"class_list":["post-54985","post","type-post","status-publish","format-standard","has-post-thumbnail","category-693","category-congreso"],"_links":{"self":[{"href":"https:\/\/redsemlac.com\/semmexico\/wp-json\/wp\/v2\/posts\/54985","targetHints":{"allow":["GET"]}}],"collection":[{"href":"https:\/\/redsemlac.com\/semmexico\/wp-json\/wp\/v2\/posts"}],"about":[{"href":"https:\/\/redsemlac.com\/semmexico\/wp-json\/wp\/v2\/types\/post"}],"author":[{"embeddable":true,"href":"https:\/\/redsemlac.com\/semmexico\/wp-json\/wp\/v2\/users\/3"}],"replies":[{"embeddable":true,"href":"https:\/\/redsemlac.com\/semmexico\/wp-json\/wp\/v2\/comments?post=54985"}],"version-history":[{"count":0,"href":"https:\/\/redsemlac.com\/semmexico\/wp-json\/wp\/v2\/posts\/54985\/revisions"}],"wp:featuredmedia":[{"embeddable":true,"href":"https:\/\/redsemlac.com\/semmexico\/wp-json\/wp\/v2\/media\/38337"}],"wp:attachment":[{"href":"https:\/\/redsemlac.com\/semmexico\/wp-json\/wp\/v2\/media?parent=54985"}],"wp:term":[{"taxonomy":"category","embeddable":true,"href":"https:\/\/redsemlac.com\/semmexico\/wp-json\/wp\/v2\/categories?post=54985"},{"taxonomy":"post_tag","embeddable":true,"href":"https:\/\/redsemlac.com\/semmexico\/wp-json\/wp\/v2\/tags?post=54985"}],"curies":[{"name":"wp","href":"https:\/\/api.w.org\/{rel}","templated":true}]}}