{"id":54979,"date":"2022-08-22T14:05:46","date_gmt":"2022-08-22T20:05:46","guid":{"rendered":"https:\/\/redsemlac.com\/semmexico\/?p=54979"},"modified":"2023-07-21T19:11:58","modified_gmt":"2023-07-22T00:11:58","slug":"al-grito-de-un-deudor-no-sera-legislador-ni-gobernador-feministas-clausuraron-simbolicamente-la-cndh-y-van-a-la-scjn","status":"publish","type":"post","link":"https:\/\/redsemlac.com\/semmexico\/al-grito-de-un-deudor-no-sera-legislador-ni-gobernador-feministas-clausuraron-simbolicamente-la-cndh-y-van-a-la-scjn\/","title":{"rendered":"Al grito de \u201cUn deudor no ser\u00e1 legislador, ni gobernador\u201d, feministas clausuraron simb\u00f3licamente la CNDH y van a la SCJN"},"content":{"rendered":"\n<ul class=\"wp-block-list\"><li><strong>Llaman a integrantes de la Corte a sostener las reformas de la ley 3 de 3 contra la violencia.<\/strong><\/li><li><strong>Marchan por el primer cuadro de CdMx con tendederos de fotograf\u00edas de funcionarios y legisladores que no pagan alimentos.<\/strong><\/li><\/ul>\n\n\n\n<p class=\"wp-block-paragraph\"><strong>Libertad L\u00f3pez<\/strong><\/p>\n\n\n\n<p class=\"wp-block-paragraph\">SemM\u00e9xico, Ciudad de M\u00e9xico, 22 de agosto del 2022.- Colectivas feministas tomaron las calles del Centro de la capital, con el grito de \u00ab\u00a1Un deudor no ser\u00e1 legislador ni gobernador!\u00bb, y clausuraron simb\u00f3licamente la sede de la Comisi\u00f3n Nacional de Derechos Humanos CNDH, ubicada en Calle Cuba 60.<\/p>\n\n\n\n<p class=\"wp-block-paragraph\">En marcha festiva, m\u00e1s tarde, entregaron en la Suprema Corte de Justicia de la Naci\u00f3n (SCJN) un documento que respalda las reformas que impiden que hombres deudores de pensi\u00f3n alimenticia dentro de la campa\u00f1a 3 de 3 contra la violencia, que fueron impugnadas por la CNDH, sean servidores p\u00fablicos.<\/p>\n\n\n\n<p class=\"wp-block-paragraph\">La jornada feminista inici\u00f3 esta ma\u00f1ana&nbsp; en&nbsp; la calle de Cuba del Centro Hist\u00f3rico,&nbsp; donde est\u00e1 un edificio alterno&nbsp; de la CNDH, y ah\u00ed hicieron cuestionamientos a la acci\u00f3n de inconstitucionalidad que su titular, Rosario Piedra Ibarra, que present\u00f3 ante la SCJN para que se elimine la prohibici\u00f3n de que deudores de pensi\u00f3n alimenticia puedan acceder a diversos cargos por elecci\u00f3n popular o designaci\u00f3n, que ya se aprobaron en Yucat\u00e1n e Hidalgo.<\/p>\n\n\n<div class=\"wp-block-image\">\n<figure class=\"aligncenter size-full\"><a href=\"https:\/\/redsemlac.com\/semmexico\/wp-content\/uploads\/2022\/08\/clausuran.jpg\"><img loading=\"lazy\" decoding=\"async\" width=\"627\" height=\"1024\" src=\"https:\/\/redsemlac.com\/semmexico\/wp-content\/uploads\/2022\/08\/clausuran.jpg\" alt=\"\" class=\"wp-image-54980\"\/><\/a><\/figure>\n<\/div>\n\n\n<p class=\"wp-block-paragraph\">\u00abNo queremos piedras en el camino para la ley 3 de 3 que garantiza que ning\u00fan agresor tendr\u00e1 poder\u00bb,&nbsp; manifest\u00f3 Yndira Sandoval de la colectiva Las Constituyentes, impulsora de los lineamientos que el Instituto Nacional Electoral INE aplic\u00f3 en las elecciones de 2021 y 2022 y que incluye la exclusi\u00f3n electoral de violentadores sexuales y dom\u00e9sticos, y omisos en sus obligaciones de alimentos para sus hijos e hijas.<\/p>\n\n\n\n<p class=\"wp-block-paragraph\">Establecieron moment\u00e1neamente un plant\u00f3n en la sede de la CNDH, que se acompa\u00f1\u00f3 de un tendedero de fotograf\u00edas de presuntos deudores de pensi\u00f3n que dejaron de apoyar la alimentaci\u00f3n de sus hijos e hijas y entre los que figuran funcionarios, integrantes de partidos pol\u00edticos o legisladores. Cabe recalcar que hace un a\u00f1o, una investigaci\u00f3n period\u00edstica encontr\u00f3 87 legisladores deudores de alimentos.<\/p>\n\n\n\n<figure class=\"wp-block-video\"><video height=\"360\" style=\"aspect-ratio: 640 \/ 360;\" width=\"640\" controls src=\"https:\/\/redsemlac.com\/semmexico\/wp-content\/uploads\/2022\/08\/Postura-Frontal.mp4\"><\/video><\/figure>\n\n\n\n<p class=\"wp-block-paragraph\">La dirigente y feminista Karen Quiroga, lament\u00f3 que sea la presidenta de la CNDH quien ahora pretenda disculpar a los padres que se niegan a participar en la crianza y manutenci\u00f3n de sus hijos y de sus hijas menores de 18 a\u00f1os; ella record\u00f3 p\u00fablicamente que se solicit\u00f3 la semana pasado al Senado de la Rep\u00fablica, que haga la remoci\u00f3n de Piedra Ibarra, por no defender los derechos humanos de las infancias y de las mujeres.<\/p>\n\n\n\n<p class=\"wp-block-paragraph\">Luego de hacer la clausura simb\u00f3lica de la sede de la CNDH, las activistas marcharon hacia la Suprema Corte&nbsp; de Justicia de la Naci\u00f3n, a un lado de Palacio Nacional, en la que volvieron a desplegar el tendedero de im\u00e1genes de deudores e hicieron un llamado a las y &nbsp;los 11 ministros para que respalden las leyes 3 de 3 contra la violencia, que actualmente avanzan en 9 entidades del pa\u00eds.<\/p>\n\n\n\n<p class=\"wp-block-paragraph\">En su turno, la ex diputada federal de Morena, Lorena Villavicencio, integrante de la colectiva Rebeldes con Causa, destac\u00f3 como incomprensible que ahora se busque desde la CNDH retroceder en una legislaci\u00f3n que permite desnormalizar la irresponsabilidad de los padres que no pagan pensi\u00f3n. M\u00e1s de 45 mil ni\u00f1as y ni\u00f1os est\u00e1n en esa situaci\u00f3n.<\/p>\n\n\n\n<p class=\"wp-block-paragraph\">Diana Luz V\u00e1zquez Ruiz, promotora de Ley Sabina que busca una reforma para que exista un padr\u00f3n federal de deudores, anunci\u00f3 que exigir\u00e1n que todos los aspirantes a cargos de elecci\u00f3n popular se definan sobre la 3 de 3 y se comprometan a cumplirla.<\/p>\n\n\n\n<p class=\"wp-block-paragraph\">Yndira Sandoval advirti\u00f3 que \u00abla ley 3 de 3 descarta corcholatas, porque no habr\u00e1 ning\u00fan prestigio que alcance cuando se trate de agresores\u00bb, &nbsp;advirti\u00f3 que las mujeres organizadas frenar\u00e1n su llegada al poder.<\/p>\n\n\n\n<p class=\"wp-block-paragraph\">Con el respaldo de mil 350 firmas de organizaciones, colectivas, acad\u00e9micas y feministas, &nbsp;se entreg\u00f3 en la sede de la Corte el <em>amicus curiae<\/em>, como se le denomina al documento de respaldo a una ley cuando es materia de alg\u00fan litigio constitucional.<\/p>\n\n\n\n<p class=\"wp-block-paragraph\">El recurso va dirigido particularmente al ministro Alberto P\u00e9rez Day\u00e1n, a quien ya fue turnada la acci\u00f3n de inconstitucionalidad de la presidenta de la CNDH, contra le reforma de Yucat\u00e1n.<\/p>\n\n\n\n<p class=\"wp-block-paragraph\">A las protestas se sumaron activistas de la &nbsp;Ciudad de M\u00e9xico, &nbsp;Quer\u00e9taro, Coahuila, Oaxaca, Morelos, Estado de M\u00e9xico y Michoac\u00e1n.<\/p>\n\n\n\n<p class=\"wp-block-paragraph\">SEM\/MG<\/p>\n","protected":false},"excerpt":{"rendered":"<p>Llaman a integrantes de la Corte a sostener las reformas de la ley 3 de 3 contra la violencia.<\/p>\n","protected":false},"author":3,"featured_media":54981,"comment_status":"open","ping_status":"open","sticky":false,"template":"","format":"standard","meta":{"_monsterinsights_skip_tracking":false,"footnotes":""},"categories":[693,54],"tags":[],"class_list":["post-54979","post","type-post","status-publish","format-standard","has-post-thumbnail","category-693","category-mujeres"],"_links":{"self":[{"href":"https:\/\/redsemlac.com\/semmexico\/wp-json\/wp\/v2\/posts\/54979","targetHints":{"allow":["GET"]}}],"collection":[{"href":"https:\/\/redsemlac.com\/semmexico\/wp-json\/wp\/v2\/posts"}],"about":[{"href":"https:\/\/redsemlac.com\/semmexico\/wp-json\/wp\/v2\/types\/post"}],"author":[{"embeddable":true,"href":"https:\/\/redsemlac.com\/semmexico\/wp-json\/wp\/v2\/users\/3"}],"replies":[{"embeddable":true,"href":"https:\/\/redsemlac.com\/semmexico\/wp-json\/wp\/v2\/comments?post=54979"}],"version-history":[{"count":0,"href":"https:\/\/redsemlac.com\/semmexico\/wp-json\/wp\/v2\/posts\/54979\/revisions"}],"wp:featuredmedia":[{"embeddable":true,"href":"https:\/\/redsemlac.com\/semmexico\/wp-json\/wp\/v2\/media\/54981"}],"wp:attachment":[{"href":"https:\/\/redsemlac.com\/semmexico\/wp-json\/wp\/v2\/media?parent=54979"}],"wp:term":[{"taxonomy":"category","embeddable":true,"href":"https:\/\/redsemlac.com\/semmexico\/wp-json\/wp\/v2\/categories?post=54979"},{"taxonomy":"post_tag","embeddable":true,"href":"https:\/\/redsemlac.com\/semmexico\/wp-json\/wp\/v2\/tags?post=54979"}],"curies":[{"name":"wp","href":"https:\/\/api.w.org\/{rel}","templated":true}]}}