{"id":54976,"date":"2022-08-22T13:43:44","date_gmt":"2022-08-22T19:43:44","guid":{"rendered":"https:\/\/redsemlac.com\/semmexico\/?p=54976"},"modified":"2023-07-21T19:11:59","modified_gmt":"2023-07-22T00:11:59","slug":"ivette-recortar-no-es-disenar-artesanas-oaxaquenas-denuncian-plagio-de-la-marca-creada-por-esposa-del-gobernador","status":"publish","type":"post","link":"https:\/\/redsemlac.com\/semmexico\/ivette-recortar-no-es-disenar-artesanas-oaxaquenas-denuncian-plagio-de-la-marca-creada-por-esposa-del-gobernador\/","title":{"rendered":"\u00abIvette, recortar no es dise\u00f1ar\u00bb: artesanas oaxaque\u00f1as denuncian plagio de la marca creada por esposa del gobernador"},"content":{"rendered":"\n<ul class=\"wp-block-list\"><li><strong>Ivette Mor\u00e1n aprovech\u00f3 el Mercedes-Benz Fashion Week para presentar la reciente colecci\u00f3n de su marca Moravy.<\/strong><\/li><li><strong>\u201cLe queremos decir que est\u00e1 saqueando Oaxaca, que est\u00e1 haciendo una competencia desleal\u201d, dijo la representante de Colectivas Texturas de Oaxaca.<\/strong><\/li><\/ul>\n\n\n\n<p class=\"wp-block-paragraph\"><strong>Redacci\u00f3n<\/strong><\/p>\n\n\n\n<p class=\"wp-block-paragraph\">SemM\u00e9xico\/El Sol de M\u00e9xico, Ciudad de M\u00e9xico, 22 de agosto del 2022.- Entre gritos y pancartas de \u201cIvette, recortar no es dise\u00f1ar\u201d y \u201cnuestra cultura no cabe en tus aparadores\u201d, artesanas de Oaxaca tomaron las calles para denunciar la apropiaci\u00f3n cultural de la marca Moravy, creada y dise\u00f1ada por Ivette Mor\u00e1n, esposa del gobernador, Alejandro Murat.<\/p>\n\n\n\n<p class=\"wp-block-paragraph\">La presidenta honoraria del Sistema Estatal para el Desarrollo Integral de la Familia (DIF) de Oaxaca present\u00f3 la colecci\u00f3n de Moravy durante el Mercedes-Benz Fashion Week, que por primera vez tuvo a este estado como sede, del 17 al 20 de agosto.<\/p>\n\n\n\n<p class=\"wp-block-paragraph\">La respuesta de las artesanas fue improvisar una pasarela alterna en el andador tur\u00edstico de la capital oaxaque\u00f1a para mostrar los \u00abdise\u00f1os originales\u00bb de las prendas que portan mujeres y hombres en las comunidades ind\u00edgenas del sur de M\u00e9xico.<\/p>\n\n\n\n<p class=\"wp-block-paragraph\">Adem\u00e1s, calificaron a estas prendas de presuntos plagio y mutilaci\u00f3n, pues se\u00f1alaron que Mor\u00e1n recorta prendas tradicionales para confeccionar ropa de moda.<\/p>\n\n\n\n<p class=\"wp-block-paragraph\">Tambi\u00e9n acusaron a la esposa del gobernador de utilizar eventos p\u00fablicos para promocionar su nueva marca de ropa y presentarse como dise\u00f1adora.<\/p>\n\n\n\n<p class=\"wp-block-paragraph\">\u201cLe queremos decir que est\u00e1 saqueando Oaxaca, que est\u00e1 haciendo una competencia desleal\u201d, dijo a EFE la representante de Colectivas Texturas de Oaxaca, quien prefiri\u00f3 omitir su nombre por temor a represalias.<\/p>\n\n\n\n<p class=\"wp-block-paragraph\">La artesana oaxaque\u00f1a agreg\u00f3 que \u201cse est\u00e1 sosteniendo su comercializaci\u00f3n de textiles en el recurso p\u00fablico, cuando hay necesidades apremiantes\u201d, lo cual calific\u00f3 como \u201cun insulto\u00bb, al traer aqu\u00ed un festival de moda \u00abestando el estado (de Oaxaca) como est\u00e1\u201d.<\/p>\n\n\n\n<p class=\"wp-block-paragraph\">Otra de las mujeres oaxaque\u00f1as del colectivo Emprendimiento Yalalteca, quien tambi\u00e9n pidi\u00f3 omitir su nombre, critic\u00f3 de injusticia la apropiaci\u00f3n de los dise\u00f1os que aprendieron estas artesanas desde ni\u00f1as, como parte de una herencia de sus ancestros.<\/p>\n\n\n\n<p class=\"wp-block-paragraph\">\u201cDesde ni\u00f1a empec\u00e9 a bordar, mi pap\u00e1, mi abuelo, y no es justo que venga una se\u00f1ora a tomar nuestra cultura. Lo que hizo con nuestros huipiles, que present\u00f3 todos mutilados y recortados, son una total falta de respeto porque nuestra ropa tiene historia\u201d, expres\u00f3 una de las mujeres, nativa de la sierra de Ju\u00e1rez, al norte de Oaxaca.<\/p>\n\n\n\n<p class=\"wp-block-paragraph\">Aunque las protestantes ironizaron al gobernador de Oaxaca y su esposa con m\u00e1scaras y un grupo realiz\u00f3 pintas a la fachada de la plaza San Jer\u00f3nimo, donde se ubica la tienda de Mor\u00e1n, la presencia de la polic\u00eda fue discreta y se mantuvo al margen de las manifestaciones.<\/p>\n\n\n\n<p class=\"wp-block-paragraph\">Estas denuncias por un presunto plagio a las prendas originarias de Oaxaca no son las primeras que defienden las mujeres mexicanas, pues tambi\u00e9n han levantado la voz contra los dise\u00f1os de marcas como Levi\u2019s y Zimmermann por hipot\u00e9ticos casos de apropiaci\u00f3n y plagio de dise\u00f1os considerados \u00absagrados\u00bb.<\/p>\n\n\n\n<p class=\"wp-block-paragraph\">En su oportunidad, el gobernador de Oaxaca revir\u00f3 que el festival Mercedes-Benz Fashion Week no era financiado ni promovido con recursos del gobierno estatal que administra.<\/p>\n\n\n\n<p class=\"wp-block-paragraph\">\u201cQuiero dejar en claro que este evento no lo trajo el estado, ni gobierno, fue una iniciativa de ellos venir a Oaxaca porque reconocen y respetan lo grande que es el dise\u00f1o, los artesanos y las artesanas que generan los textiles\u00bb, recalc\u00f3 Murat en la puerta del Centro Gastron\u00f3mico, donde se hizo una presentaci\u00f3n de los platillos t\u00edpicos de Oaxaca.<\/p>\n\n\n\n<p class=\"wp-block-paragraph\">Por otro lado, entre las pasarelas realizadas durante estos tres d\u00edas, destaca la presencia del cantante colombiano Maluma, quien este s\u00e1bado agradeci\u00f3 el apoyo en su carrera y present\u00f3 su marca de mezcal \u201cContra Luz\u201d, fabricado con agaves oaxaque\u00f1os.<\/p>\n\n\n\n<p class=\"wp-block-paragraph\">\u201cAgradecer al pueblo mexicano por el cari\u00f1o que me han dado desde el inicio de mi carrera\u201d, expres\u00f3 Maluma al comienzo de la presentaci\u00f3n de piezas textiles de la dise\u00f1adora Kris Goyri.<\/p>\n\n\n\n<p class=\"wp-block-paragraph\">SEM\/MG<\/p>\n\n\n\n<p class=\"has-small-font-size wp-block-paragraph\">Fotos: Instagram Ivette Murat | Moravy<\/p>\n","protected":false},"excerpt":{"rendered":"<p>Ivette Mor\u00e1n aprovech\u00f3 el Mercedes-Benz Fashion Week para presentar la reciente colecci\u00f3n de su marca Moravy.<\/p>\n","protected":false},"author":3,"featured_media":54977,"comment_status":"open","ping_status":"open","sticky":false,"template":"","format":"standard","meta":{"_monsterinsights_skip_tracking":false,"footnotes":""},"categories":[693,54],"tags":[],"class_list":["post-54976","post","type-post","status-publish","format-standard","has-post-thumbnail","category-693","category-mujeres"],"_links":{"self":[{"href":"https:\/\/redsemlac.com\/semmexico\/wp-json\/wp\/v2\/posts\/54976","targetHints":{"allow":["GET"]}}],"collection":[{"href":"https:\/\/redsemlac.com\/semmexico\/wp-json\/wp\/v2\/posts"}],"about":[{"href":"https:\/\/redsemlac.com\/semmexico\/wp-json\/wp\/v2\/types\/post"}],"author":[{"embeddable":true,"href":"https:\/\/redsemlac.com\/semmexico\/wp-json\/wp\/v2\/users\/3"}],"replies":[{"embeddable":true,"href":"https:\/\/redsemlac.com\/semmexico\/wp-json\/wp\/v2\/comments?post=54976"}],"version-history":[{"count":0,"href":"https:\/\/redsemlac.com\/semmexico\/wp-json\/wp\/v2\/posts\/54976\/revisions"}],"wp:featuredmedia":[{"embeddable":true,"href":"https:\/\/redsemlac.com\/semmexico\/wp-json\/wp\/v2\/media\/54977"}],"wp:attachment":[{"href":"https:\/\/redsemlac.com\/semmexico\/wp-json\/wp\/v2\/media?parent=54976"}],"wp:term":[{"taxonomy":"category","embeddable":true,"href":"https:\/\/redsemlac.com\/semmexico\/wp-json\/wp\/v2\/categories?post=54976"},{"taxonomy":"post_tag","embeddable":true,"href":"https:\/\/redsemlac.com\/semmexico\/wp-json\/wp\/v2\/tags?post=54976"}],"curies":[{"name":"wp","href":"https:\/\/api.w.org\/{rel}","templated":true}]}}