{"id":54965,"date":"2022-08-22T13:18:49","date_gmt":"2022-08-22T19:18:49","guid":{"rendered":"https:\/\/redsemlac.com\/semmexico\/?p=54965"},"modified":"2023-07-21T19:11:59","modified_gmt":"2023-07-22T00:11:59","slug":"el-desplazamiento-interno-forzado-una-realidad-para-las-comunidades-de-la-sierra-tarahumara-en-chihuahua","status":"publish","type":"post","link":"https:\/\/redsemlac.com\/semmexico\/el-desplazamiento-interno-forzado-una-realidad-para-las-comunidades-de-la-sierra-tarahumara-en-chihuahua\/","title":{"rendered":"El Desplazamiento Interno Forzado: una realidad para las comunidades de la Sierra Tarahumara en Chihuahua"},"content":{"rendered":"\n<ul class=\"wp-block-list\"><li><strong>385 mil personas desplazadas por la violencia en M\u00e9xico.<\/strong><\/li><li><strong>Comisi\u00f3n Ejecutiva de Atenci\u00f3n a V\u00edctimas del Estado redujo en m\u00e1s del 80 por ciento los apoyos en este gobierno.<\/strong><\/li><\/ul>\n\n\n\n<p class=\"wp-block-paragraph\"><strong>Redacci\u00f3n<\/strong><\/p>\n\n\n\n<p class=\"wp-block-paragraph\">SemM\u00e9xico\/PBI*, Ciudad de M\u00e9xico, 22 de agosto del 2022.- En M\u00e9xico miles de familias se ven obligadas a abandonar sus comunidades a causa de la violencia y las violaciones sistem\u00e1ticas a sus derechos humanos. Solo entre 2006 y 2021 m\u00e1s de&nbsp;385 mil personas&nbsp;fueron desplazadas por la violencia en M\u00e9xico.&nbsp;El estado fronterizo de Chihuahua, en el norte del pa\u00eds no ha sido la excepci\u00f3n y sigue aumentando de manera sistem\u00e1tica cada a\u00f1o, destacando por la existencia de desplazamientos masivos en diferentes municipios del Estado.<\/p>\n\n\n\n<p class=\"wp-block-paragraph\">\u201cNos quisieron matar, iban a matarnos y a quitarnos las cosas, se aprovecharon de todo, todo se llevaron, salimos corriendo al cerro y ah\u00ed nos estuvimos hasta que nos vinimos para ac\u00e1\u201d la historia de Manuel, a quien llamaremos as\u00ed por su seguridad, es la de muchas personas en las comunidades de la Sierra Tarahumara en Chihuahua, inmersa en lo profundo de las monta\u00f1as de la Sierra Madre Occidental en el noreste de M\u00e9xico.<\/p>\n\n\n\n<p class=\"wp-block-paragraph\">Esta regi\u00f3n ha sido hist\u00f3ricamente habitada por numerosas comunidades ind\u00edgenas, principalmente Rar\u00e1muri y \u00d3dami, y se ha caracterizado por una riqueza de bienes naturales, que seg\u00fan organizaciones de la sociedad civil que acompa\u00f1an a estas comunidades, la ha convertido en un territorio de inter\u00e9s para numerosos grupos delictivos, dedicados a pr\u00e1cticas econ\u00f3micas ilegales. El saqueo del territorio, la violencia e inseguridad constante se ha combinado con una ausencia de garant\u00edas b\u00e1sicas como salud, educaci\u00f3n y oportunidades laborales, obligando a numerosas personas a desplazarse forzadamente, abandonando sus hogares y su territorio ancestral en busca de salvaguardar su vida y encontrar condiciones dignas para vivir.<\/p>\n\n\n\n<figure class=\"wp-block-image size-large\"><a href=\"https:\/\/redsemlac.com\/semmexico\/wp-content\/uploads\/2022\/08\/desplazados-2.jpg\"><img decoding=\"async\" src=\"https:\/\/redsemlac.com\/semmexico\/wp-content\/uploads\/2022\/08\/desplazados-2-1024x683.jpg\" alt=\"\" class=\"wp-image-54967\"\/><\/a><\/figure>\n\n\n\n<p class=\"wp-block-paragraph\">Seg\u00fan la Comisi\u00f3n Mexicana de Defensa y Promoci\u00f3n de los Derechos Humanos (CMDPDH), el contexto de violencia relacionado con la actuaci\u00f3n de los c\u00e1rteles y los conflictos pol\u00edticos, sociales y territoriales evidencian una ausencia del Estado o al menos su omisi\u00f3n e incapacidad de generar condiciones de seguridad y evitar nuevos desplazamientos en regiones como Chihuahua, generando que comunidades completas se encuentren en situaci\u00f3n de desplazamiento prolongado.1<\/p>\n\n\n\n<p class=\"wp-block-paragraph\">Manuel, originario de la comunidad El Manzano, ubicada en el municipio de Uruachi, nos comenta que los motivos que lo llevaron a \u00e9l y su familia a huir en el a\u00f1o 2015, fueron las constantes amenazas, intentos de asesinato y el miedo recurrente por la inseguridad latente que los grupos del crimen organizado generan en la zona:<\/p>\n\n\n\n<pre class=\"wp-block-verse\"><em>\u201cYa ten\u00edan rato amenaz\u00e1ndonos de que, si no entrabamos con ellos, nos iban a correr, sufrimos muchas amenazas (\u2026) desde que nosotros salimos, han salido m\u00e1s, pero de los que estamos as\u00ed, no m\u00e1s somos nosotros los que hemos denunciado, ya casi queda todo solo ah\u00ed (en El Manzano)\u201d.&nbsp;<\/em><\/pre>\n\n\n\n<p class=\"wp-block-paragraph\">El Manzano, as\u00ed como Monterde en Guazapares, son dos de las comunidades serranas que se han visto seriamente afectadas por el desplazamiento forzado y que desde que se produjo su primer desplazamiento, hace siete a\u00f1os, han sido acompa\u00f1adas por la Organizaci\u00f3n Civil Consultor\u00eda T\u00e9cnica Comunitaria A.C (CONTEC) y el Centro de Derechos Humanos de las Mujeres A.C.(CEDEHM). Estas comunidades integran un colectivo de m\u00e1s de 90 personas en situaci\u00f3n de desplazamiento en la ciudad de Chihuahua.<\/p>\n\n\n\n<figure class=\"wp-block-image size-large\"><a href=\"https:\/\/redsemlac.com\/semmexico\/wp-content\/uploads\/2022\/08\/desplazdos-1.jpg\"><img decoding=\"async\" src=\"https:\/\/redsemlac.com\/semmexico\/wp-content\/uploads\/2022\/08\/desplazdos-1-1024x683.jpg\" alt=\"\" class=\"wp-image-54968\"\/><\/a><\/figure>\n\n\n\n<p class=\"wp-block-paragraph\">Las casusas del desplazamiento en la Sierra no son nuevas y, por el contrario, se han venido agravando con el tiempo. Cuenta de esto fueron las medidas cautelares otorgadas por la Comisi\u00f3n Interamericana de Derechos Humanos (CIDH) en el a\u00f1o 2015, para preservar la vida e integridad de miembros de la comunidad ind\u00edgena de El Manzano. A pesar de esto, entre 2015 y 2019, tres personas fueron asesinadas.<\/p>\n\n\n\n<p class=\"wp-block-paragraph\">Las zonas en donde se concentra la poblaci\u00f3n desplazada son principalmente en Guachochi, Baborigame, Guadalupe y Calvo, Hidalgo de Parral, Cuauht\u00e9moc y la ciudad Chihuahua seg\u00fan han identificado organizaciones como CONTEC A.C.<\/p>\n\n\n\n<p class=\"wp-block-paragraph\">Para las personas ind\u00edgenas el desplazamiento forzado implica, adem\u00e1s de una p\u00e9rdida patrimonial, la p\u00e9rdida de lazos comunitarios, la red de apoyo social, as\u00ed como las pr\u00e1cticas sociales y culturales de base asociadas a su territorio ancestral. Manuel relat\u00f3 que la adaptaci\u00f3n a un contexto tan diverso sigue siendo complicado y que la esperanza de retornar a su territorio no la pierden a\u00fan: \u201cExtra\u00f1o mucho la vida en mi comunidad; recuerdo a mi se\u00f1ora preparar las tortillas, los frijoles y el caf\u00e9. Mis hijos y yo trabaj\u00e1bamos en la madera, ten\u00edamos una \u201ctroca\u201d en la que transport\u00e1bamos la le\u00f1a; hab\u00eda mucho trabajo\u201d.<\/p>\n\n\n\n<p class=\"wp-block-paragraph\">Para estas familias desplazarse a la ciudad, no solo supone el abandono de sus territorios, sino emprender una lucha por el reconocimiento de sus derechos y el acceso a la justicia. Seg\u00fan CONTEC A.C el reconocimiento como v\u00edctimas de las personas desplazadas es uno de los principales obst\u00e1culos a los que se enfrentan. La Ley General de Victimas exige la denuncia como un requisito para su reconocimiento, y la realidad a la que se enfrentan muchas de las personas en situaci\u00f3n de desplazamiento en Chihuahua, est\u00e1 marcada por el temor a denunciar por miedo a que existan represalias.<\/p>\n\n\n\n<figure class=\"wp-block-image size-large\"><a href=\"https:\/\/redsemlac.com\/semmexico\/wp-content\/uploads\/2022\/08\/desplazados-3.jpg\"><img decoding=\"async\" src=\"https:\/\/redsemlac.com\/semmexico\/wp-content\/uploads\/2022\/08\/desplazados-3-1024x683.jpg\" alt=\"\" class=\"wp-image-54969\"\/><\/a><\/figure>\n\n\n\n<p class=\"wp-block-paragraph\">Adem\u00e1s, tal como se desprende de las&nbsp;recomendaciones&nbsp;emitidas por la Comisi\u00f3n Nacional de Derechos Humanos (CNDH) en mayo de 2022, hubo omisiones por parte de las autoridades responsables para proporcionar a las comunidades desplazadas de El Manzano y Monterde un ambiente seguro en el que vivir y desarrollarse plenamente y se\u00f1ala las irregularidades en las investigaciones de los delitos que obligaron a estas familias a huir. As\u00ed mismo, se reconoce el desplazamiento forzado como una consecuencia de la inseguridad y la violencia que enfrenta el estado. Ante esto, se emitieron una serie de recomendaciones al Gobierno del Estado para la reparaci\u00f3n del da\u00f1o a v\u00edctimas de desplazamiento interno forzado de 120 personas cuyos derechos humanos fueron vulnerados.<\/p>\n\n\n\n<figure class=\"wp-block-image size-large\"><a href=\"https:\/\/redsemlac.com\/semmexico\/wp-content\/uploads\/2022\/08\/desplazados-4.jpg\"><img decoding=\"async\" src=\"https:\/\/redsemlac.com\/semmexico\/wp-content\/uploads\/2022\/08\/desplazados-4-1024x683.jpg\" alt=\"\" class=\"wp-image-54970\"\/><\/a><\/figure>\n\n\n\n<p class=\"wp-block-paragraph\">Las omisiones que reconoce la CNDH est\u00e1n relacionadas de igual manera con la atenci\u00f3n a las v\u00edctimas despu\u00e9s de ocurridos los hechos. Lamentablemente entre los numerosos obst\u00e1culos que han de confrontar las personas ind\u00edgenas desplazadas, est\u00e1 la falta de atenci\u00f3n por parte de las autoridades encargadas y el reconocimiento de sus derechos por parte de la institucionalidad como ha destacado CONTEC A.C, adem\u00e1s se enfrentan a situaciones de discriminaci\u00f3n y criminalizaci\u00f3n como sucede con las comunidades de la sierra Tarahumara.<\/p>\n\n\n\n<p class=\"wp-block-paragraph\">Junto a la organizaci\u00f3n CONTEC A.C., el colectivo de personas desplazadas de El Manzano y Monterde han sostenido una lucha legal para exigir a las autoridades ser reconocidos como v\u00edctimas y que se garantice una calidad de vida digna para las familias desplazadas. Y a pesar de que las familias de El Manzano tienen las medidas cautelares otorgadas por la CIDH, en 2022 la Comisi\u00f3n Ejecutiva de Atenci\u00f3n a V\u00edctimas del Estado (CEAVE), redujo en m\u00e1s del 80 por ciento los apoyos humanitarios que recib\u00edan el colectivo de personas desplazadas de El Manzano y Monterde durante los primeros seis meses del 2022. 2<\/p>\n\n\n\n<h2 class=\"wp-block-heading\"><strong>Manuel asegura que esta lucha no ha sido sencilla:<\/strong><\/h2>\n\n\n\n<pre class=\"wp-block-verse\"><em>\u201cPues dif\u00edcil s\u00ed ha sido, uno en primer lugar no anda a gusto, luego si de repente que te digan no ya no hay apoyo, no hay nada, pues ya que va a hacer uno (\u2026) por una parte me siento a gusto aqu\u00ed, mi familia se halla conmigo. No obstante, me gustar\u00eda tener una casa, una tierra para sembrar algo, tener un terreno grande para tener vacas, chivas, otra vez\u201d.<\/em><\/pre>\n\n\n\n<p class=\"wp-block-paragraph\">En cuanto a la atenci\u00f3n a las v\u00edctimas organizaciones como CONTEC A.C. se\u00f1alan que, la ayuda humanitaria como acci\u00f3n primaria debe ser garantizada por parte del Estado, sin embargo no puede ser la \u00fanica, se deben atacar las causas estructurales que contribuyan a estabilizar la situaci\u00f3n en las comunidades de origen, es indispensable una renovaci\u00f3n del sistema de justicia, la construcci\u00f3n de pol\u00edticas que proporcionen condiciones de vida dignas y las autoridades tienen el deber de respaldar y asegurar el retorno digno y seguro.&nbsp;<\/p>\n\n\n\n<p class=\"wp-block-paragraph\"><em>\u201cEs una responsabilidad del Estado abordar el desplazamiento forzado interno, \u00f3rgano encargado de asegurar la seguridad y la calidad de vida de sus ciudadanos. Lo que sucede es que no se atiende el asunto desde su origen, no se nombra, y tampoco se muestra un inter\u00e9s por parte de las autoridades, que muestran una actitud de indiferencia\u201d<\/em>, afirm\u00f3 CONTEC A.C.<\/p>\n\n\n\n<figure class=\"wp-block-image size-large\"><a href=\"https:\/\/redsemlac.com\/semmexico\/wp-content\/uploads\/2022\/08\/desplazdos-2.jpg\"><img decoding=\"async\" src=\"https:\/\/redsemlac.com\/semmexico\/wp-content\/uploads\/2022\/08\/desplazdos-2-1024x683.jpg\" alt=\"\" class=\"wp-image-54971\"\/><\/a><\/figure>\n\n\n\n<p class=\"wp-block-paragraph\">A la fecha no existe en M\u00e9xico un marco normativo espec\u00edfico en materia de desplazamiento interno forzado a nivel nacional, lo que implica un vac\u00edo en torno a la distribuci\u00f3n de recursos y responsabilidades para implementar pol\u00edticas p\u00fablicas de prevenci\u00f3n y atenci\u00f3n integral a esta problem\u00e1tica.<\/p>\n\n\n\n<p class=\"wp-block-paragraph\">Desde octubre de 2021, CONTEC A.C junto con organizaciones del resto del pa\u00eds conformaron el&nbsp;Colectivo de Personas V\u00edctimas de Desplazamiento Forzado y Organizaciones Acompa\u00f1antes&nbsp;con el objetivo de visibilizar la grave crisis humanitaria del desplazamiento forzado en M\u00e9xico e impulsar la iniciativa de Ley General para Prevenir, Atender y Reparar Integralmente el Desplazamiento Forzado Interno, la cual fue aprobada por unanimidad en la c\u00e1mara de diputados, pero se encuentra congelada en el Senado de la Rep\u00fablica desde hace m\u00e1s de un a\u00f1o.<\/p>\n\n\n\n<p class=\"wp-block-paragraph\">Desde el PBI contin\u00faan visibilizando y expresando preocupaci\u00f3n a las redes de apoyo nacionales e internacionales por la situaci\u00f3n de riesgo a la que se enfrentan las comunidades desplazadas de la sierra Tarahumara y de las personas defensoras que les acompa\u00f1an en la defensa de sus derechos humanos como CONTEC A.C.<\/p>\n\n\n\n<ul class=\"has-small-font-size wp-block-list\"><li>PBI\/M\u00e9xico es una organizaci\u00f3n no gubernamental de apoyo a las y los defensores de derechos humanos, vive con donaciones internacionales de varios pa\u00edses, como Australia.<\/li><li>Comisi\u00f3n Mexicana de Defensa y Promoci\u00f3n de los Derechos Humanos, A.C. \u201cEpisodios de Desplazamiento interno Forzado Masivo en M\u00e9xico\u201d. Noviembre &nbsp;2021.<\/li><\/ul>\n\n\n\n<p class=\"has-small-font-size wp-block-paragraph\"><a href=\"https:\/\/www.cndh.org.mx\/sites\/default\/files\/documentos\/2022-05\/REC_2022_096.pdf\">https:\/\/www.cndh.org.mx\/sites\/default\/files\/documentos\/2022-05\/REC_2022_096.pdf<\/a><\/p>\n\n\n\n<ul class=\"has-small-font-size wp-block-list\"><li>En mayo de 2021 las familias desplazadas de El Manzano y Monterde, junto a CONTEC\u00a0 A.C.\u00a0 promovieron\u00a0\u00a0 un amparo ante el Juzgado segundo de Distrito que concedi\u00f3 la suspensi\u00f3n definitiva a fin de que las autoridades atendieran a las familias, garantiz\u00e1ndoles una vivienda, apoyo en alimentaci\u00f3n, educaci\u00f3n, trabajo y servicios.<\/li><li>\u00a0Fotos cedidas por la Organizaci\u00f3n civil Consultor\u00eda T\u00e9cnica Comunitaria A.C<\/li><\/ul>\n\n\n\n<p class=\"wp-block-paragraph\">SEM\/MG<\/p>\n","protected":false},"excerpt":{"rendered":"<p>385 mil personas desplazadas por la violencia en M\u00e9xico.<\/p>\n","protected":false},"author":3,"featured_media":54966,"comment_status":"open","ping_status":"open","sticky":false,"template":"","format":"standard","meta":{"_monsterinsights_skip_tracking":false,"footnotes":""},"categories":[693,47,64,48],"tags":[],"class_list":["post-54965","post","type-post","status-publish","format-standard","has-post-thumbnail","category-693","category-no-mas-impunidad","category-para-saber","category-no-mas-impunidad-no-mas-impunidad"],"_links":{"self":[{"href":"https:\/\/redsemlac.com\/semmexico\/wp-json\/wp\/v2\/posts\/54965","targetHints":{"allow":["GET"]}}],"collection":[{"href":"https:\/\/redsemlac.com\/semmexico\/wp-json\/wp\/v2\/posts"}],"about":[{"href":"https:\/\/redsemlac.com\/semmexico\/wp-json\/wp\/v2\/types\/post"}],"author":[{"embeddable":true,"href":"https:\/\/redsemlac.com\/semmexico\/wp-json\/wp\/v2\/users\/3"}],"replies":[{"embeddable":true,"href":"https:\/\/redsemlac.com\/semmexico\/wp-json\/wp\/v2\/comments?post=54965"}],"version-history":[{"count":0,"href":"https:\/\/redsemlac.com\/semmexico\/wp-json\/wp\/v2\/posts\/54965\/revisions"}],"wp:featuredmedia":[{"embeddable":true,"href":"https:\/\/redsemlac.com\/semmexico\/wp-json\/wp\/v2\/media\/54966"}],"wp:attachment":[{"href":"https:\/\/redsemlac.com\/semmexico\/wp-json\/wp\/v2\/media?parent=54965"}],"wp:term":[{"taxonomy":"category","embeddable":true,"href":"https:\/\/redsemlac.com\/semmexico\/wp-json\/wp\/v2\/categories?post=54965"},{"taxonomy":"post_tag","embeddable":true,"href":"https:\/\/redsemlac.com\/semmexico\/wp-json\/wp\/v2\/tags?post=54965"}],"curies":[{"name":"wp","href":"https:\/\/api.w.org\/{rel}","templated":true}]}}