{"id":54956,"date":"2022-08-22T12:35:19","date_gmt":"2022-08-22T18:35:19","guid":{"rendered":"https:\/\/redsemlac.com\/semmexico\/?p=54956"},"modified":"2023-07-21T19:11:59","modified_gmt":"2023-07-22T00:11:59","slug":"cuba-el-propiciar-entornos-seguros-para-la-infancia-previene-la-violencia","status":"publish","type":"post","link":"https:\/\/redsemlac.com\/semmexico\/cuba-el-propiciar-entornos-seguros-para-la-infancia-previene-la-violencia\/","title":{"rendered":"Cuba: El propiciar entornos seguros para la infancia previene la violencia"},"content":{"rendered":"\n<p class=\"wp-block-paragraph\"><strong>Redacci\u00f3n<\/strong><\/p>\n\n\n\n<p class=\"wp-block-paragraph\">SemM\u00e9xico\/SEMlac, La Habana, Cuba, 22 de agosto del 2022.- Garantizar entornos seguros para ni\u00f1as, ni\u00f1os y adolescentes es un principio decisivo para la prevenci\u00f3n del abuso y la violencia sexual infantil, ratificaron expertos en un panel virtual sobre el tema organizado por el Centro Nacional de Educaci\u00f3n Sexual (CENESEX).<\/p>\n\n\n\n<p class=\"wp-block-paragraph\">Bajo el t\u00edtulo \u00abHacia la construcci\u00f3n de espacios que protejan a la infancia de la violencia sexual\u00bb y como parte de las jornadas Hablemos de sexualidad: aprender para la vida, el panel abord\u00f3 el tema el pasado 3 de agosto desde la perspectiva del derecho, las escuelas y la participaci\u00f3n de los menores en la creaci\u00f3n de esos escenarios.<\/p>\n\n\n\n<p class=\"wp-block-paragraph\">Los entornos protectores son aquellos donde ni\u00f1os, ni\u00f1as y adolescentes est\u00e9n libres de violencia, abuso sexual y otras formas de maltrato, y pueden ser espacios f\u00edsicos, como la escuela y la comunidad, o afectivos, explic\u00f3 Yuleisky Mor\u00e9 Armas, asesor jur\u00eddico del CENESEX.<\/p>\n\n\n\n<p class=\"wp-block-paragraph\">El experto destac\u00f3 la importancia del nuevo C\u00f3digo de las Familias cubano, pr\u00f3ximo a someterse a referendo en septiembre. Al respecto, resalt\u00f3 que la normativa promueve en el seno familiar una vida libre de discriminaci\u00f3n y violencia en todas sus manifestaciones, y reconoce a los menores como sujetos de derecho, adem\u00e1s de fortalecer el principio del inter\u00e9s superior del menor.<\/p>\n\n\n\n<p class=\"wp-block-paragraph\">Sin embargo, la legislaci\u00f3n supone un reto para diferentes actores, llamados a convertirse tambi\u00e9n en entornos protectores. Puso como ejemplo a la Fiscal\u00eda, que debe desempe\u00f1ar un papel m\u00e1s activo en la salvaguarda del inter\u00e9s superior del menor, y las notar\u00edas, donde muchas veces en los conflictos no se toma en cuenta a las y los menores y existe una escasa aplicaci\u00f3n de la Convenci\u00f3n de los derechos del ni\u00f1o y de la ni\u00f1a, apunt\u00f3.<\/p>\n\n\n\n<p class=\"wp-block-paragraph\">Al papel de las escuelas hizo alusi\u00f3n la pedagoga Yoanka Rodney Rodr\u00edguez, quien precis\u00f3 que estas instituciones, debido a sus funciones, constituyen aliados en la prevenci\u00f3n del abuso infantil. \u00abLos adultos que supervisan, administran y trabajan en las escuelas tienen el deber y la responsabilidad de proporcionar a infantes y adolescentes entornos seguros y acogedores\u00bb, coment\u00f3.<\/p>\n\n\n\n<p class=\"wp-block-paragraph\">Agreg\u00f3 que esos espacios deben apoyar y promover la educaci\u00f3n de las y los menores y su desarrollo, adem\u00e1s de prepararlos para la vida como adultos responsables orientados por valores como la solidaridad, la igualdad de g\u00e9nero, la no discriminaci\u00f3n y el respeto mutuo.<\/p>\n\n\n\n<p class=\"wp-block-paragraph\">En ese camino, consider\u00f3, resulta esencial otorgarles las herramientas necesarias a las y los docentes, para que se capaciten y sepan reconocer las se\u00f1ales de abuso sexual, tengan claridad sobre c\u00f3mo actuar ante un caso y, particularmente, puedan preparar a ni\u00f1os, ni\u00f1as y adolescentes en materia de educaci\u00f3n integral de la sexualidad y, por tanto, en su autocuidado.<\/p>\n\n\n\n<p class=\"wp-block-paragraph\">\u00abEl abuso sexual es m\u00e1s probable en comunidades donde hay ausencia de educaci\u00f3n sexual intencional, sistem\u00e1tica y permanente. Si las familias y las escuelas no hablan de sexualidad, mucho menos lo har\u00e1n de&nbsp; abuso sexual\u00bb, subray\u00f3 Rodney Rodr\u00edguez.<\/p>\n\n\n\n<p class=\"wp-block-paragraph\">Signific\u00f3 que educar a ni\u00f1as, ni\u00f1os y adolescentes para que sean capaces de identificar el abuso sexual y lo comuniquen es tambi\u00e9n una forma de prevenci\u00f3n, y a\u00f1adi\u00f3 que la lucha contra ese flagelo debe concebirse como parte de una educaci\u00f3n integral de la sexualidad, que a su vez sea el producto de una pol\u00edtica institucional en torno al tema, como un derecho de la infancia y la juventud.<\/p>\n\n\n\n<p class=\"wp-block-paragraph\">Enfatiz\u00f3 en la necesidad de que las personas adultas en la escuela abran los ojos a los cambios de conducta de infantes y pongan atenci\u00f3n a las historias que puedan contar sobre el tema. Frente a la sospecha de un hecho, corresponde denunciarlo, un paso que catalog\u00f3 como una obligaci\u00f3n \u00e9tica y legal.<\/p>\n\n\n\n<p class=\"wp-block-paragraph\">SEM\/MG<\/p>\n","protected":false},"excerpt":{"rendered":"<p>Garantizar entornos seguros para ni\u00f1as, ni\u00f1os y adolescentes es un principio decisivo para la prevenci\u00f3n del abuso y la violencia sexual infantil, ratificaron expertos en un panel virtual sobre el tema organizado por el Centro Nacional de Educaci\u00f3n Sexual<\/p>\n","protected":false},"author":3,"featured_media":54957,"comment_status":"open","ping_status":"open","sticky":false,"template":"","format":"standard","meta":{"_monsterinsights_skip_tracking":false,"footnotes":""},"categories":[693,53],"tags":[],"class_list":["post-54956","post","type-post","status-publish","format-standard","has-post-thumbnail","category-693","category-internacional"],"_links":{"self":[{"href":"https:\/\/redsemlac.com\/semmexico\/wp-json\/wp\/v2\/posts\/54956","targetHints":{"allow":["GET"]}}],"collection":[{"href":"https:\/\/redsemlac.com\/semmexico\/wp-json\/wp\/v2\/posts"}],"about":[{"href":"https:\/\/redsemlac.com\/semmexico\/wp-json\/wp\/v2\/types\/post"}],"author":[{"embeddable":true,"href":"https:\/\/redsemlac.com\/semmexico\/wp-json\/wp\/v2\/users\/3"}],"replies":[{"embeddable":true,"href":"https:\/\/redsemlac.com\/semmexico\/wp-json\/wp\/v2\/comments?post=54956"}],"version-history":[{"count":0,"href":"https:\/\/redsemlac.com\/semmexico\/wp-json\/wp\/v2\/posts\/54956\/revisions"}],"wp:featuredmedia":[{"embeddable":true,"href":"https:\/\/redsemlac.com\/semmexico\/wp-json\/wp\/v2\/media\/54957"}],"wp:attachment":[{"href":"https:\/\/redsemlac.com\/semmexico\/wp-json\/wp\/v2\/media?parent=54956"}],"wp:term":[{"taxonomy":"category","embeddable":true,"href":"https:\/\/redsemlac.com\/semmexico\/wp-json\/wp\/v2\/categories?post=54956"},{"taxonomy":"post_tag","embeddable":true,"href":"https:\/\/redsemlac.com\/semmexico\/wp-json\/wp\/v2\/tags?post=54956"}],"curies":[{"name":"wp","href":"https:\/\/api.w.org\/{rel}","templated":true}]}}