{"id":54947,"date":"2022-08-22T10:14:41","date_gmt":"2022-08-22T16:14:41","guid":{"rendered":"https:\/\/redsemlac.com\/semmexico\/?p=54947"},"modified":"2023-07-21T19:11:59","modified_gmt":"2023-07-22T00:11:59","slug":"en-guerrero-van-por-reforma-sanitaria-para-garantizar-la-ile","status":"publish","type":"post","link":"https:\/\/redsemlac.com\/semmexico\/en-guerrero-van-por-reforma-sanitaria-para-garantizar-la-ile\/","title":{"rendered":"En Guerrero van por reforma sanitaria para garantizar la ILE"},"content":{"rendered":"\n<ul class=\"wp-block-list\"><li><strong>El compromiso es la erradicaci\u00f3n de la violencia contra las mujeres y dar acompa\u00f1amiento.<\/strong><\/li><li><strong>Ya no pueden juzgar ni criminalizar a una mujer que decide interrumpir su embarazo.<\/strong><\/li><\/ul>\n\n\n\n<p class=\"wp-block-paragraph\"><strong>Josefina Aguilar Pastor&nbsp;&nbsp;<\/strong><\/p>\n\n\n\n<p class=\"wp-block-paragraph\">SemM\u00e9xico, Chilpancingo, Guerrero, 22 de agosto del 2022. \u2013 La reforma sanitaria es el siguiente paso para garantizar la salud a las mujeres que deseen interrumpir su embarazo, adem\u00e1s de cumplir con las medidas de la Alerta de Violencia de G\u00e9nero por Agravio Comparado, dio a conocer la diputada local Gloria Citlalli Calixto Jim\u00e9nez, en su participaci\u00f3n en el panel denominado \u201cAlerta por agravio comparado en el estado de Guerrero, avances y desaf\u00edos en los Derechos Humanos\u201d que convoc\u00f3 la Comisi\u00f3n de los Derechos Humanos del Estado de Guerrero (CDHEG),<\/p>\n\n\n\n<p class=\"wp-block-paragraph\">La legisladora asegur\u00f3 que a dos a\u00f1os de la declaratoria de la medidas de la Alerta de Violencia de G\u00e9nero por Agravio Comparado, por parte de la Comisi\u00f3n Nacional para Prevenir y Erradicar la violencia contra de las Mujeres (CONAVIM) para el Estado de Guerrero, se ha avanzado en su cumplimiento.<\/p>\n\n\n\n<p class=\"wp-block-paragraph\">Entre los avances, mencion\u00f3 la reciente despenalizaci\u00f3n del aborto, con lo que se elimin\u00f3 por parte de la CONAVIM, el agravio comparado al Estado de Guerrero, ya que con dicha reforma, se garantiza la interrupci\u00f3n del embarazo de manera legal, segura y gratuita.<\/p>\n\n\n\n<p class=\"wp-block-paragraph\">Otro avance es el compromiso que hacen las y los pol\u00edticos para sacar adelante la erradicaci\u00f3n de la violencia contra las mujeres, a los que deben darles el acompa\u00f1amiento para que dicho ofrecimiento no quede solo en un discurso, sino que se materialice en los hechos.<\/p>\n\n\n\n<p class=\"wp-block-paragraph\">Y la despenalizaci\u00f3n del aborto fue aprobada gracias al empuje de las organizaciones de la sociedad civil en que lograron colocar el tema en la agenda p\u00fablica, y aun aquellos diputados y diputadas que carecen de la perspectiva de g\u00e9nero, aprobaron la propuesta, por ser precisamente un tema de inter\u00e9s p\u00fablico, indic\u00f3 Calixto Jim\u00e9nez.<\/p>\n\n\n\n<p class=\"wp-block-paragraph\">La pronta publicaci\u00f3n en el peri\u00f3dico oficial de la reforma para despenalizar el aborto, tambi\u00e9n es un mensaje de la disposici\u00f3n de la titular del Poder Ejecutivo, que por primera vez en la entidad ocupa una mujer, \u201ctambi\u00e9n es un mensaje importante, sobre todo de la disposici\u00f3n para sacar adelante los grandes retos\u201d, indic\u00f3 la legisladora.<\/p>\n\n\n\n<p class=\"wp-block-paragraph\">Uno de los grandes retos que ahora tienen tras las reformas logradas, es la ejecuci\u00f3n en el sector salud, para la cual se requiere una reforma en la ley de salud del Estado de Guerrero \u201cporque no queremos que como muchas leyes, quede en letra muerta el tema\u201d, indic\u00f3.<\/p>\n\n\n\n<p class=\"wp-block-paragraph\">La reforma sanitaria, implica un servicio de parte del personal m\u00e9dico con calidad y calidez, para atender los casos, de las mujeres que deciden interrumpir un embarazo, apostarle a la prevenci\u00f3n para los derechos sexuales y reproductivos.<\/p>\n\n\n\n<p class=\"wp-block-paragraph\">Con dicha reforma sanitaria tambi\u00e9n buscan que los resultados que se generen sean los mismos que ayuden a quitar las medidas dictadas en la Alerta de Violencia de G\u00e9nero por Agravio Comparado.<\/p>\n\n\n\n<p class=\"wp-block-paragraph\">\u201cEso es lo que buscamos con la reforma sanitaria, poder eliminar la alerta para Guerrero\u201d, precis\u00f3 la legisladora. Agreg\u00f3 que con ello, el Congreso del Estado, dotara las herramientas jur\u00eddicas al gobierno del Estado, al que le corresponder\u00e1 elaborar y aplicar las pol\u00edticas p\u00fablicas necesarias a favor de las mujeres que decidan interrumpir su embarazo.<\/p>\n\n\n\n<p class=\"wp-block-paragraph\">Calixto Jim\u00e9nez coment\u00f3 que tras la reforma legislativa, han girado los oficios pro parte de la Secretar\u00eda de Salud y la Fiscal\u00eda General del Estado, dirigidos al personal m\u00e9dico y fiscales especializados, en los que les informan que ya no pueden juzgar ni criminalizar a una mujer que decide interrumpir su embarazo, y esto tambi\u00e9n constituye un gran avance, recarg\u00f3 la diputada local. \u00a0<\/p>\n\n\n\n<p class=\"wp-block-paragraph\">SEM\/MG<\/p>\n","protected":false},"excerpt":{"rendered":"<p>La reforma sanitaria, implica un servicio de parte del personal m\u00e9dico con calidad y calidez, para atender los casos, de las mujeres que deciden interrumpir un embarazo, apostarle a la prevenci\u00f3n para los derechos sexuales y reproductivos.<\/p>\n","protected":false},"author":3,"featured_media":54948,"comment_status":"open","ping_status":"open","sticky":false,"template":"","format":"standard","meta":{"_monsterinsights_skip_tracking":false,"footnotes":""},"categories":[693,50],"tags":[],"class_list":["post-54947","post","type-post","status-publish","format-standard","has-post-thumbnail","category-693","category-congreso"],"_links":{"self":[{"href":"https:\/\/redsemlac.com\/semmexico\/wp-json\/wp\/v2\/posts\/54947","targetHints":{"allow":["GET"]}}],"collection":[{"href":"https:\/\/redsemlac.com\/semmexico\/wp-json\/wp\/v2\/posts"}],"about":[{"href":"https:\/\/redsemlac.com\/semmexico\/wp-json\/wp\/v2\/types\/post"}],"author":[{"embeddable":true,"href":"https:\/\/redsemlac.com\/semmexico\/wp-json\/wp\/v2\/users\/3"}],"replies":[{"embeddable":true,"href":"https:\/\/redsemlac.com\/semmexico\/wp-json\/wp\/v2\/comments?post=54947"}],"version-history":[{"count":0,"href":"https:\/\/redsemlac.com\/semmexico\/wp-json\/wp\/v2\/posts\/54947\/revisions"}],"wp:featuredmedia":[{"embeddable":true,"href":"https:\/\/redsemlac.com\/semmexico\/wp-json\/wp\/v2\/media\/54948"}],"wp:attachment":[{"href":"https:\/\/redsemlac.com\/semmexico\/wp-json\/wp\/v2\/media?parent=54947"}],"wp:term":[{"taxonomy":"category","embeddable":true,"href":"https:\/\/redsemlac.com\/semmexico\/wp-json\/wp\/v2\/categories?post=54947"},{"taxonomy":"post_tag","embeddable":true,"href":"https:\/\/redsemlac.com\/semmexico\/wp-json\/wp\/v2\/tags?post=54947"}],"curies":[{"name":"wp","href":"https:\/\/api.w.org\/{rel}","templated":true}]}}