{"id":5494,"date":"2017-10-28T01:00:28","date_gmt":"2017-10-28T01:00:28","guid":{"rendered":"https:\/\/redsemlac.com\/semmexico\/?p=5494"},"modified":"2023-07-21T14:25:11","modified_gmt":"2023-07-21T19:25:11","slug":"es-necesario-tomar-en-cuenta-a-los-hombres-y-a-las-parejas-kirsch-sanchez","status":"publish","type":"post","link":"https:\/\/redsemlac.com\/semmexico\/es-necesario-tomar-en-cuenta-a-los-hombres-y-a-las-parejas-kirsch-sanchez\/","title":{"rendered":"\u201cEs necesario tomar en cuenta a los hombres y a las parejas\u201d, Kirsch S\u00e1nchez"},"content":{"rendered":"\n<p class=\"wp-block-paragraph\"><a href=\"https:\/\/www.semmexico.com\/gallery-post.php?id=3058#\">Ana Alicia Osorio,<\/a><\/p>\n\n\n\n<p class=\"wp-block-paragraph\">SemM\u00e9xico, Veracruz, 28 septiembre 2017.- Las y los diputados se negaron a acatar las recomendaciones de la Comisi\u00f3n Nacional para Prevenir y Erradicar la Violencia contra las Mujeres y modificar la legislaci\u00f3n relativa a la interrupci\u00f3n del embarazo en el estado de Veracruz.<br><br>En una sesi\u00f3n extraordinaria, a la que s\u00f3lo acudieron 27 de 50 legisladores debido a pugnas partidistas, se rechaz\u00f3 modificar los Art\u00edculos 149, 150 y 154 del C\u00f3digo Penal del Estado de Veracruz.<br><br>La iniciativa firmada por diputados de diversos partidos pol\u00edticos consideraba el delito de aborto siempre y cuando se realizara despu\u00e9s de las 12 semanas de gestaci\u00f3n y aumentaba causales legales de interrupci\u00f3n del embarazo como problemas de salud de la mujer o violaci\u00f3n.<br><br>Previo a la sesi\u00f3n de este jueves, las Comisiones Unidas de Justicia y Puntos Constitucionales para la Igualdad de G\u00e9nero y Derechos Humanos determinaron que no se modificara el C\u00f3digo Penal, lo cual fue ratificado por el pleno con 24 votos.<br><br>La legisladora Mariana Dunyaska consider\u00f3 que existe el marco legal para que las mujeres interrumpan el embarazo y los procesos se lleven en libertad, aunque no existen los lugares donde se pueda realizar el procedimiento o se ofrezca tratamiento psicol\u00f3gico.<br><br>Por su parte, el diputado Jos\u00e9 Kirsch S\u00e1nchez dijo que \u00e9l se opone porque en su parecer es necesario que se tome en cuenta a los hombres y a las parejas en temas de interrupci\u00f3n del embarazo, aunque consider\u00f3 que las mujeres deber\u00edan tener el derecho a decidir sobre su cuerpo.<br><br>Al Congreso del Estado llegaron grupos a favor y contra de la iniciativa quienes extendieron algunas pancartas para hacer ver a los diputados sus propuestas.<br><br>Integrantes de grupos feministas anunciaron que ante esta situaci\u00f3n ser\u00e1 decretada la Alerta de Violencia de G\u00e9nero por Agravio Comparado debido a que las leyes de Veracruz colocan en desventaja a las mujeres; con lo que el Estado ser\u00e1 el primero con dos alertas activas.<br><br>SEM\/ao\/lr<br><\/p>\n","protected":false},"excerpt":{"rendered":"<p>Ana Alicia Osorio, SemM\u00e9xico, Veracruz, 28 septiembre 2017.- Las y los diputados se negaron a acatar las recomendaciones de la Comisi\u00f3n Nacional para Prevenir y Erradicar la Violencia contra las Mujeres y modificar la legislaci\u00f3n relativa a la interrupci\u00f3n del embarazo en el estado de Veracruz. En una sesi\u00f3n extraordinaria, a la que s\u00f3lo acudieron [&hellip;]<\/p>\n","protected":false},"author":3,"featured_media":5495,"comment_status":"open","ping_status":"open","sticky":false,"template":"","format":"standard","meta":{"_monsterinsights_skip_tracking":false,"footnotes":""},"categories":[687,50],"tags":[],"class_list":["post-5494","post","type-post","status-publish","format-standard","has-post-thumbnail","category-687","category-congreso"],"_links":{"self":[{"href":"https:\/\/redsemlac.com\/semmexico\/wp-json\/wp\/v2\/posts\/5494","targetHints":{"allow":["GET"]}}],"collection":[{"href":"https:\/\/redsemlac.com\/semmexico\/wp-json\/wp\/v2\/posts"}],"about":[{"href":"https:\/\/redsemlac.com\/semmexico\/wp-json\/wp\/v2\/types\/post"}],"author":[{"embeddable":true,"href":"https:\/\/redsemlac.com\/semmexico\/wp-json\/wp\/v2\/users\/3"}],"replies":[{"embeddable":true,"href":"https:\/\/redsemlac.com\/semmexico\/wp-json\/wp\/v2\/comments?post=5494"}],"version-history":[{"count":0,"href":"https:\/\/redsemlac.com\/semmexico\/wp-json\/wp\/v2\/posts\/5494\/revisions"}],"wp:featuredmedia":[{"embeddable":true,"href":"https:\/\/redsemlac.com\/semmexico\/wp-json\/wp\/v2\/media\/5495"}],"wp:attachment":[{"href":"https:\/\/redsemlac.com\/semmexico\/wp-json\/wp\/v2\/media?parent=5494"}],"wp:term":[{"taxonomy":"category","embeddable":true,"href":"https:\/\/redsemlac.com\/semmexico\/wp-json\/wp\/v2\/categories?post=5494"},{"taxonomy":"post_tag","embeddable":true,"href":"https:\/\/redsemlac.com\/semmexico\/wp-json\/wp\/v2\/tags?post=5494"}],"curies":[{"name":"wp","href":"https:\/\/api.w.org\/{rel}","templated":true}]}}