{"id":54931,"date":"2022-08-22T08:23:35","date_gmt":"2022-08-22T14:23:35","guid":{"rendered":"https:\/\/redsemlac.com\/semmexico\/?p=54931"},"modified":"2023-07-21T19:12:00","modified_gmt":"2023-07-22T00:12:00","slug":"joven-golpeada-y-desorientada-es-auxiliada-por-policia-turistica","status":"publish","type":"post","link":"https:\/\/redsemlac.com\/semmexico\/joven-golpeada-y-desorientada-es-auxiliada-por-policia-turistica\/","title":{"rendered":"Joven golpeada y desorientada es auxiliada por polic\u00eda tur\u00edstica"},"content":{"rendered":"\n<ul class=\"wp-block-list\"><li><strong>La joven contaba con alerta de \u201cProtocolo Alba\u201d, informaron los padres de la menor<\/strong><\/li><\/ul>\n\n\n\n<p class=\"wp-block-paragraph\"><strong>Redacci\u00f3n<\/strong><\/p>\n\n\n\n<p class=\"wp-block-paragraph\">SemM\u00e9xico\/Ceprovysa, Acapulco, Guerrero, 22 de agosto del 2022.- Elementos de la Polic\u00eda Tur\u00edstica atendieron el reporte de una joven que se encontraba golpeada y desorientada en las instalaciones de la Cruz Roja en Costa Azul, por lo que procedieron a localizar a sus familiares, a quienes se la entregaron en presencia de personal de la Fiscal\u00eda del Estado.<\/p>\n\n\n\n<p class=\"wp-block-paragraph\">En el llamado de auxilio, la reportante refiri\u00f3 que una persona la dej\u00f3 en las instalaciones de la Cruz Roja, sin proporcionar mayores datos, se\u00f1alando que la joven s\u00f3lo repet\u00eda su nombre y domicilio y que al principio estaba agresiva y que se encontraba en malas condiciones.<\/p>\n\n\n\n<p class=\"wp-block-paragraph\">Entre sus pertenencias, encontraron un n\u00famero telef\u00f3nico, comunic\u00e1ndose al mismo, en el que respondieron sus padres, quienes se\u00f1alaron que se emiti\u00f3 una alerta en Protocolo Alba y que acudir\u00edan por ella en ese momento.<\/p>\n\n\n\n<p class=\"wp-block-paragraph\">Al arribar, ambos padres se identificaron con su credencial de elector, as\u00ed como la de su hija, se\u00f1alando que la llevar\u00edan a un centro hospitalario para atenderla, agradeciendo la atenci\u00f3n a los elementos y se\u00f1alando que m\u00e1s tarde interpondr\u00edan su denuncia correspondiente sin proporcionar m\u00e1s datos.<\/p>\n\n\n\n<p class=\"wp-block-paragraph\">Con estas acciones, se refrenda el compromiso de la Secretar\u00eda de Seguridad P\u00fablica del municipio para atender los llamados de apoyo y preservar la integridad de los ciudadanos.<\/p>\n\n\n\n<p class=\"wp-block-paragraph\">SEM\/MG<\/p>\n","protected":false},"excerpt":{"rendered":"<p>La joven contaba con alerta de \u201cProtocolo Alba\u201d, informaron los padres de la menor.<\/p>\n","protected":false},"author":3,"featured_media":54932,"comment_status":"open","ping_status":"open","sticky":false,"template":"","format":"standard","meta":{"_monsterinsights_skip_tracking":false,"footnotes":""},"categories":[693,51],"tags":[144],"class_list":["post-54931","post","type-post","status-publish","format-standard","has-post-thumbnail","category-693","category-ejecutivo","tag-guerrero"],"_links":{"self":[{"href":"https:\/\/redsemlac.com\/semmexico\/wp-json\/wp\/v2\/posts\/54931","targetHints":{"allow":["GET"]}}],"collection":[{"href":"https:\/\/redsemlac.com\/semmexico\/wp-json\/wp\/v2\/posts"}],"about":[{"href":"https:\/\/redsemlac.com\/semmexico\/wp-json\/wp\/v2\/types\/post"}],"author":[{"embeddable":true,"href":"https:\/\/redsemlac.com\/semmexico\/wp-json\/wp\/v2\/users\/3"}],"replies":[{"embeddable":true,"href":"https:\/\/redsemlac.com\/semmexico\/wp-json\/wp\/v2\/comments?post=54931"}],"version-history":[{"count":0,"href":"https:\/\/redsemlac.com\/semmexico\/wp-json\/wp\/v2\/posts\/54931\/revisions"}],"wp:featuredmedia":[{"embeddable":true,"href":"https:\/\/redsemlac.com\/semmexico\/wp-json\/wp\/v2\/media\/54932"}],"wp:attachment":[{"href":"https:\/\/redsemlac.com\/semmexico\/wp-json\/wp\/v2\/media?parent=54931"}],"wp:term":[{"taxonomy":"category","embeddable":true,"href":"https:\/\/redsemlac.com\/semmexico\/wp-json\/wp\/v2\/categories?post=54931"},{"taxonomy":"post_tag","embeddable":true,"href":"https:\/\/redsemlac.com\/semmexico\/wp-json\/wp\/v2\/tags?post=54931"}],"curies":[{"name":"wp","href":"https:\/\/api.w.org\/{rel}","templated":true}]}}