{"id":54918,"date":"2022-08-21T09:35:02","date_gmt":"2022-08-21T15:35:02","guid":{"rendered":"https:\/\/redsemlac.com\/semmexico\/?p=54918"},"modified":"2023-07-21T19:12:01","modified_gmt":"2023-07-22T00:12:01","slug":"a-partir-del-1o-de-septiembre-fortalecimiento-de-la-agenda-legislativa-para-las-mujeres-anuncio-ricardo-monreal-avila","status":"publish","type":"post","link":"https:\/\/redsemlac.com\/semmexico\/a-partir-del-1o-de-septiembre-fortalecimiento-de-la-agenda-legislativa-para-las-mujeres-anuncio-ricardo-monreal-avila\/","title":{"rendered":"A partir del 1\u00ba. de septiembre fortalecimiento de la agenda legislativa para las mujeres, anunci\u00f3 Ricardo Monreal \u00c1vila"},"content":{"rendered":"\n<p class=\"wp-block-paragraph\">Pendientes: creaci\u00f3n del sistema nacional de cuidados, el aborto en todo el pa\u00eds y ajustes para la paridad real<\/p>\n\n\n\n<p class=\"wp-block-paragraph\">El l\u00edder morenista reconoci\u00f3 a la poblaci\u00f3n femenina como fundamental para la transformaci\u00f3n del pa\u00eds<\/p>\n\n\n\n<p class=\"wp-block-paragraph\">Advirti\u00f3 que no se puede aspirar a ser una sociedad plenamente democr\u00e1tica, si persisten la desigualdad y la violencia contra las mujeres<\/p>\n\n\n\n<p class=\"wp-block-paragraph\">Sara Lovera<\/p>\n\n\n\n<p class=\"wp-block-paragraph\">SemM\u00e9xico, Baja California Sur, 21 de agosto, 2022.- Las mujeres son fundamentales para el proceso de transformaci\u00f3n de nuestro pa\u00eds, por lo que, a partir del 1 de septiembre, cuando inicie el siguiente Periodo Ordinario de Sesiones, en el Senado de la Rep\u00fablica se impulsar\u00e1 una agenda legislativa que permita erradicar la discriminaci\u00f3n en su contra, afirm\u00f3 el senador Ricardo Monreal \u00c1vila.<\/p>\n\n\n\n<p class=\"wp-block-paragraph\">El coordinador parlamentario de Morena en la C\u00e1mara de Senadores enfatiz\u00f3 que no se puede aspirar a ser una sociedad plenamente democr\u00e1tica, si persisten la desigualdad y la violencia contra ellas.<\/p>\n\n\n\n<p class=\"wp-block-paragraph\">Entre el primero de septiembre de 2021 al 17 de junio de 2022, en el Senado de la Rep\u00fablica en materia de igualdad sustantiva entre hombres y mujeres fueron aprobados 15 decretos, as\u00ed como la ratificaci\u00f3n del Convenio 190 sobre la Eliminaci\u00f3n de la Violencia y el Acoso en el Mundo del Trabajo, pero falta. &nbsp;<\/p>\n\n\n\n<p class=\"wp-block-paragraph\">A pesar de esta actividad en favor de la igualdad, el senador al asistir al seminario de capacitaci\u00f3n organizada por la asociaci\u00f3n civil Rosa Mexicana, en la Paz, Baja California Sur, se dispuso a de revisar los temas de la agenda legislativa en materia de g\u00e9nero.<\/p>\n\n\n\n<p class=\"wp-block-paragraph\">Seg\u00fan el an\u00e1lisis del Instituto Belisario Dom\u00ednguez del Senado, algunos pendientes de la agenda para la igualdad sustantiva son, la creaci\u00f3n del sistema nacional de cuidados, la gratuidad de los productos de gesti\u00f3n menstrual, la reglamentaci\u00f3n y la legalizaci\u00f3n del aborto en todo el pa\u00eds, entre otros.<\/p>\n\n\n\n<p class=\"wp-block-paragraph\">En la C\u00e1mara de Diputados est\u00e1 pendiente el cambio legislativo, aprobado por el Senado, en la ley del Instituto Mexicano del Seguro Social que efectivamente materializa el acceso a la seguridad social de los casi 2 millones de trabajadoras del hogar, y ajustes a los cambios legislativos que hicieron las y los senadores, en la paridad.<\/p>\n\n\n\n<p class=\"wp-block-paragraph\">Los partidos pol\u00edticos, obligados por la Constituci\u00f3n, en su mayor\u00eda, no han modificado sus estatutos para la paridad en elecciones unipersonales \u2013como las gubernaturas-, lo que hace posible que el INE y sus acuerdos los hagan efectivos.<\/p>\n\n\n\n<p class=\"wp-block-paragraph\">Durante ese encuentro, Monreal \u00c1vila record\u00f3 que es aliado de la causa de las mujeres, \u201ccreo en el feminismo, en la igualdad y en que debemos erradicar la discriminaci\u00f3n para siempre\u201d.<\/p>\n\n\n\n<p class=\"wp-block-paragraph\">La asociaci\u00f3n civil Rosa Mexicana busca trabajar por la inclusi\u00f3n e igualdad de las mujeres, ni\u00f1as, j\u00f3venes, adultos mayores y personas con discapacidad.<\/p>\n\n\n\n<p class=\"wp-block-paragraph\">Monreal \u00c1vila dijo que M\u00e9xico se encuentra en circunstancias dif\u00edciles, y ahora se debaten temas relativos a la inseguridad, la violencia, el campo mexicano, la carest\u00eda, la inflaci\u00f3n, as\u00ed como con la ecolog\u00eda y el medio ambiente.<\/p>\n\n\n\n<p class=\"wp-block-paragraph\">Por eso, continu\u00f3 el l\u00edder parlamentario de Morena, \u201chemos decidido que la pr\u00f3xima agenda legislativa incluir\u00e1 asuntos sobre el medioambiente y la agenda de las mujeres.<\/p>\n\n\n\n<p class=\"wp-block-paragraph\">Los estudios del Senado, reconocen que la integraci\u00f3n paritaria del Congreso de la Uni\u00f3n tiene una relaci\u00f3n positiva en la aprobaci\u00f3n de decretos de g\u00e9nero, en la representaci\u00f3n sustantiva de los intereses de las mujeres y en la construcci\u00f3n de la democracia paritaria, que el senador Monreal, tom\u00f3 en cuenta.<\/p>\n\n\n\n<p class=\"wp-block-paragraph\">\u201cEn el Senado estamos intentando lograr avanzar de manera determinante, por eso vamos a establecer como prioridad la agenda de las mujeres, a partir del 1 de septiembre\u201d.<\/p>\n\n\n\n<p class=\"wp-block-paragraph\">Record\u00f3 que cuando fue gobernador de Zacatecas, las secretar\u00edas de Finanzas, de Obras P\u00fablicas; Tr\u00e1nsito y Polic\u00eda; la Oficial\u00eda Mayor; y la Secretar\u00eda Particular eran encabezadas por mujeres.<\/p>\n\n\n\n<p class=\"wp-block-paragraph\">\u201cEn Zacatecas, tierra de patriarcado, les parec\u00eda muy extra\u00f1o que llegara un gobierno de izquierda a nombrar mujeres en altos niveles del gobierno\u201d.<\/p>\n\n\n\n<p class=\"wp-block-paragraph\">Pero, acot\u00f3 el presidente de la Junta de Coordinaci\u00f3n Pol\u00edtica, gracias a esa decisi\u00f3n, el gobierno funcion\u00f3 y las mujeres fueron las m\u00e1s honradas, honestas y eficaces en el gobierno estatal.<\/p>\n\n\n\n<p class=\"wp-block-paragraph\">En la pr\u00e1ctica, enfatiz\u00f3 Ricardo Monreal \u00c1vila, \u201cveo ya un mundo nuevo, en donde la mujer tendr\u00e1 ese espacio que durante muchas d\u00e9cadas ha logrado escalar\u201d.<\/p>\n\n\n\n<p class=\"wp-block-paragraph\"><strong>Lo que hizo la legislatura<\/strong><\/p>\n\n\n\n<p class=\"wp-block-paragraph\">El an\u00e1lisis o resumen del Instituto Belisario Dom\u00ednguez, denominado \u00bfQu\u00e9 temas legisla la LXV Legislatura? Decretos aprobados por el Congreso de la Uni\u00f3n (septiembre 2021-junio 2022) escrito por Lorena V\u00e1zquez Correa, se\u00f1ala que en este periodo hubo 77 decretos aprobados por el Congreso de la Uni\u00f3n.<\/p>\n\n\n\n<p class=\"wp-block-paragraph\">Un hallazgo sobre el orden de prioridad de los asuntos legislativos de la LXV Legislatura (en el lapso de estudio), es decir, los temas sobre los que m\u00e1s se legisl\u00f3 fue, en primer lugar, la igualdad sustantiva entre mujeres y hombres, seguido de los temas de seguridad p\u00fablica y, en tercer lugar, la salud.&nbsp;<\/p>\n\n\n\n<p class=\"wp-block-paragraph\">En materia de igualdad sustantiva entre hombres y mujeres fueron aprobados 15 decretos, as\u00ed como la ratificaci\u00f3n del Convenio 190 sobre la Eliminaci\u00f3n de la Violencia y el Acoso en el Mundo del Trabajo. La tasa cero de IVA a los productos de gesti\u00f3n menstrual, los avances en la reglamentaci\u00f3n de la paridad en todo, las reformas para agilizar la emisi\u00f3n de la alerta de g\u00e9nero, la atenci\u00f3n a la salud con perspectiva de g\u00e9nero y la creaci\u00f3n de planes de educaci\u00f3n para la igualdad y contra las violencias.<\/p>\n\n\n\n<p class=\"wp-block-paragraph\">En perspectiva comparada la agenda para la igualdad sustantiva no solo se ha mantenido como uno de los asuntos prioritarios del Congreso de la Uni\u00f3n, tal como ocurr\u00eda en la LXIV Legislatura (2018-2021) sino que ha avanzado a la primera posici\u00f3n de los asuntos m\u00e1s legislados.<\/p>\n\n\n\n<p class=\"wp-block-paragraph\">La investigadora, sin embargo, se\u00f1ala que es necesario tener cautela a la hora de comprar, y tomar en cuenta el contexto particular de cada legislatura.<\/p>\n\n\n\n<p class=\"wp-block-paragraph\">Por ejemplo, en la LXIV Legislatura se llevaron a cabo grandes reformas constitucionales y legislativas como la paridad en todo y el marco normativo sobre violencia pol\u00edtica contra las mujeres, mientras en este periodo ninguna reforma constitucional fue aprobada.<\/p>\n\n\n\n<p class=\"wp-block-paragraph\">Luego enlista algunos pendientes de la agenda para la igualdad sustantiva: la creaci\u00f3n del sistema nacional de cuidados, la gratuidad de los productos de gesti\u00f3n menstrual la reglamentaci\u00f3n y la legalizaci\u00f3n del aborto, entre otros.<\/p>\n\n\n\n<p class=\"wp-block-paragraph\">Y como hip\u00f3tesis del documento, se\u00f1ala como favorable al avance de las mujeres, la integraci\u00f3n paritaria del Congreso de la Uni\u00f3n, para la aprobaci\u00f3n de decretos de g\u00e9nero, as\u00ed como en la representaci\u00f3n sustantiva de los intereses de las mujeres y en la construcci\u00f3n de la democracia paritaria.<\/p>\n","protected":false},"excerpt":{"rendered":"<p>El l\u00edder morenista reconoci\u00f3 a la poblaci\u00f3n femenina como fundamental para la transformaci\u00f3n del pa\u00eds, advirti\u00f3 que no se puede aspirar a ser una sociedad plenamente democr\u00e1tica, si persisten la desigualdad y la violencia contra las mujeres<\/p>\n","protected":false},"author":3,"featured_media":54919,"comment_status":"open","ping_status":"open","sticky":false,"template":"","format":"standard","meta":{"_monsterinsights_skip_tracking":false,"footnotes":""},"categories":[693,50],"tags":[],"class_list":["post-54918","post","type-post","status-publish","format-standard","has-post-thumbnail","category-693","category-congreso"],"_links":{"self":[{"href":"https:\/\/redsemlac.com\/semmexico\/wp-json\/wp\/v2\/posts\/54918","targetHints":{"allow":["GET"]}}],"collection":[{"href":"https:\/\/redsemlac.com\/semmexico\/wp-json\/wp\/v2\/posts"}],"about":[{"href":"https:\/\/redsemlac.com\/semmexico\/wp-json\/wp\/v2\/types\/post"}],"author":[{"embeddable":true,"href":"https:\/\/redsemlac.com\/semmexico\/wp-json\/wp\/v2\/users\/3"}],"replies":[{"embeddable":true,"href":"https:\/\/redsemlac.com\/semmexico\/wp-json\/wp\/v2\/comments?post=54918"}],"version-history":[{"count":0,"href":"https:\/\/redsemlac.com\/semmexico\/wp-json\/wp\/v2\/posts\/54918\/revisions"}],"wp:featuredmedia":[{"embeddable":true,"href":"https:\/\/redsemlac.com\/semmexico\/wp-json\/wp\/v2\/media\/54919"}],"wp:attachment":[{"href":"https:\/\/redsemlac.com\/semmexico\/wp-json\/wp\/v2\/media?parent=54918"}],"wp:term":[{"taxonomy":"category","embeddable":true,"href":"https:\/\/redsemlac.com\/semmexico\/wp-json\/wp\/v2\/categories?post=54918"},{"taxonomy":"post_tag","embeddable":true,"href":"https:\/\/redsemlac.com\/semmexico\/wp-json\/wp\/v2\/tags?post=54918"}],"curies":[{"name":"wp","href":"https:\/\/api.w.org\/{rel}","templated":true}]}}