{"id":54917,"date":"2022-08-21T09:48:06","date_gmt":"2022-08-21T15:48:06","guid":{"rendered":"https:\/\/redsemlac.com\/semmexico\/?p=54917"},"modified":"2023-07-21T19:12:01","modified_gmt":"2023-07-22T00:12:01","slug":"impulsan-iniciativa-para-garantizar-paridad-de-genero-en-los-organos-de-gobierno-de-la-camara-de-diputados","status":"publish","type":"post","link":"https:\/\/redsemlac.com\/semmexico\/impulsan-iniciativa-para-garantizar-paridad-de-genero-en-los-organos-de-gobierno-de-la-camara-de-diputados\/","title":{"rendered":"Impulsan iniciativa para garantizar paridad de g\u00e9nero en los \u00f3rganos de gobierno de la C\u00e1mara de Diputados"},"content":{"rendered":"\n<p class=\"wp-block-paragraph\">La diputada P\u00e9rez Valdez (PRD) plante\u00f3 cambios a la Ley Org\u00e1nica del Congreso y al Reglamento de la C\u00e1mara de Diputados<\/p>\n\n\n\n<p class=\"wp-block-paragraph\">Redacci\u00f3n<\/p>\n\n\n\n<p class=\"wp-block-paragraph\">SemM\u00e9xico, Ciudad de M\u00e9xico, 21 de agosto, 2022.- Elizabeth P\u00e9rez Valdez, diputada del PRD, present\u00f3 reformas a la Ley Org\u00e1nica del Congreso General y al Reglamento de la C\u00e1mara de Diputados, a fin de garantizar el principio de paridad de g\u00e9nero en sus \u00f3rganos de gobierno.<\/p>\n\n\n\n<p class=\"wp-block-paragraph\">\u200b<\/p>\n\n\n\n<p class=\"wp-block-paragraph\">Propuso que en la Ley Org\u00e1nica del Congreso General se incluya el lenguaje paritario (diputada o diputadas), tambi\u00e9n los t\u00e9rminos presidenta y decanas.<\/p>\n\n\n\n<p class=\"wp-block-paragraph\">Asimismo, para que en la conducci\u00f3n de la sesi\u00f3n constitutiva de la C\u00e1mara haya una Mesa de Decanas y Decanos, integrada por las diputadas y los diputados electos presentes que cuenten con mayor antig\u00fcedad.<\/p>\n\n\n\n<p class=\"wp-block-paragraph\">La Mesa se constituir\u00e1 por una presidencia, tres vicepresidencias y tres secretar\u00edas, debiendo integrarse dichos cargos conforme al criterio de paridad y atendiendo a la pluralidad en la conformaci\u00f3n de la C\u00e1mara.<\/p>\n\n\n\n<p class=\"wp-block-paragraph\">\u200b<\/p>\n\n\n\n<p class=\"wp-block-paragraph\">La propuesta, suscrita tambi\u00e9n por la diputada perredista Olga Luz Espinosa Morales, se\u00f1ala que la integraci\u00f3n de la Mesa Directiva deber\u00e1 realizarse de conformidad con los principios de paridad y alternancia de g\u00e9nero.<\/p>\n\n\n\n<p class=\"wp-block-paragraph\">La C\u00e1mara elegir\u00e1 a la Mesa Directiva por el voto de las dos terceras partes de las y los diputados presentes, mediante una lista que contenga los nombres de las personas propuestas con sus respectivos cargos, \u201cdebiendo aplicar el principio de paridad desde su postulaci\u00f3n\u201d.<\/p>\n\n\n\n<p class=\"wp-block-paragraph\">Refiere que la elecci\u00f3n de las y los integrantes de la Mesa Directiva de la C\u00e1mara deber\u00e1 aplicar la paridad y la alternancia en su integraci\u00f3n.<\/p>\n\n\n\n<p class=\"wp-block-paragraph\">\u200b<\/p>\n\n\n\n<p class=\"wp-block-paragraph\">Asimismo, la C\u00e1mara elegir\u00e1 a la Mesa Directiva por el voto de las dos terceras partes de las y los diputados presentes, mediante una lista que contenga los nombres de las personas propuestas con sus respectivos cargos.<\/p>\n\n\n\n<p class=\"wp-block-paragraph\">En ning\u00fan caso podr\u00e1n recaer las titularidades de las presidencias de la Junta de Coordinaci\u00f3n Pol\u00edtica (Jucopo) y de la Mesa Directiva en personas del mismo g\u00e9nero, de forma simult\u00e1nea.<\/p>\n\n\n\n<p class=\"wp-block-paragraph\">Por ello, conforme al principio de paridad de g\u00e9nero, los grupos parlamentarios deber\u00e1n postular a la presidencia de la Mesa Directiva a una persona de distinto g\u00e9nero a la que ocupe la presidencia de la Jucopo.<\/p>\n\n\n\n<p class=\"wp-block-paragraph\">Propone que la Jucopo se integrar\u00e1 por las coordinaciones de cada grupo parlamentario, atendiendo a los principios de paridad y alternancia de g\u00e9nero.<\/p>\n\n\n\n<p class=\"wp-block-paragraph\">La coordinaci\u00f3n y vicecoordinaci\u00f3n de cada grupo parlamentario recaer\u00e1 en una persona de cada g\u00e9nero, ambos con derecho a voz y voto, en su conjunto, para atender el principio de paridad.<\/p>\n\n\n\n<p class=\"wp-block-paragraph\">La designaci\u00f3n de la o el coordinador atender\u00e1 a la normatividad que cada grupo parlamentario apruebe para tales efectos, en estricto apego al principio de paridad y alternancia de g\u00e9nero.<\/p>\n\n\n\n<p class=\"wp-block-paragraph\">\u200b<\/p>\n\n\n\n<p class=\"wp-block-paragraph\">Respecto al Reglamento de la C\u00e1mara de Diputados, la diputada P\u00e9rez Valdez plantea que las comisiones o comit\u00e9s deber\u00e1n instalarse dentro de los quince d\u00edas h\u00e1biles posteriores a la aprobaci\u00f3n del acuerdo que las conforma, \u201clas cuales deber\u00e1n garantizar el principio de paridad de g\u00e9nero en la asignaci\u00f3n de las presidencias\u201d.<\/p>\n","protected":false},"excerpt":{"rendered":"<p>Elizabeth P\u00e9rez Valdez, diputada del PRD, present\u00f3 reformas a la Ley Org\u00e1nica del Congreso General y al Reglamento de la C\u00e1mara de Diputados, a fin de garantizar el principio de paridad de g\u00e9nero en sus \u00f3rganos de gobierno.<\/p>\n","protected":false},"author":3,"featured_media":54921,"comment_status":"open","ping_status":"open","sticky":false,"template":"","format":"standard","meta":{"_monsterinsights_skip_tracking":false,"footnotes":""},"categories":[693,50],"tags":[],"class_list":["post-54917","post","type-post","status-publish","format-standard","has-post-thumbnail","category-693","category-congreso"],"_links":{"self":[{"href":"https:\/\/redsemlac.com\/semmexico\/wp-json\/wp\/v2\/posts\/54917","targetHints":{"allow":["GET"]}}],"collection":[{"href":"https:\/\/redsemlac.com\/semmexico\/wp-json\/wp\/v2\/posts"}],"about":[{"href":"https:\/\/redsemlac.com\/semmexico\/wp-json\/wp\/v2\/types\/post"}],"author":[{"embeddable":true,"href":"https:\/\/redsemlac.com\/semmexico\/wp-json\/wp\/v2\/users\/3"}],"replies":[{"embeddable":true,"href":"https:\/\/redsemlac.com\/semmexico\/wp-json\/wp\/v2\/comments?post=54917"}],"version-history":[{"count":0,"href":"https:\/\/redsemlac.com\/semmexico\/wp-json\/wp\/v2\/posts\/54917\/revisions"}],"wp:featuredmedia":[{"embeddable":true,"href":"https:\/\/redsemlac.com\/semmexico\/wp-json\/wp\/v2\/media\/54921"}],"wp:attachment":[{"href":"https:\/\/redsemlac.com\/semmexico\/wp-json\/wp\/v2\/media?parent=54917"}],"wp:term":[{"taxonomy":"category","embeddable":true,"href":"https:\/\/redsemlac.com\/semmexico\/wp-json\/wp\/v2\/categories?post=54917"},{"taxonomy":"post_tag","embeddable":true,"href":"https:\/\/redsemlac.com\/semmexico\/wp-json\/wp\/v2\/tags?post=54917"}],"curies":[{"name":"wp","href":"https:\/\/api.w.org\/{rel}","templated":true}]}}