{"id":5491,"date":"2017-10-04T00:56:22","date_gmt":"2017-10-04T00:56:22","guid":{"rendered":"https:\/\/redsemlac.com\/semmexico\/?p=5491"},"modified":"2023-07-21T14:25:13","modified_gmt":"2023-07-21T19:25:13","slug":"las-instalaciones-del-senado-se-iluminaron-de-color-rosa","status":"publish","type":"post","link":"https:\/\/redsemlac.com\/semmexico\/las-instalaciones-del-senado-se-iluminaron-de-color-rosa\/","title":{"rendered":"Las instalaciones del Senado se iluminaron de color rosa"},"content":{"rendered":"\n<p class=\"wp-block-paragraph\"><a href=\"https:\/\/www.semmexico.com\/gallery-post.php?id=3093#\">Alicia Mendoza<\/a><\/p>\n\n\n\n<p class=\"wp-block-paragraph\">SemM\u00e9xico, Cd. de M\u00e9xico, 4 octubre 2017.- La Comisi\u00f3n para la Igualdad de G\u00e9nero del Senado de la Rep\u00fablica inaugur\u00f3 el Mes de la Sensibilizaci\u00f3n del C\u00e1ncer de Mama, por lo que sus instalaciones fueron iluminadas en color rosa como s\u00edmbolo de esta campa\u00f1a nacional.<br><br>Este martes, la senadora Diva Hadamira Gast\u00e9lum Bajo, presidenta de dicha comisi\u00f3n, junto con la senadora Ang\u00e9lica de la Pe\u00f1a G\u00f3mez, Lorena Cruz S\u00e1nchez, presidenta del Instituto Nacional de las Mujeres (INMujeres); Alicia Gir\u00f3n Gonz\u00e1lez, representante del Alto Panel de Naciones Unidas, y Ana G\u00fcezmes Garc\u00eda, representante de ONU Mujeres M\u00e9xico, pusieron en marcha el primer \u201cSostent\u00f3n\u201d, a trav\u00e9s del cual se recolectar\u00e1n hasta mil sostenes rosas que ser\u00e1n donados.<br><br>La senadora Diva Gast\u00e9lum indic\u00f3 que con esta campa\u00f1a se busca crear conciencia de la prevenci\u00f3n y atenci\u00f3n oportuna del c\u00e1ncer de mama. La colecta de sostenes se llevar\u00e1 a cabo hasta el 18 de octubre en el Senado, despu\u00e9s los sostenes ser\u00e1n modificados seg\u00fan las necesidades de cada mujer a quienes ser\u00e1n donados.<br><br>De acuerdo con informaci\u00f3n estad\u00edstica de la Secretar\u00eda de Salud, el c\u00e1ncer de mama es la neoplasia m\u00e1s frecuente en la poblaci\u00f3n mundial y la primera causa m\u00e1s frecuente entre las mujeres; adem\u00e1s la tendencia de la mortalidad es ascendente debido a una mayor incidencia de la enfermedad por el aumento de la esperanza de vida al nacimiento, cambios de estilos de vida y la relaci\u00f3n entre el c\u00e1ncer y la obesidad.<br><br>SEM\/am\/lr<br><br><\/p>\n","protected":false},"excerpt":{"rendered":"<p>Alicia Mendoza SemM\u00e9xico, Cd. de M\u00e9xico, 4 octubre 2017.- La Comisi\u00f3n para la Igualdad de G\u00e9nero del Senado de la Rep\u00fablica inaugur\u00f3 el Mes de la Sensibilizaci\u00f3n del C\u00e1ncer de Mama, por lo que sus instalaciones fueron iluminadas en color rosa como s\u00edmbolo de esta campa\u00f1a nacional. Este martes, la senadora Diva Hadamira Gast\u00e9lum Bajo, [&hellip;]<\/p>\n","protected":false},"author":3,"featured_media":5492,"comment_status":"open","ping_status":"open","sticky":false,"template":"","format":"standard","meta":{"_monsterinsights_skip_tracking":false,"footnotes":""},"categories":[687,50],"tags":[],"class_list":["post-5491","post","type-post","status-publish","format-standard","has-post-thumbnail","category-687","category-congreso"],"_links":{"self":[{"href":"https:\/\/redsemlac.com\/semmexico\/wp-json\/wp\/v2\/posts\/5491","targetHints":{"allow":["GET"]}}],"collection":[{"href":"https:\/\/redsemlac.com\/semmexico\/wp-json\/wp\/v2\/posts"}],"about":[{"href":"https:\/\/redsemlac.com\/semmexico\/wp-json\/wp\/v2\/types\/post"}],"author":[{"embeddable":true,"href":"https:\/\/redsemlac.com\/semmexico\/wp-json\/wp\/v2\/users\/3"}],"replies":[{"embeddable":true,"href":"https:\/\/redsemlac.com\/semmexico\/wp-json\/wp\/v2\/comments?post=5491"}],"version-history":[{"count":0,"href":"https:\/\/redsemlac.com\/semmexico\/wp-json\/wp\/v2\/posts\/5491\/revisions"}],"wp:featuredmedia":[{"embeddable":true,"href":"https:\/\/redsemlac.com\/semmexico\/wp-json\/wp\/v2\/media\/5492"}],"wp:attachment":[{"href":"https:\/\/redsemlac.com\/semmexico\/wp-json\/wp\/v2\/media?parent=5491"}],"wp:term":[{"taxonomy":"category","embeddable":true,"href":"https:\/\/redsemlac.com\/semmexico\/wp-json\/wp\/v2\/categories?post=5491"},{"taxonomy":"post_tag","embeddable":true,"href":"https:\/\/redsemlac.com\/semmexico\/wp-json\/wp\/v2\/tags?post=5491"}],"curies":[{"name":"wp","href":"https:\/\/api.w.org\/{rel}","templated":true}]}}