{"id":5483,"date":"2017-10-09T00:50:33","date_gmt":"2017-10-09T00:50:33","guid":{"rendered":"https:\/\/redsemlac.com\/semmexico\/?p=5483"},"modified":"2023-07-21T14:25:13","modified_gmt":"2023-07-21T19:25:13","slug":"de-aprobarse-daria-la-excusa-perfecta-para-negarse-a-reconocer-los-derechos-de-quienes-acuden-al-servicio-de-salud-publico","status":"publish","type":"post","link":"https:\/\/redsemlac.com\/semmexico\/de-aprobarse-daria-la-excusa-perfecta-para-negarse-a-reconocer-los-derechos-de-quienes-acuden-al-servicio-de-salud-publico\/","title":{"rendered":"De aprobarse, dar\u00eda la excusa perfecta para negarse a reconocer los derechos de quienes acuden al servicio de salud p\u00fablico"},"content":{"rendered":"\n<p class=\"wp-block-paragraph\"><a href=\"https:\/\/www.semmexico.com\/gallery-post.php?id=3146#\">Redacci\u00f3n<\/a><\/p>\n\n\n\n<p class=\"wp-block-paragraph\">SemM\u00e9xico, Cd. de M\u00e9xico, 9 octubre 2017.- La diputada Maricela Contreras Juli\u00e1n, del grupo parlamentario de Morena, denunci\u00f3 que de aprobarse el dictamen de la Comisi\u00f3n de Salud que busca modificar la Ley General de Salud para extender la objeci\u00f3n de conciencia a personal de apoyo y administrativo de los servicios de salud, se corre \u201cel riesgo de faltar a los principios constitucionales de buscar la m\u00e1xima protecci\u00f3n de las personas\u201d.<br><br>Dicho dictamen corresponde a una iniciativa presentada por la diputada Norma Edith Mart\u00ednez Guzm\u00e1n, del Partido Encuentro Social (PES), desde noviembre de 2015.<br><br>Con este dictamen se busca adicionar el art\u00edculo 10 Bis a la Ley General de Salud para \u201cestablecer que los y las profesionales, t\u00e9cnicos, auxiliares y prestadores de servicio social que formen parte del Sistema Nacional de Salud, podr\u00e1n hacer valer la objeci\u00f3n de conciencia y excusarse de participar en todos aquellos programas, actividades, pr\u00e1cticas, tratamientos, m\u00e9todos o investigaciones que contravengan su libertad de conciencia, con base en sus valores o principios \u00e9ticos\u201d.<br><br>Mediante un comunicado, la diputada Maricela Contreras afirm\u00f3 que de ser aprobadas dichas modificaciones por el Poder Legislativo \u201cexiste un riesgo real de que en situaciones como las contingencias sanitarias que vivimos despu\u00e9s de los sismos, donde la prioridad es salvar vidas, servidores p\u00fablicos puedan ampararse en este art\u00edculo como excusa para no realizar esta urgente labor\u201d.<br><br>De acuerdo con la legisladora de Morena \u201cel actual texto del art\u00edculo 10 Bis de la Ley General de Salud, no proh\u00edbe que las personas abandonen sus creencias religiosas, al contrario, garantiza este derecho, pero tambi\u00e9n exige un comportamiento laico en el caso de las personas que asumen una funci\u00f3n en el servicio de salud p\u00fablico. Pretender modificarlo habla de una injerencia de creencias religiosas en las decisiones del Estado laico\u201d.<br><br>Adem\u00e1s, para la diputada \u201creconocer la objeci\u00f3n de conciencia como un derecho, dar\u00eda la excusa perfecta para negarse a reconocer los derechos de otras personas cuando acuden a un servicio de salud p\u00fablico\u201d.<br><br>Por ello, Maricela Contreras indic\u00f3 \u201cque debe regularse la objeci\u00f3n de conciencia, pero sin detrimento de los derechos humanos\u201d.<br><br>La tambi\u00e9n presidenta de la Comisi\u00f3n Especial de Delitos Cometidos por Razones de G\u00e9nero reconoci\u00f3 que habr\u00eda que ahondar en el tema de objeci\u00f3n de conciencia, pues no es un derecho ni una modalidad de derecho, \u201ces una posibilidad que tiene el personal de salud para que se respeten sus creencias y convicciones morales o religiosas\u201d.<br><br>Cabe recordar que organizaciones, asociaciones y grupos feministas, como el Grupo de Informaci\u00f3n en Reproducci\u00f3n Elegida (GIRE) han advertido que de aprobarse dicho dictamen se justificar\u00eda la negativa de servidores p\u00fablicos a proporcionar servicios de salud reproductiva, espec\u00edficamente los servicios de salud reproductiva que requieren las mujeres del pa\u00eds, y tambi\u00e9n se obstaculizar\u00eda la atenci\u00f3n para la Interrupci\u00f3n Legal del Embarazo (ILE) y otros procedimientos de salud relacionados con los derechos reproductivos.<br><br>As\u00ed, de acuerdo con GIRE, de aprobarse el dictamen como est\u00e1 se incurrir\u00eda en una acci\u00f3n que m\u00e1s all\u00e1 de ampliar un derecho para el personal de sistema nacional de salud, pretende limitar el acceso al aborto y se estar\u00eda aplicando en los hechos una visi\u00f3n conservadora sobre las libertades de la ciudadan\u00eda.<br><br>SEM\/am\/lr<br><br><\/p>\n","protected":false},"excerpt":{"rendered":"<p>Redacci\u00f3n SemM\u00e9xico, Cd. de M\u00e9xico, 9 octubre 2017.- La diputada Maricela Contreras Juli\u00e1n, del grupo parlamentario de Morena, denunci\u00f3 que de aprobarse el dictamen de la Comisi\u00f3n de Salud que busca modificar la Ley General de Salud para extender la objeci\u00f3n de conciencia a personal de apoyo y administrativo de los servicios de salud, se [&hellip;]<\/p>\n","protected":false},"author":3,"featured_media":5484,"comment_status":"open","ping_status":"open","sticky":false,"template":"","format":"standard","meta":{"_monsterinsights_skip_tracking":false,"footnotes":""},"categories":[687,50],"tags":[],"class_list":["post-5483","post","type-post","status-publish","format-standard","has-post-thumbnail","category-687","category-congreso"],"_links":{"self":[{"href":"https:\/\/redsemlac.com\/semmexico\/wp-json\/wp\/v2\/posts\/5483","targetHints":{"allow":["GET"]}}],"collection":[{"href":"https:\/\/redsemlac.com\/semmexico\/wp-json\/wp\/v2\/posts"}],"about":[{"href":"https:\/\/redsemlac.com\/semmexico\/wp-json\/wp\/v2\/types\/post"}],"author":[{"embeddable":true,"href":"https:\/\/redsemlac.com\/semmexico\/wp-json\/wp\/v2\/users\/3"}],"replies":[{"embeddable":true,"href":"https:\/\/redsemlac.com\/semmexico\/wp-json\/wp\/v2\/comments?post=5483"}],"version-history":[{"count":0,"href":"https:\/\/redsemlac.com\/semmexico\/wp-json\/wp\/v2\/posts\/5483\/revisions"}],"wp:featuredmedia":[{"embeddable":true,"href":"https:\/\/redsemlac.com\/semmexico\/wp-json\/wp\/v2\/media\/5484"}],"wp:attachment":[{"href":"https:\/\/redsemlac.com\/semmexico\/wp-json\/wp\/v2\/media?parent=5483"}],"wp:term":[{"taxonomy":"category","embeddable":true,"href":"https:\/\/redsemlac.com\/semmexico\/wp-json\/wp\/v2\/categories?post=5483"},{"taxonomy":"post_tag","embeddable":true,"href":"https:\/\/redsemlac.com\/semmexico\/wp-json\/wp\/v2\/tags?post=5483"}],"curies":[{"name":"wp","href":"https:\/\/api.w.org\/{rel}","templated":true}]}}