{"id":5474,"date":"2017-10-12T00:44:33","date_gmt":"2017-10-12T00:44:33","guid":{"rendered":"https:\/\/redsemlac.com\/semmexico\/?p=5474"},"modified":"2023-07-21T14:25:12","modified_gmt":"2023-07-21T19:25:12","slug":"exigen-declaratoria-de-alerta-de-genero-para-puebla","status":"publish","type":"post","link":"https:\/\/redsemlac.com\/semmexico\/exigen-declaratoria-de-alerta-de-genero-para-puebla\/","title":{"rendered":"Exigen declaratoria de Alerta de G\u00e9nero para Puebla"},"content":{"rendered":"\n<p class=\"wp-block-paragraph\"><a href=\"https:\/\/www.semmexico.com\/gallery-post.php?id=3176#\">Alicia Mendoza<\/a><\/p>\n\n\n\n<p class=\"wp-block-paragraph\">SemM\u00e9xico, Cd. de M\u00e9xico, 12 octubre 2017. La Comisi\u00f3n Especial de Alerta de G\u00e9nero de la C\u00e1mara de Diputados acord\u00f3 realizar reuniones con gobernadores y organizaciones sociales de los 12 estados del pa\u00eds donde existe declaratoria de Alerta de Violencia de G\u00e9nero contra las Mujeres (AVGM) para analizar su aplicaci\u00f3n.<br><br>En su primera reuni\u00f3n de trabajo, las diputadas integrantes de la comisi\u00f3n avalaron su programa de trabajo en el cual acordaron tambi\u00e9n buscar una reuni\u00f3n con la Comisi\u00f3n Nacional para Prevenir y Erradicar la Violencia contra las Mujeres (Conavim) de la Secretar\u00eda de Gobernaci\u00f3n (Segob), para conocer la situaci\u00f3n de la violencia contra las mujeres en el pa\u00eds y las acciones establecidas para erradicarla en cada estado y municipio con la Alerta de G\u00e9nero decretada.<br><br>La diputada Karen Hurtado Arana, presidenta de la Comisi\u00f3n Especial de Alerta de G\u00e9nero, detall\u00f3 que los objetivos del programa de trabajo son dar seguimiento y an\u00e1lisis de las acciones realizadas por los gobiernos de los estados y municipios de acuerdo a la declaratoria de AVGM correspondiente.<br><br>Adem\u00e1s, realizar reuniones con organizaciones peticionarias de las alertas y organizaciones de la sociedad civil con presencia en los estados y municipios con Alerta de G\u00e9nero, con el fin de conocer su opini\u00f3n de las acciones realizadas por los gobiernos para atender la alerta y erradicar la violencia feminicida; asimismo conocer y analizar las solicitudes de Declaraci\u00f3n de Alerta de G\u00e9nero en estados para su implementaci\u00f3n.<br><br>La legisladora del PRD indic\u00f3 que el objetivo es dar seguimiento a la aplicaci\u00f3n de los protocolos que la alerta contempla en cada estado y revisar la petici\u00f3n de otras entidades para aplicar la misma medida.<br><br>La comisi\u00f3n que se instal\u00f3 el 21 de febrero pasado, tambi\u00e9n comenzar\u00e1 a generar una base de datos de las acciones que se han llevado a cabo en los municipios y estados con declaratoria de Alerta de G\u00e9nero, para integrar un informe respecto a los cumplimientos de las acciones contempladas para atacar la violencia contra las mujeres.<br><br>Cabe recordar que en septiembre pasado la comisi\u00f3n especial no logr\u00f3 reunir qu\u00f3rum para trabajar, por lo que hoy llev\u00f3 a cabo su primera reuni\u00f3n, y la pr\u00f3xima cita de trabajo est\u00e1 prevista para el 9 de noviembre, en la cual se espera asistan representantes de la Conavim, indic\u00f3 la diputada Karen Hurtado.<br><br>Mientras que, en conferencia de prensa en el Palacio Legislativo de San L\u00e1zaro, la agrupaci\u00f3n Unidos por Puebla y la diputada Paola F\u00e9lix D\u00edaz, del grupo parlamentario de Morena, exigieron que se declare la Alerta de G\u00e9nero, debido a la creciente ola de violencia feminicida que se registra en la entidad.<br><br>Denunciaron que del a\u00f1o 2011 a lo que va de 2017 existe 284 averiguaciones por el delito de feminicidio, y que s\u00f3lo 82 casos est\u00e1n consignados, lo que representa el 29 por ciento, por tanto el 71 por ciento de estos casos sigue sin respuesta.<br><br>Adem\u00e1s que al 2 de octubre de este a\u00f1o se registraron 88 casos de feminicidio en el estado; y que en los primeros siete meses de 2017 existe un registro de 781 denuncias de mujeres desaparecidas en Puebla, mujeres que siguen sin ser localizadas.<br><br>La organizaci\u00f3n record\u00f3 que en junio del a\u00f1o pasado, el grupo de trabajo que conform\u00f3 Conavim emiti\u00f3 once recomendaciones al gobierno de Puebla para atender la problem\u00e1tica, y aunque se han hecho modificaciones a leyes y reglamentos, \u00e9stas no se han cumplido en su totalidad.<br><br>Por ello, Unidos por Puebla anunci\u00f3 que tomar\u00e1n \u201cvarias acciones constitucionales e internacionales para denunciar\u201d la omisi\u00f3n del Estado y del gobierno actual y anterior de la entidad.<br><br>Por otro lado, diputadas de Movimiento Ciudadano aseguraron que existen irregularidades y una reducci\u00f3n del 2.0 por ciento en el Anexo 13 del Presupuesto de Egresos de la Federaci\u00f3n (PEF) 2018, que corresponde al rubro que se destina a atender la igualdad entre mujeres y hombres.<br><br>Tambi\u00e9n en conferencia de prensa, las diputadas Ver\u00f3nica Delgadillo Garc\u00eda, Mirza Flores G\u00f3mez, Candelaria Ochoa \u00e1valos y Victoria Mercado S\u00e1nchez, urgieron que se \u201creconsidere\u201d esta situaci\u00f3n en la discusi\u00f3n del PEF, el cual debe ser aprobado a m\u00e1s tardar el pr\u00f3ximo 15 de noviembre.<br><br>La diputada Candelaria Ochoa se\u00f1al\u00f3 que \u201cse dice que el Anexo 13, que es el presupuesto encargado para la igualdad, no tiene reducci\u00f3n, pero existe una trampa en el Presupuesto\u201d. Ya que presenta un aumento de 2.0 por ciento, mientras la inflaci\u00f3n es de 4.0 por ciento, por lo tanto hay una reducci\u00f3n del 2.0 por ciento; y precis\u00f3 que s\u00f3lo el 0.5 por ciento del presupuesto general es etiquetado en el Anexo 13, que adem\u00e1s se \u201ctraduce a una desigualdad en el<br>presupuesto\u201d.<br><br>Explic\u00f3 que el art\u00edculo 58 de la Ley de Presupuesto y Responsabilidad Hacendaria contempla que no se podr\u00e1n reducir a programas presupuestarios, ni a las inversiones dirigidas a la atenci\u00f3n de la igualdad entre mujeres y hombres.<br><br>Por ejemplo, enfatiz\u00f3, que tan s\u00f3lo en la Secretar\u00eda de Gobernaci\u00f3n, el programa encargado de promover la atenci\u00f3n y prevenci\u00f3n en la violencia contra las mujeres, sufri\u00f3 una reducci\u00f3n del 64 por ciento.<br><br>SEM\/am\/lr<br><\/p>\n","protected":false},"excerpt":{"rendered":"<p>Alicia Mendoza SemM\u00e9xico, Cd. de M\u00e9xico, 12 octubre 2017. La Comisi\u00f3n Especial de Alerta de G\u00e9nero de la C\u00e1mara de Diputados acord\u00f3 realizar reuniones con gobernadores y organizaciones sociales de los 12 estados del pa\u00eds donde existe declaratoria de Alerta de Violencia de G\u00e9nero contra las Mujeres (AVGM) para analizar su aplicaci\u00f3n. En su primera [&hellip;]<\/p>\n","protected":false},"author":3,"featured_media":5475,"comment_status":"open","ping_status":"open","sticky":false,"template":"","format":"standard","meta":{"_monsterinsights_skip_tracking":false,"footnotes":""},"categories":[687,50],"tags":[],"class_list":["post-5474","post","type-post","status-publish","format-standard","has-post-thumbnail","category-687","category-congreso"],"_links":{"self":[{"href":"https:\/\/redsemlac.com\/semmexico\/wp-json\/wp\/v2\/posts\/5474","targetHints":{"allow":["GET"]}}],"collection":[{"href":"https:\/\/redsemlac.com\/semmexico\/wp-json\/wp\/v2\/posts"}],"about":[{"href":"https:\/\/redsemlac.com\/semmexico\/wp-json\/wp\/v2\/types\/post"}],"author":[{"embeddable":true,"href":"https:\/\/redsemlac.com\/semmexico\/wp-json\/wp\/v2\/users\/3"}],"replies":[{"embeddable":true,"href":"https:\/\/redsemlac.com\/semmexico\/wp-json\/wp\/v2\/comments?post=5474"}],"version-history":[{"count":0,"href":"https:\/\/redsemlac.com\/semmexico\/wp-json\/wp\/v2\/posts\/5474\/revisions"}],"wp:featuredmedia":[{"embeddable":true,"href":"https:\/\/redsemlac.com\/semmexico\/wp-json\/wp\/v2\/media\/5475"}],"wp:attachment":[{"href":"https:\/\/redsemlac.com\/semmexico\/wp-json\/wp\/v2\/media?parent=5474"}],"wp:term":[{"taxonomy":"category","embeddable":true,"href":"https:\/\/redsemlac.com\/semmexico\/wp-json\/wp\/v2\/categories?post=5474"},{"taxonomy":"post_tag","embeddable":true,"href":"https:\/\/redsemlac.com\/semmexico\/wp-json\/wp\/v2\/tags?post=5474"}],"curies":[{"name":"wp","href":"https:\/\/api.w.org\/{rel}","templated":true}]}}