{"id":5471,"date":"2017-10-13T00:42:31","date_gmt":"2017-10-13T00:42:31","guid":{"rendered":"https:\/\/redsemlac.com\/semmexico\/?p=5471"},"modified":"2023-07-21T14:25:12","modified_gmt":"2023-07-21T19:25:12","slug":"hablo-de-los-diez-anos-de-la-ley-general-de-acceso-de-las-mujeres-a-una-vida-libre-de-violencia","status":"publish","type":"post","link":"https:\/\/redsemlac.com\/semmexico\/hablo-de-los-diez-anos-de-la-ley-general-de-acceso-de-las-mujeres-a-una-vida-libre-de-violencia\/","title":{"rendered":"Habl\u00f3 de los diez a\u00f1os de la Ley General de Acceso de las Mujeres a una Vida Libre de Violencia"},"content":{"rendered":"\n<p class=\"wp-block-paragraph\"><a href=\"https:\/\/www.semmexico.com\/gallery-post.php?id=3182#\">Josefina Aguilar Pastor,<\/a><\/p>\n\n\n\n<p class=\"wp-block-paragraph\">SemM\u00e9xico, Chilpancingo, Gro., 13 de octubre de 2017.- La feminista y defensora de los derechos humanos de las mujeres, Marcela Lagarde y de los R\u00edos, impulsora de la Ley General de Acceso de las Mujeres a una Vida Libre de Violencia, del mecanismo de Alerta de Violencia de G\u00e9nero y autora de conceptos como la Violencia Feminicida, present\u00f3 en el Congreso Local del Estado de Guerrero la conferencia \u201cBalance a 10 a\u00f1os de la Ley General de Acceso de las Mujeres a una Vida libre de Violencia y su impacto en la legislaci\u00f3n del Estado de Guerrero\u201d.<br><br>En el contexto de la primera d\u00e9cada de la Ley citada, por gestiones del grupo de seguimiento de la Alerta de Violencia de G\u00e9nero en Guerrero, en coordinaci\u00f3n con la Comisi\u00f3n de Igualdad y la Unidad de G\u00e9nero del poder Legislativo Local, Marcela Lagarde convers\u00f3, literalmente, con representantes del poder Ejecutivo, Legislativo y de la sociedad civil.<br><br>Refiri\u00f3 que desde el Primer Congreso Feminista de Yucat\u00e1n, en 1916, donde se habl\u00f3 con valent\u00eda sobre la maternidad, que deb\u00eda ser protegida por el Estado, no ha habido logros; en ese sentido, llam\u00f3 a cambiar los modelos de cuidado tradicional por uno de solidaridad social, y un sistema a cargo de las instituciones .<br><br>Desde la reflexi\u00f3n del concepto de feminismo hasta los alcances de la AVG, Marcela Lagarde pidi\u00f3 a las asistentes, eliminar el androcentrismo de las propuestas de acciones o proyectos p\u00fablicos; lo que queremos, dijo, es que el desarrollo no sea solo para los hombres y que las mujeres sean apoyo permanente a los otros; queremos a las mujeres con proyecto personal de vida, con individualidad, con respeto a su autonom\u00eda, y sus libertades democr\u00e1ticas.<br><br>Destac\u00f3 que en este momento hay en el pa\u00eds una movilizaci\u00f3n extraordinaria por construir el derecho de las mujeres a una vida libre de violencia, \u201ceso es lo que estamos haciendo a nivel nacional, estatal, y municipal\u201d.<br><br>Para que la AVG sirva para m\u00e1s de lo que ya ha servido, enfatiz\u00f3, necesitamos enfocarnos a trabajar la ciudadan\u00eda de las mujeres, sus derechos humanos, \u201ccomo derechos sentidos, conocidos, ejercidos d\u00eda a d\u00eda y respetados\u201d.<br><br>Cit\u00f3 que un feminicidio se produce \u201cpor la enorme tolerancia social y del Estado, a la violencia contra las mujeres y las ni\u00f1as, o sea que si no toleraramos la violencia, la hip\u00f3tesis es que no habr\u00eda feminicidio\u201d.<br><br>Los feminicidios, sostuvo, los fomenta el Estado cuando no act\u00faa, \u201clo fomenta por omisi\u00f3n\u201d. Invit\u00f3 a las y los legisladores a tomar en serio su papel como parlamentarias y parlamentarios, para hacer debate deliberativo sobre todo lo que se presente al Congreso, con los aportes que ya existen en el mundo.<br><br>Sugiri\u00f3 que la AVG debe ser un di\u00e1logo entre el gobierno con la sociedad \u201co no funciona\u201d, de ah\u00ed que se deban pedir informes de c\u00f3mo va la AVG peri\u00f3dicamente, ya que la Alerta no llega para quedarse eternamente.<br><br>Al grupo de seguimiento de la AVG recomend\u00f3 realizar una autoevaluaci\u00f3n, y medir su incidencia; aunque \u201cno hemos podido entrar a la estructura del fen\u00f3meno, s\u00ed hemos logrado que el Congreso y algunas legisladoras y legisladores asuman la causa, y eso es producto de la alerta\u201d.<br><br>Pidi\u00f3 a las asistentes ser ejemplares en el seguimiento a la Alerta de Violencia de G\u00e9nero, y de ser necesario, crear instrumentos, protocolos e instructivos para facilitar que las instituciones garanticen el acceso a la justicia.<br><br>La feminista reconoci\u00f3 que ha sido una d\u00e9cada muy compleja en cuanto a la violencia de g\u00e9nero, por lo que destac\u00f3 que la AVG es solo parte de la Ley y para que funcione como un mecanismo de emergencia, tiene que aplicarse r\u00e1pido, \u201ctiene que ver el factor tiempo, el factor sorpresa y el factor formaci\u00f3n\u201d.<br><br>Advirti\u00f3 que la a la AVG se le puede asfixiar por falta de recursos, pero ante ello la Ley dice que corresponde al gobierno federal en particular, y al Congreso Federal, incluir anualmente un presupuesto suficiente para lograr aplicar las AVG, \u201c no se vale decir que no hay dinero\u201d.<br><br>A las mujeres corresponde exigir presupuesto suficiente para las acciones de la AVG, para la operaci\u00f3n de las casas de Justicia, y de toda la estructura que atiende a las mujeres violentadas, luego reconoci\u00f3 que pocos estados tienen tantas instancias como Guerrero para ese fin, \u201cy eso deber\u00e1 ser valorado\u201d.<br><br>SEM\/ja\/lr<br><br><\/p>\n","protected":false},"excerpt":{"rendered":"<p>Josefina Aguilar Pastor, SemM\u00e9xico, Chilpancingo, Gro., 13 de octubre de 2017.- La feminista y defensora de los derechos humanos de las mujeres, Marcela Lagarde y de los R\u00edos, impulsora de la Ley General de Acceso de las Mujeres a una Vida Libre de Violencia, del mecanismo de Alerta de Violencia de G\u00e9nero y autora de [&hellip;]<\/p>\n","protected":false},"author":3,"featured_media":5472,"comment_status":"open","ping_status":"open","sticky":false,"template":"","format":"standard","meta":{"_monsterinsights_skip_tracking":false,"footnotes":""},"categories":[687,50],"tags":[],"class_list":["post-5471","post","type-post","status-publish","format-standard","has-post-thumbnail","category-687","category-congreso"],"_links":{"self":[{"href":"https:\/\/redsemlac.com\/semmexico\/wp-json\/wp\/v2\/posts\/5471","targetHints":{"allow":["GET"]}}],"collection":[{"href":"https:\/\/redsemlac.com\/semmexico\/wp-json\/wp\/v2\/posts"}],"about":[{"href":"https:\/\/redsemlac.com\/semmexico\/wp-json\/wp\/v2\/types\/post"}],"author":[{"embeddable":true,"href":"https:\/\/redsemlac.com\/semmexico\/wp-json\/wp\/v2\/users\/3"}],"replies":[{"embeddable":true,"href":"https:\/\/redsemlac.com\/semmexico\/wp-json\/wp\/v2\/comments?post=5471"}],"version-history":[{"count":0,"href":"https:\/\/redsemlac.com\/semmexico\/wp-json\/wp\/v2\/posts\/5471\/revisions"}],"wp:featuredmedia":[{"embeddable":true,"href":"https:\/\/redsemlac.com\/semmexico\/wp-json\/wp\/v2\/media\/5472"}],"wp:attachment":[{"href":"https:\/\/redsemlac.com\/semmexico\/wp-json\/wp\/v2\/media?parent=5471"}],"wp:term":[{"taxonomy":"category","embeddable":true,"href":"https:\/\/redsemlac.com\/semmexico\/wp-json\/wp\/v2\/categories?post=5471"},{"taxonomy":"post_tag","embeddable":true,"href":"https:\/\/redsemlac.com\/semmexico\/wp-json\/wp\/v2\/tags?post=5471"}],"curies":[{"name":"wp","href":"https:\/\/api.w.org\/{rel}","templated":true}]}}