{"id":54706,"date":"2022-08-15T13:23:03","date_gmt":"2022-08-15T19:23:03","guid":{"rendered":"https:\/\/redsemlac.com\/semmexico\/?p=54706"},"modified":"2023-07-21T19:11:18","modified_gmt":"2023-07-22T00:11:18","slug":"siembran-144-arboles-en-el-cerro-del-creston-en-exigencia-de-libertad-para-el-defensor-de-derechos-humanos-pablo-lopez-alavez","status":"publish","type":"post","link":"https:\/\/redsemlac.com\/semmexico\/siembran-144-arboles-en-el-cerro-del-creston-en-exigencia-de-libertad-para-el-defensor-de-derechos-humanos-pablo-lopez-alavez\/","title":{"rendered":"Siembran 144 \u00e1rboles en el Cerro del Crest\u00f3n en exigencia de libertad para el defensor de derechos humanos Pablo L\u00f3pez Alavez"},"content":{"rendered":"\n<ul class=\"wp-block-list\"><li><strong>Activistas y personas defensoras exhortaron al Gobierno Federal, y en particular al Presidente de la Rep\u00fablica, a que cumpla con la opini\u00f3n de expertos de la ONU y liberen de manera inmediata a Pablo L\u00f3pez Alavez.<\/strong><\/li><li><strong>Sembraron 144 \u00e1rboles como un acto de esperanza y exigencia de justicia, reivindicando de esta manera la lucha de Pablo a favor del bosque, del agua y de la vida.<\/strong><\/li><\/ul>\n\n\n\n<p class=\"wp-block-paragraph\"><strong>Redacci\u00f3n<\/strong><\/p>\n\n\n\n<p class=\"wp-block-paragraph\">SemM\u00e9xico, Oaxaca de Ju\u00e1rez, 15 de agosto del 2022.- Reunidos en el emblem\u00e1tico Cerro del Crest\u00f3n, diversas personas defensoras, activistas e integrantes de colectivos, organizaciones de la sociedad civil y del movimiento social llevaron a cabo el domingo 14 del mes en curso, la siembra de 144 \u00e1rboles en exigencia de la libertad para el defensor de derechos humanos Pablo L\u00f3pez Alavez, injustamente privado de la libertad desde hace 12 a\u00f1os por defender el bosque y el agua de su comunidad.<\/p>\n\n\n\n<p class=\"wp-block-paragraph\">Esta acci\u00f3n tuvo lugar en el marco de la Jornada Internacional \u201c<strong>Exigimos Libertad Para Pablo. Seguimos sembrando esperanza\u201d <\/strong>misma que es impulsada por un total de 171 comunidades, colectivos y organizaciones de Oaxaca, M\u00e9xico y de otros pa\u00edses americanos y europeos.<\/p>\n\n\n\n<p class=\"wp-block-paragraph\">Cada uno de los \u00e1rboles sembrados representa un mes de prisi\u00f3n injusta de Pablo L\u00f3pez Alavez; asimismo, como parte de esta Jornada a partir de hoy se siembran ejemplares de forma paralela en Colombia, Honduras, Canad\u00e1, Italia, Espa\u00f1a, B\u00e9lgica, Irlanda y Alemania en exigencia de la libertad del activista.<\/p>\n\n\n\n<p class=\"wp-block-paragraph\">Al inicio de la siembra y conforme a la cosmovisi\u00f3n ind\u00edgena y tradici\u00f3n oaxaque\u00f1a, las activistas y personas defensoras realizaron un ritual para auspiciar la siembra y pedir permiso a la Madre Tierra. Posteriormente, Yesica S\u00e1nchez Maya, integrante del equipo directivo de Consorcio Oaxaca dio la bienvenida y agradeci\u00f3 la presencia de decenas de activistas,&nbsp; personas defensoras y colonos. Agradeci\u00f3 en particular la labor de los diversos COMVIVE que coadyuvaron en hacer posible la acci\u00f3n.<\/p>\n\n\n\n<p class=\"wp-block-paragraph\">En seguida, los defensores de derechos humanos y ex presos pol\u00edticos Dami\u00e1n Gallardo Mart\u00ednez y Fredy Garc\u00eda Ram\u00edrez, junto con la defensora de la tierra y el territorio Yolanda P\u00e9rez Cruz emitieron un pronunciamiento donde calificaron como urgente e impostergable la liberaci\u00f3n incondicional de Pablo L\u00f3pez Alavez.<\/p>\n\n\n\n<figure class=\"wp-block-gallery has-nested-images columns-2 is-cropped wp-block-gallery-1 is-layout-flex wp-block-gallery-is-layout-flex\">\n<figure class=\"wp-block-image size-large\"><a href=\"https:\/\/redsemlac.com\/semmexico\/wp-content\/uploads\/2022\/08\/Siembra-Pablo-12.jpeg\"><img loading=\"lazy\" decoding=\"async\" width=\"1280\" height=\"853\" data-id=\"54712\" src=\"https:\/\/redsemlac.com\/semmexico\/wp-content\/uploads\/2022\/08\/Siembra-Pablo-12.jpeg\" alt=\"\" class=\"wp-image-54712\"\/><\/a><\/figure>\n\n\n\n<figure class=\"wp-block-image size-large\"><a href=\"https:\/\/redsemlac.com\/semmexico\/wp-content\/uploads\/2022\/08\/Siembra-Pablo-6.jpeg\"><img loading=\"lazy\" decoding=\"async\" width=\"1280\" height=\"853\" data-id=\"54711\" src=\"https:\/\/redsemlac.com\/semmexico\/wp-content\/uploads\/2022\/08\/Siembra-Pablo-6.jpeg\" alt=\"\" class=\"wp-image-54711\"\/><\/a><\/figure>\n\n\n\n<figure class=\"wp-block-image size-large\"><a href=\"https:\/\/redsemlac.com\/semmexico\/wp-content\/uploads\/2022\/08\/Siembra-Pablo-4.jpeg\"><img loading=\"lazy\" decoding=\"async\" width=\"1160\" height=\"868\" data-id=\"54710\" src=\"https:\/\/redsemlac.com\/semmexico\/wp-content\/uploads\/2022\/08\/Siembra-Pablo-4.jpeg\" alt=\"\" class=\"wp-image-54710\"\/><\/a><\/figure>\n\n\n\n<figure class=\"wp-block-image size-large\"><a href=\"https:\/\/redsemlac.com\/semmexico\/wp-content\/uploads\/2022\/08\/Siembra-Pablo-2.jpeg\"><img loading=\"lazy\" decoding=\"async\" width=\"1280\" height=\"853\" data-id=\"54709\" src=\"https:\/\/redsemlac.com\/semmexico\/wp-content\/uploads\/2022\/08\/Siembra-Pablo-2.jpeg\" alt=\"\" class=\"wp-image-54709\"\/><\/a><\/figure>\n\n\n\n<figure class=\"wp-block-image size-large\"><a href=\"https:\/\/redsemlac.com\/semmexico\/wp-content\/uploads\/2022\/08\/Siembra-arboles-2.jpeg\"><img loading=\"lazy\" decoding=\"async\" width=\"1160\" height=\"868\" data-id=\"54708\" src=\"https:\/\/redsemlac.com\/semmexico\/wp-content\/uploads\/2022\/08\/Siembra-arboles-2.jpeg\" alt=\"\" class=\"wp-image-54708\"\/><\/a><\/figure>\n\n\n\n<figure class=\"wp-block-image size-large\"><a href=\"https:\/\/redsemlac.com\/semmexico\/wp-content\/uploads\/2022\/08\/Siembra-arboles-1.jpeg\"><img loading=\"lazy\" decoding=\"async\" width=\"1160\" height=\"868\" data-id=\"54707\" src=\"https:\/\/redsemlac.com\/semmexico\/wp-content\/uploads\/2022\/08\/Siembra-arboles-1.jpeg\" alt=\"\" class=\"wp-image-54707\"\/><\/a><\/figure>\n<\/figure>\n\n\n\n<p class=\"wp-block-paragraph\">En ese contexto, recordaron que el caso de Pablo ha llamado la atenci\u00f3n de expertos internacionales, pues en septiembre 2017 fue publicada la Opini\u00f3n 23\/2017 del Grupo de Trabajo sobre Detenci\u00f3n Arbitraria de las Naciones Unidas, calificando su detenci\u00f3n de arbitraria y recomendando su inmediata liberaci\u00f3n y reparaci\u00f3n del da\u00f1o. Lamentaron que cinco a\u00f1os despu\u00e9s las recomendaciones de los expertos no hayan sido implementadas y enfatizaron que Pablo L\u00f3pez es el \u00faltimo de las 32 personas defensoras sobre las que se pronunci\u00f3 el Grupo de Trabajo de la ONU entre 2014 y 2017 que permanece privado de su libertad.<\/p>\n\n\n\n<p class=\"wp-block-paragraph\">De all\u00ed que exhortaron al Gobierno Federal y en particular al Presidente de la Rep\u00fablica, Andr\u00e9s Manuel L\u00f3pez Obrador a que cumpliera de manera urgente con esta opini\u00f3n.<\/p>\n\n\n\n<p class=\"wp-block-paragraph\">Recordaron que Pablo L\u00f3pez se encuentra privado de la libertad por defender el bosque, la naturaleza y el medioambiente de su comunidad, San Isidro Aloapam en la Sierra Norte de Oaxaca. Es uno de los primeros defensores que han sido criminalizados por su labor en la defensa de la tierra y el territorio. Fue durante el sexenio del impune Ulises Ruiz, el 15 de agosto 2010, hace 12 a\u00f1os que un grupo al menos 15 hombres vestidos de negro, encapuchados y armados detuvo a Pablo en las cercan\u00edas del R\u00edo Virgen en su comunidad.<\/p>\n\n\n\n<p class=\"wp-block-paragraph\">Pablo fue golpeado y amenazado junto con sus familiares, lo subieron a una camioneta en donde lo mantuvieron por varias horas incomunicado, en ning\u00fan momento las personas que lo detuvieron se identificaron ni le mostraron alguna orden de aprehensi\u00f3n. Posteriormente le informaron que lo acusaban de homicidio y se ha enfrentado a un proceso lleno de irregularidades donde no fueron respetados sus derechos como integrante de un pueblo ind\u00edgena y donde no se tomaron en cuenta las pruebas que aport\u00f3 su defensa y dejaban en claro su inocencia y la criminalizaci\u00f3n de la labor de defensa de derechos humanos.<\/p>\n\n\n\n<p class=\"wp-block-paragraph\">\u201cEs intolerable que Pablo L\u00f3pez contin\u00fae injustamente privado de la libertad, pues cada d\u00eda se profundiza la injusticia, la impunidad y el agravio no solo contra Pablo sino en contra de su comunidad y de todas las personas que defendemos la vida, el agua, el bosque y el territorio\u201d, se\u00f1alaron.<\/p>\n\n\n\n<p class=\"wp-block-paragraph\">\u201cSembramos aqu\u00ed 144 \u00e1rboles como un acto de esperanza y exigencia de justicia, reivindicando de esta manera la lucha de Pablo a favor del bosque, del agua y de la vida. A partir de aqu\u00ed, la siembra se reproducir\u00e1 y crecer\u00e1 alrededor del mundo, pues a esta acci\u00f3n nos sumamos un total de 171 comunidades, colectivos y organizaciones de Oaxaca, M\u00e9xico e internacionales\u201d, afirmaron.<\/p>\n\n\n\n<p class=\"wp-block-paragraph\">La actividad concluy\u00f3 con la siembra de 144 \u00e1rboles en el Cerro del Crest\u00f3n.&nbsp; Sembraron los \u00e1rboles representantes de diversos colectivos y organizaciones; entre otros integrantes del Centro de Derechos Ind\u00edgenas Flor y Canto en representaci\u00f3n de la Alianza por la Libre Determinaci\u00f3n y la Autonom\u00eda (ALDEA) que agrupa a 142 comunidades y organizaciones de 15 estados de M\u00e9xico; representantes de la organizaci\u00f3n EDUCA, del Colectivo Mujer Nueva, de CODEDI, de Consorcio Oaxaca, de Tendaj\u00f3n Lay\u00fa, del Comit\u00e9 Dami\u00e1n Gallardo Mart\u00ednez y de Maestras Resistiendo Secci\u00f3n XXII.<\/p>\n\n\n\n<p class=\"wp-block-paragraph\">SEM\/MG<\/p>\n","protected":false},"excerpt":{"rendered":"<p>Activistas y personas defensoras exhortaron al Gobierno Federal, y en particular al Presidente de la Rep\u00fablica, a que cumpla con la opini\u00f3n de expertos de la ONU y liberen de manera inmediata a Pablo L\u00f3pez Alavez.<\/p>\n","protected":false},"author":3,"featured_media":54708,"comment_status":"open","ping_status":"open","sticky":false,"template":"","format":"standard","meta":{"_monsterinsights_skip_tracking":false,"footnotes":""},"categories":[693,54],"tags":[],"class_list":["post-54706","post","type-post","status-publish","format-standard","has-post-thumbnail","category-693","category-mujeres"],"_links":{"self":[{"href":"https:\/\/redsemlac.com\/semmexico\/wp-json\/wp\/v2\/posts\/54706","targetHints":{"allow":["GET"]}}],"collection":[{"href":"https:\/\/redsemlac.com\/semmexico\/wp-json\/wp\/v2\/posts"}],"about":[{"href":"https:\/\/redsemlac.com\/semmexico\/wp-json\/wp\/v2\/types\/post"}],"author":[{"embeddable":true,"href":"https:\/\/redsemlac.com\/semmexico\/wp-json\/wp\/v2\/users\/3"}],"replies":[{"embeddable":true,"href":"https:\/\/redsemlac.com\/semmexico\/wp-json\/wp\/v2\/comments?post=54706"}],"version-history":[{"count":0,"href":"https:\/\/redsemlac.com\/semmexico\/wp-json\/wp\/v2\/posts\/54706\/revisions"}],"wp:featuredmedia":[{"embeddable":true,"href":"https:\/\/redsemlac.com\/semmexico\/wp-json\/wp\/v2\/media\/54708"}],"wp:attachment":[{"href":"https:\/\/redsemlac.com\/semmexico\/wp-json\/wp\/v2\/media?parent=54706"}],"wp:term":[{"taxonomy":"category","embeddable":true,"href":"https:\/\/redsemlac.com\/semmexico\/wp-json\/wp\/v2\/categories?post=54706"},{"taxonomy":"post_tag","embeddable":true,"href":"https:\/\/redsemlac.com\/semmexico\/wp-json\/wp\/v2\/tags?post=54706"}],"curies":[{"name":"wp","href":"https:\/\/api.w.org\/{rel}","templated":true}]}}