{"id":54694,"date":"2022-08-15T11:38:38","date_gmt":"2022-08-15T17:38:38","guid":{"rendered":"https:\/\/redsemlac.com\/semmexico\/?p=54694"},"modified":"2023-07-21T19:11:18","modified_gmt":"2023-07-22T00:11:18","slug":"iepc-deja-de-participar-en-la-avg-ya-le-corresponde-a-la-secretaria-de-gobierno-matildes-gama","status":"publish","type":"post","link":"https:\/\/redsemlac.com\/semmexico\/iepc-deja-de-participar-en-la-avg-ya-le-corresponde-a-la-secretaria-de-gobierno-matildes-gama\/","title":{"rendered":"IEPC deja de participar en la AVG, ya le corresponde a la Secretaria de Gobierno: Matildes Gama"},"content":{"rendered":"\n<ul class=\"wp-block-list\"><li><strong>La funcionaria electoral se\u00f1al\u00f3 que esta alerta de g\u00e9nero, es una serie de actos y acciones que se han aprobado en los tribunales electorales, en la protecci\u00f3n de los derechos pol\u00edticos electorales, en este caso de la presidenta municipal de Xalpatl\u00e1huac.<\/strong><\/li><\/ul>\n\n\n\n<p class=\"wp-block-paragraph\"><strong>Josefina Aguilar Pastor&nbsp;&nbsp;<\/strong><\/p>\n\n\n\n<p class=\"wp-block-paragraph\">SemM\u00e9xico, Chilpancingo, Guerrero, 14 de agosto del 2022. \u2013&nbsp; Con la declaratoria de Alerta de Violencia de G\u00e9nero (AVG), para el municipio de Xalpatl\u00e1huac, el Instituto Electoral y de Participaci\u00f3n Ciudadana (IEPC), deja de tener alguna participaci\u00f3n, ya que corresponde a la Secretar\u00eda General de Gobierno, implementar las acciones necesarias para el cumplimiento de dicha declaratoria, solo vigilar\u00e1 que las medidas cautelares se cumplan, dio a conocer la Consejera Presidenta de dicho \u00f3rgano, Luz Fabiola Matildes Gama.<\/p>\n\n\n\n<p class=\"wp-block-paragraph\">Luego de que el pasado 7 de los corrientes, integrantes del Sistema Estatal para Prevenir, Atender, Sancionar y Erradicar la Violencia en contra de las Mujeres, aprob\u00f3 declarar alerta AVG para el municipio de Xalpatl\u00e1huac, la declaratoria, fue en cumplimento de la sentencia emitida por la Sala Regional del Tribunal Electoral del Poder Judicial de la Federaci\u00f3n (TEPJF), la cual vincul\u00f3 a la Comisi\u00f3n de Derechos Humanos del Estado de Guerrero (CDHEG), como solicitante de dicha declaratoria, no es una ocurrencia de Secretar\u00eda General de Gobierno, recalc\u00f3.<\/p>\n\n\n\n<p class=\"wp-block-paragraph\">La funcionaria electoral se\u00f1al\u00f3 que esta alerta de g\u00e9nero, es una serie de actos y acciones que se han aprobado en los tribunales electorales, en la protecci\u00f3n de los derechos pol\u00edticos electorales, en este caso de la presidenta municipal de Xalpatl\u00e1huac.<\/p>\n\n\n\n<p class=\"wp-block-paragraph\">Aunque el IEPC, fue la primera instancia en conocer la denuncia presentada por la presidenta municipal de Xalpatl\u00e1huac, Selene Sotelo Maldonado, por los ataques de que estaba siendo v\u00edctima de parte de uno de sus ex adversarios pol\u00edticos y uno de los \u201cmayores\u201d de la comunidad, dict\u00f3 las primeras medidas cautelares, con lo que empez\u00f3 todo un proceso judicial por violencia pol\u00edtica en contra de las mujeres por raz\u00f3n de g\u00e9nero, una vez establecida esta declaratoria, el p\u00edrgano electoral pierde toda injerencia, coment\u00f3 Matildes Gama.<\/p>\n\n\n\n<p class=\"wp-block-paragraph\">\u201cYa no nos corresponde nada, ya no tenemos ninguna responsabilidad, si bien yo formo parte de esta comisi\u00f3n, el IEPC ya no, en su momento, el IEPC hizo su trabajo, recibi\u00f3 la queja, dict\u00f3 medidas cautelares y quien resuelve estos&nbsp; procedimientos es el Tribunal Electoral del Estado (TEE),\u201d, expuso la consejera presidenta del IEPC.<\/p>\n\n\n\n<p class=\"wp-block-paragraph\">Sin embargo, al sentirse insatisfecha por la resoluci\u00f3n emitida por el TEE, la alcaldesa de Xalpatl\u00e1huac, recurri\u00f3 a la Sala Regional del TEPJF, autoridad que finalmente resolvi\u00f3 una serie de medidas de protecci\u00f3n de la presidenta municipal, como la alerta de g\u00e9nero, el otorgamiento de veh\u00edculos adecuados, entre otras.<\/p>\n\n\n\n<p class=\"wp-block-paragraph\">Con ello reiter\u00f3 la consejera presidenta del IEPC; dicho \u00f3rgano ya no tiene ning\u00fan tipo de injerencia o en este caso, solo el que se cumplan las medidas dictadas que fueron confirmadas por el TEE.<\/p>\n\n\n\n<p class=\"wp-block-paragraph\">SEM\/MG<\/p>\n","protected":false},"excerpt":{"rendered":"<p>La funcionaria electoral se\u00f1al\u00f3 que esta alerta de g\u00e9nero, es una serie de actos y acciones que se han aprobado en los tribunales electorales, en la protecci\u00f3n de los derechos pol\u00edticos electorales, en este caso de la presidenta municipal de Xalpatl\u00e1huac.<\/p>\n","protected":false},"author":3,"featured_media":54695,"comment_status":"open","ping_status":"open","sticky":false,"template":"","format":"standard","meta":{"_monsterinsights_skip_tracking":false,"footnotes":""},"categories":[693,51],"tags":[],"class_list":["post-54694","post","type-post","status-publish","format-standard","has-post-thumbnail","category-693","category-ejecutivo"],"_links":{"self":[{"href":"https:\/\/redsemlac.com\/semmexico\/wp-json\/wp\/v2\/posts\/54694","targetHints":{"allow":["GET"]}}],"collection":[{"href":"https:\/\/redsemlac.com\/semmexico\/wp-json\/wp\/v2\/posts"}],"about":[{"href":"https:\/\/redsemlac.com\/semmexico\/wp-json\/wp\/v2\/types\/post"}],"author":[{"embeddable":true,"href":"https:\/\/redsemlac.com\/semmexico\/wp-json\/wp\/v2\/users\/3"}],"replies":[{"embeddable":true,"href":"https:\/\/redsemlac.com\/semmexico\/wp-json\/wp\/v2\/comments?post=54694"}],"version-history":[{"count":0,"href":"https:\/\/redsemlac.com\/semmexico\/wp-json\/wp\/v2\/posts\/54694\/revisions"}],"wp:featuredmedia":[{"embeddable":true,"href":"https:\/\/redsemlac.com\/semmexico\/wp-json\/wp\/v2\/media\/54695"}],"wp:attachment":[{"href":"https:\/\/redsemlac.com\/semmexico\/wp-json\/wp\/v2\/media?parent=54694"}],"wp:term":[{"taxonomy":"category","embeddable":true,"href":"https:\/\/redsemlac.com\/semmexico\/wp-json\/wp\/v2\/categories?post=54694"},{"taxonomy":"post_tag","embeddable":true,"href":"https:\/\/redsemlac.com\/semmexico\/wp-json\/wp\/v2\/tags?post=54694"}],"curies":[{"name":"wp","href":"https:\/\/api.w.org\/{rel}","templated":true}]}}