{"id":54691,"date":"2022-08-15T11:35:36","date_gmt":"2022-08-15T17:35:36","guid":{"rendered":"https:\/\/redsemlac.com\/semmexico\/?p=54691"},"modified":"2023-07-21T19:11:18","modified_gmt":"2023-07-22T00:11:18","slug":"ante-autoridades-indolentes-en-pleno-2022-siguen-vendiendo-y-comprando-a-las-ninas-indigenas","status":"publish","type":"post","link":"https:\/\/redsemlac.com\/semmexico\/ante-autoridades-indolentes-en-pleno-2022-siguen-vendiendo-y-comprando-a-las-ninas-indigenas\/","title":{"rendered":"Ante autoridades indolentes, en pleno 2022 siguen vendiendo y comprando a las ni\u00f1as ind\u00edgenas"},"content":{"rendered":"\n<ul class=\"wp-block-list\"><li><strong>Mujer Na Savi de la regi\u00f3n de la Monta\u00f1a, exhorta a las autoridades a que las ni\u00f1as no sigan siendo vendidas por los mayores que las ven como mercanc\u00eda.<\/strong><strong><\/strong><\/li><li><strong>Pide que dejen de firmar m\u00e1s convenios que se quedan en letras muertas.<\/strong><strong><\/strong><\/li><\/ul>\n\n\n\n<p class=\"wp-block-paragraph\"><strong>Josefina Aguilar Pastor&nbsp;<\/strong><\/p>\n\n\n\n<p class=\"wp-block-paragraph\">SemM\u00e9xico, Chilpancingo, Guerrero, 15 de agosto del 2022.- Durante el Parlamento Juvenil 2022, desarrollado este viernes en el Congreso de Guerrero, Carmen Ignacio Garc\u00eda, originaria de la comunidad de Arroyo Prieto municipio de Cochoapa el Grande (conocido como el m\u00e1s pobre del pa\u00eds). Mujer Na Savi de la regi\u00f3n de la Monta\u00f1a, quien escap\u00f3 a un matrimonio forzado, clama a diputados y diputadas, a no lucrar con su realidad, y legislar para terminar con el matrimonio infantil en la regi\u00f3n de la monta\u00f1a y las ni\u00f1as no sigan siendo vendidas por los mayores que las ven como mercanc\u00eda.&nbsp;<\/p>\n\n\n\n<p class=\"wp-block-paragraph\">Ataviada con un traje t\u00edpico de la regi\u00f3n, Carmen sostuvo que las mujeres Na Savi est\u00e1n cansadas del silencio de las autoridades, y por ellas alza la voz, y remarc\u00f3, \u201cvengo alzar la voz porque mis hermanas y a m\u00ed nos est\u00e1n vendiendo\u201d.<\/p>\n\n\n\n<p class=\"wp-block-paragraph\">La venta de menores, que en los \u00faltimos meses se ha vuelto uno de los temas centrales de la agenda de g\u00e9nero, que tanto la titular del ejecutivo estatal, como de la Secretaria de la Mujer han venido pregonando, es una realidad, se\u00f1al\u00f3 la joven parlamentarista, es una verdad que no puede ser ocultada, y urgi\u00f3 escuchen&nbsp; estos gritos de auxilio.<\/p>\n\n\n\n<p class=\"wp-block-paragraph\">Refiri\u00f3 el caso de la menor que escap\u00f3 de su suegro que hab\u00eda pagado por ella e intent\u00f3 violarla. \u201cLas ni\u00f1as en la Monta\u00f1a cuestan 80, 60 mil pesos, y es una realidad\u201d, remarc\u00f3.<\/p>\n\n\n\n<p class=\"wp-block-paragraph\">Como parte del Parlamento Juvenil 2022, Carmen Ignacio propuso adicionar el C\u00f3digo Penal del estado de Guerrero, para sancionar la venta de ni\u00f1as en la regi\u00f3n de la Monta\u00f1a, as\u00ed como la creaci\u00f3n de un tipo penal para sancionar esta conducta il\u00edcita, al considerar que sin ley, no hay crimen.<\/p>\n\n\n\n<p class=\"wp-block-paragraph\">\u201cEs momento que este Congreso Local legisle a favor de la mujer ind\u00edgena, urge que se regule esta acci\u00f3n lesiva para nuestros derechos, para que el ministerio p\u00fablico y jueces realmente hagan justicia porque este crimen se comete de manera impune en contra de las mujeres ind\u00edgenas\u201d, reclam\u00f3 Carmen Ignacio.<\/p>\n\n\n\n<p class=\"wp-block-paragraph\">Refiri\u00f3 que M\u00e9xico es un pa\u00eds que ha firmado tratados internacionales a favor de la vida, de la libertad y en la Constituci\u00f3n Federal, se plasman los derechos humanos, igualdad y derecho a la justicia de las mujeres, \u201cpero no es una realidad all\u00e1 en las comunidades m\u00e1s apartadas, all\u00e1 donde la mujer es tomada como mercanc\u00eda, all\u00e1 donde las mujeres ya no so\u00f1amos con ser doctoras o abogadas porque los se\u00f1ores grandes nos venden y dicen que son usos y costumbres\u201d.<\/p>\n\n\n\n<p class=\"wp-block-paragraph\">Y recalc\u00f3 \u201cpero yo, yo me niego aceptar esa realidad porque yo me atrevo a so\u00f1ar con ser abogada, y&nbsp; es por eso que alzo la voz para reclamar mi leg\u00edtimo derecho a la libertad y la justicia\u201d.<\/p>\n\n\n\n<p class=\"wp-block-paragraph\">En ese mismo sentido, llam\u00f3 a las y los diputados, a que no las usen para lucrar con su realidad, y les pidi\u00f3 \u201cprometan que van a erradicar la violencia del matrimonio infantil, y no queremos que firmen m\u00e1s convenios que se quedan en letras muertas, yo no tengo precio, mi sue\u00f1o no se vende que viva la libertad de las ni\u00f1as de Metl\u00e1tonoc, y Cochoapa\u201d, concluy\u00f3.&nbsp;<\/p>\n\n\n\n<p class=\"wp-block-paragraph\">SEM\/MG<\/p>\n","protected":false},"excerpt":{"rendered":"<p>Mujer Na Savi de la regi\u00f3n de la Monta\u00f1a, exhorta a las autoridades a que las ni\u00f1as no sigan siendo vendidas por los mayores que las ven como mercanc\u00eda.<\/p>\n","protected":false},"author":3,"featured_media":54692,"comment_status":"open","ping_status":"open","sticky":false,"template":"","format":"standard","meta":{"_monsterinsights_skip_tracking":false,"footnotes":""},"categories":[693,50],"tags":[],"class_list":["post-54691","post","type-post","status-publish","format-standard","has-post-thumbnail","category-693","category-congreso"],"_links":{"self":[{"href":"https:\/\/redsemlac.com\/semmexico\/wp-json\/wp\/v2\/posts\/54691","targetHints":{"allow":["GET"]}}],"collection":[{"href":"https:\/\/redsemlac.com\/semmexico\/wp-json\/wp\/v2\/posts"}],"about":[{"href":"https:\/\/redsemlac.com\/semmexico\/wp-json\/wp\/v2\/types\/post"}],"author":[{"embeddable":true,"href":"https:\/\/redsemlac.com\/semmexico\/wp-json\/wp\/v2\/users\/3"}],"replies":[{"embeddable":true,"href":"https:\/\/redsemlac.com\/semmexico\/wp-json\/wp\/v2\/comments?post=54691"}],"version-history":[{"count":0,"href":"https:\/\/redsemlac.com\/semmexico\/wp-json\/wp\/v2\/posts\/54691\/revisions"}],"wp:featuredmedia":[{"embeddable":true,"href":"https:\/\/redsemlac.com\/semmexico\/wp-json\/wp\/v2\/media\/54692"}],"wp:attachment":[{"href":"https:\/\/redsemlac.com\/semmexico\/wp-json\/wp\/v2\/media?parent=54691"}],"wp:term":[{"taxonomy":"category","embeddable":true,"href":"https:\/\/redsemlac.com\/semmexico\/wp-json\/wp\/v2\/categories?post=54691"},{"taxonomy":"post_tag","embeddable":true,"href":"https:\/\/redsemlac.com\/semmexico\/wp-json\/wp\/v2\/tags?post=54691"}],"curies":[{"name":"wp","href":"https:\/\/api.w.org\/{rel}","templated":true}]}}