{"id":54685,"date":"2022-08-15T11:31:18","date_gmt":"2022-08-15T17:31:18","guid":{"rendered":"https:\/\/redsemlac.com\/semmexico\/?p=54685"},"modified":"2023-07-21T19:11:18","modified_gmt":"2023-07-22T00:11:18","slug":"leticia-ramirez-la-segunda-mujer-en-ocupar-la-titularidad-de-la-sep","status":"publish","type":"post","link":"https:\/\/redsemlac.com\/semmexico\/leticia-ramirez-la-segunda-mujer-en-ocupar-la-titularidad-de-la-sep\/","title":{"rendered":"Leticia Ram\u00edrez, la segunda mujer en ocupar la titularidad de la SEP"},"content":{"rendered":"\n<ul class=\"wp-block-list\"><li><strong>El presidente Andr\u00e9s Manuel L\u00f3pez Obrador dio a conocer su decisi\u00f3n del cambio de la titular de la SEP.<\/strong><\/li><li><strong>Leticia Ram\u00edrez Amaya ha sido maestra durante 12 a\u00f1os y fue dirigente de la secci\u00f3n 9 tanto del SNTE como de la CNTE.<\/strong><\/li><\/ul>\n\n\n\n<p class=\"wp-block-paragraph\"><strong>Lizbeth \u00c1lvarez Mart\u00ednez&nbsp;<\/strong><\/p>\n\n\n\n<p class=\"wp-block-paragraph\">SemM\u00e9xico, Ciudad de M\u00e9xico, 15 de agosto del 2022.- Durante la conferencia de este lunes, y antes de continuar con la sesi\u00f3n de preguntas y respuestas de la prensa, el presidente Andr\u00e9s Manuel L\u00f3pez Obrador dio a conocer su decisi\u00f3n del cambio de la titular de la Secretar\u00eda de Educaci\u00f3n P\u00fablica (SEP).<\/p>\n\n\n\n<h4 class=\"wp-block-heading\"><strong>Te puede interesar:<\/strong><\/h4>\n\n\n\n<figure class=\"wp-block-embed alignleft is-type-wp-embed is-provider-semm-eacute-xico wp-block-embed-semm-eacute-xico\"><div class=\"wp-block-embed__wrapper\">\n<blockquote class=\"wp-embedded-content\" data-secret=\"DY3zmbu1aC\"><a href=\"https:\/\/redsemlac.com\/semmexico\/reforma-educativa-fases-o-grados-debate-nimio-o-profundo\/\">Reforma Educativa| Fases o grados: \u00bfdebate nimio o profundo?<\/a><\/blockquote><iframe loading=\"lazy\" class=\"wp-embedded-content\" sandbox=\"allow-scripts\" security=\"restricted\" style=\"position: absolute; visibility: hidden;\" title=\"\u00abReforma Educativa| Fases o grados: \u00bfdebate nimio o profundo?\u00bb \u2014 SemM\u00e9xico\" src=\"https:\/\/redsemlac.com\/semmexico\/reforma-educativa-fases-o-grados-debate-nimio-o-profundo\/embed\/#?secret=8HYOxj9XvO#?secret=DY3zmbu1aC\" data-secret=\"DY3zmbu1aC\" width=\"600\" height=\"338\" frameborder=\"0\" marginwidth=\"0\" marginheight=\"0\" scrolling=\"no\"><\/iframe>\n<\/div><\/figure>\n\n\n\n<p class=\"wp-block-paragraph\">\u00abQuiero informarles a ustedes y desde luego a todos los mexicanos que se ha tomado la decisi\u00f3n de llevar a cabo un cambio en la Secretar\u00eda de Educaci\u00f3n P\u00fablica. La maestra Delfina G\u00f3mez \u00c1lvarez, actual secretaria de Educaci\u00f3n P\u00fablica, tiene otra misi\u00f3n, ha decidido aceptar otra tarea, otro encargo, le agradecemos mucho a la maestra Delfina por el tiempo que se desempe\u00f1\u00f3 como secretaria de Educaci\u00f3n\u00bb, fueron las palabras del mandatario para la maestra Delfina G\u00f3mez.<\/p>\n\n\n\n<p class=\"wp-block-paragraph\">&nbsp;\u201cSe trata de otra maestra, Leticia Ram\u00edrez, que est\u00e1 aqu\u00ed. Ella, no s\u00f3lo ha estado aqu\u00ed todas las ma\u00f1anas. Lety tiene como profesi\u00f3n ser maestra, dio clases 12 a\u00f1os. Igual que la maestra Delfina. Maestras de aula durante mucho tiempo. Adem\u00e1s de eso, nos conocemos hace 28 a\u00f1os. Lety fue la coordinadora de atenci\u00f3n ciudadana durante todo el tiempo que estuve de jefe de gobierno. Actualmente es la responsable de atenci\u00f3n ciudadana en el gobierno federal, es la que atiende a todos los que vienen de los estados del pa\u00eds a plantear todas sus demandas y son los encargados de dar respuesta a esas peticiones\u201d, expres\u00f3 L\u00f3pez Obrador.<\/p>\n\n\n\n<p class=\"wp-block-paragraph\">\u00abEs una gente de absoluta confianza, preparada, honesta, con convicciones, fue adem\u00e1s dirigente en secci\u00f3n 9 del magisterio, tanto del CNTE (Coordinadora Nacional de Trabajadores de la Educaci\u00f3n), como de la SNTE (Sindicato Nacional de Trabajadores de la Educaci\u00f3n), entonces es otra maestra la que va a estar a cargo de la Secretar\u00eda de Educaci\u00f3n P\u00fablica\u201d, dijo AMLO.<\/p>\n\n\n\n<figure class=\"wp-block-image size-full\"><a href=\"https:\/\/redsemlac.com\/semmexico\/wp-content\/uploads\/2022\/08\/WhatsApp-Image-2022-08-15-at-12.49.35-PM.jpeg\"><img loading=\"lazy\" decoding=\"async\" width=\"1024\" height=\"681\" src=\"https:\/\/redsemlac.com\/semmexico\/wp-content\/uploads\/2022\/08\/WhatsApp-Image-2022-08-15-at-12.49.35-PM.jpeg\" alt=\"\" class=\"wp-image-54687\"\/><\/a><\/figure>\n\n\n\n<p class=\"wp-block-paragraph\">Despu\u00e9s del anuncio del mandatario, Leticia Ram\u00edrez tom\u00f3 su lugar en los asientos que son destinados para los funcionarios que acompa\u00f1an al presidente en sus conferencias matutinas.<\/p>\n\n\n\n<p class=\"wp-block-paragraph\">El acto protocolario de entrega y recepci\u00f3n se realizar\u00e1 en la secundaria \u201cAnexa a la Normal\u201d, en San Cosme.<\/p>\n\n\n\n<p class=\"wp-block-paragraph\">Es decir, que la maestra Delfina fue la primera a nivel primaria en ocupar el cargo. Hoy, toca de nueva cuenta a otra maestra ocupar dicho puesto.<\/p>\n\n\n\n<p class=\"wp-block-paragraph\">SEM\/MG<\/p>\n","protected":false},"excerpt":{"rendered":"<p>El presidente Andr\u00e9s Manuel L\u00f3pez Obrador dio a conocer su decisi\u00f3n del cambio de la titular de la SEP.<\/p>\n","protected":false},"author":3,"featured_media":54686,"comment_status":"open","ping_status":"open","sticky":false,"template":"","format":"standard","meta":{"_monsterinsights_skip_tracking":false,"footnotes":""},"categories":[693,51],"tags":[],"class_list":["post-54685","post","type-post","status-publish","format-standard","has-post-thumbnail","category-693","category-ejecutivo"],"_links":{"self":[{"href":"https:\/\/redsemlac.com\/semmexico\/wp-json\/wp\/v2\/posts\/54685","targetHints":{"allow":["GET"]}}],"collection":[{"href":"https:\/\/redsemlac.com\/semmexico\/wp-json\/wp\/v2\/posts"}],"about":[{"href":"https:\/\/redsemlac.com\/semmexico\/wp-json\/wp\/v2\/types\/post"}],"author":[{"embeddable":true,"href":"https:\/\/redsemlac.com\/semmexico\/wp-json\/wp\/v2\/users\/3"}],"replies":[{"embeddable":true,"href":"https:\/\/redsemlac.com\/semmexico\/wp-json\/wp\/v2\/comments?post=54685"}],"version-history":[{"count":0,"href":"https:\/\/redsemlac.com\/semmexico\/wp-json\/wp\/v2\/posts\/54685\/revisions"}],"wp:featuredmedia":[{"embeddable":true,"href":"https:\/\/redsemlac.com\/semmexico\/wp-json\/wp\/v2\/media\/54686"}],"wp:attachment":[{"href":"https:\/\/redsemlac.com\/semmexico\/wp-json\/wp\/v2\/media?parent=54685"}],"wp:term":[{"taxonomy":"category","embeddable":true,"href":"https:\/\/redsemlac.com\/semmexico\/wp-json\/wp\/v2\/categories?post=54685"},{"taxonomy":"post_tag","embeddable":true,"href":"https:\/\/redsemlac.com\/semmexico\/wp-json\/wp\/v2\/tags?post=54685"}],"curies":[{"name":"wp","href":"https:\/\/api.w.org\/{rel}","templated":true}]}}