{"id":5465,"date":"2017-10-16T00:38:36","date_gmt":"2017-10-16T00:38:36","guid":{"rendered":"https:\/\/redsemlac.com\/semmexico\/?p=5465"},"modified":"2023-07-21T14:25:12","modified_gmt":"2023-07-21T19:25:12","slug":"ilogico-que-sea-la-comision-de-igualdad-la-que-detenga-el-dictamen","status":"publish","type":"post","link":"https:\/\/redsemlac.com\/semmexico\/ilogico-que-sea-la-comision-de-igualdad-la-que-detenga-el-dictamen\/","title":{"rendered":"Il\u00f3gico que sea la Comisi\u00f3n de Igualdad la que detenga el dictamen"},"content":{"rendered":"\n<p class=\"wp-block-paragraph\"><a href=\"https:\/\/www.semmexico.com\/gallery-post.php?id=3209#\">Alicia Mendoza<\/a><\/p>\n\n\n\n<p class=\"wp-block-paragraph\">SemM\u00e9xico, Cd. de M\u00e9xico, 16 octubre 2017.- La diputada Maricela Contreras Juli\u00e1n, presidenta de la Comisi\u00f3n Especial de Delitos Cometidos por Razones de G\u00e9nero, inform\u00f3 que solicit\u00f3 al presidente de la Mesa Directiva de la C\u00e1mara de Diputados que instruya a las Comisiones Unidas de Gobernaci\u00f3n y de Igualdad de G\u00e9nero para que emitan el dictamen en materia de violencia pol\u00edtica de g\u00e9nero.<br><br>En v\u00edspera de la conmemoraci\u00f3n del 64 aniversario del derecho del voto de las mujeres en M\u00e9xico, mediante una carta dirigida al diputado presidente Jorge Carlos Ram\u00edrez Mar\u00edn, la legisladora del grupo parlamentario de Morena destac\u00f3 que dicha minuta proveniente del Senado de la Rep\u00fablica est\u00e1 detenida en la C\u00e1mara de Diputados desde el mes de marzo de este a\u00f1o.<br><br>La minuta sobre violencia pol\u00edtica en raz\u00f3n de g\u00e9nero fue aprobada por el Senado, desde el 9 de marzo, y fue enviada a la C\u00e1mara de Diputados, donde se turn\u00f3 para su dictaminaci\u00f3n a las comisiones de Igualdad de G\u00e9nero y de Gobernaci\u00f3n. El pasado 25 de abril, la Comisi\u00f3n de Gobernaci\u00f3n aprob\u00f3 la minuta en sus t\u00e9rminos, sin modificaciones. Esa misma fecha, la Comisi\u00f3n Especial de Delitos Cometidos por Razones de G\u00e9nero emiti\u00f3 una opini\u00f3n favorable.<br><br>Pero la Comisi\u00f3n de Igualdad de G\u00e9nero discuti\u00f3 la minuta y no la someti\u00f3 a votaci\u00f3n en su \u00faltima reuni\u00f3n de trabajo del segundo periodo ordinario, del segundo a\u00f1o de ejercicio de la LXIII Legislatura, que realiz\u00f3 el 26 de abril pasado. Por tanto, la minuta no pudo llegar al pleno y qued\u00f3 como parte de la agenda pendiente de la C\u00e1mara Baja para el nuevo periodo que inici\u00f3 en Septiembre.<br><br>Dicha minuta con proyecto de decreto reforma y adiciona diversas disposiciones de la Ley General de Acceso de las Mujeres a una Vida Libre de Violencia, la Ley General de Instituciones y Procedimientos Electorales, la Ley General de Partidos Pol\u00edticos, la Ley General en Materia de Delitos Electorales y la Ley General del Sistema de Medios de Impugnaci\u00f3n en Materia Electoral para definir y sancionar la violencia pol\u00edtica de g\u00e9nero en el pa\u00eds.<br><br>Diversas legisladoras hicieron llamados para que la minuta fuese aprobada en periodo extraordinario antes de junio de este a\u00f1o, como lo indican las leyes electorales, con el fin de proteger los derechos pol\u00edticos de las mujeres rumbo a las elecciones federales de 2018; por lo que, de ser aprobadas por la C\u00e1mara de Diputados en las siguientes semanas dichas reformas que sancionan la violencia pol\u00edtica de g\u00e9nero ya no tendr\u00edan efecto en el presente proceso electoral.<br><br>En este contexto, la diputada Maricela Contreras consider\u00f3 que \u201cno existe nada que justifique esta omisi\u00f3n del Poder Legislativo y de un \u00f3rgano de la C\u00e1mara de Diputados que debe velar por el reconocimiento de los derechos de las mujeres\u201d.&nbsp;<br><br>Adem\u00e1s, a trav\u00e9s de un comunicado, Maricela Contreras recalc\u00f3 que se encuentra fuera de toda l\u00f3gica que sea la Comisi\u00f3n de Igualdad de G\u00e9nero la que detenga el dictamen de violencia pol\u00edtica de g\u00e9nero.<br><br>Por lo anterior, Contreras Juli\u00e1n hizo un llamado al legislativo a asumir su responsabilidad y que la C\u00e1mara de Diputados aborde la Minuta sobre violencia pol\u00edtica, la cual gener\u00f3 todos los consensos\u201d en el Senado de la Rep\u00fablica.&nbsp;<br><br>En la carta dirigida al presidente de la Mesa Directiva de la C\u00e1mara de Diputados, puntualiz\u00f3 que \u201ca las mujeres se nos consideran como receptoras de violencia en la sociedad. En esta crisis de derechos que vivimos en nuestro pa\u00eds, se ensa\u00f1an contra nosotras, ya que somos el sector que recibe los mayores estragos en la inseguridad, delincuencia e injusticias en la aplicaci\u00f3n de la ley. Es totalmente inadmisible que se nos asesine, se nos viole, se nos mutile, se nos amenace, se nos torture o se nos desaparezca por ejercer nuestro derecho a participar en la toma de decisiones de nuestro pa\u00eds\u201d.&nbsp;<br><br>Finalmente, record\u00f3 que la violencia pol\u00edtica contra las mujeres \u201cse da en todos los partidos, sin distinci\u00f3n, ninguno queda exento. Esto hace indispensable sumar esfuerzos y voluntades para concretar acciones y considerar a la violencia pol\u00edtica como un delito. No se trata de colores de partidos o de intereses electorales, es una cuesti\u00f3n de respeto a nuestros derechos, a nuestra vida, a construir la democracia\u201d.&nbsp;<br><br>Cabe destacar que producto de una larga lucha de sufragistas mexicanas, el 17 de octubre de 1953 el Diario Oficial de la Federaci\u00f3n publica las reformas de los art\u00edculos 34 y 115 constitucionales que establecen la igualdad de derechos pol\u00edticos para las mujeres, ya que reconoce que las mujeres tienen el derecho a votar y ser votadas para puestos de elecci\u00f3n popular.<br><br>Por ello, el Senado de la Rep\u00fablica realizar\u00e1 ma\u00f1ana una Sesi\u00f3n Solemne para conmemorar el 64 aniversario de la publicaci\u00f3n del decreto con el que se reconoci\u00f3 la ciudadan\u00eda a las mujeres de M\u00e9xico, es decir, el derecho de votar y ser votadas.<br><br>SEM\/am\/lr<\/p>\n","protected":false},"excerpt":{"rendered":"<p>Alicia Mendoza SemM\u00e9xico, Cd. de M\u00e9xico, 16 octubre 2017.- La diputada Maricela Contreras Juli\u00e1n, presidenta de la Comisi\u00f3n Especial de Delitos Cometidos por Razones de G\u00e9nero, inform\u00f3 que solicit\u00f3 al presidente de la Mesa Directiva de la C\u00e1mara de Diputados que instruya a las Comisiones Unidas de Gobernaci\u00f3n y de Igualdad de G\u00e9nero para que [&hellip;]<\/p>\n","protected":false},"author":3,"featured_media":5466,"comment_status":"open","ping_status":"open","sticky":false,"template":"","format":"standard","meta":{"_monsterinsights_skip_tracking":false,"footnotes":""},"categories":[687,50],"tags":[],"class_list":["post-5465","post","type-post","status-publish","format-standard","has-post-thumbnail","category-687","category-congreso"],"_links":{"self":[{"href":"https:\/\/redsemlac.com\/semmexico\/wp-json\/wp\/v2\/posts\/5465","targetHints":{"allow":["GET"]}}],"collection":[{"href":"https:\/\/redsemlac.com\/semmexico\/wp-json\/wp\/v2\/posts"}],"about":[{"href":"https:\/\/redsemlac.com\/semmexico\/wp-json\/wp\/v2\/types\/post"}],"author":[{"embeddable":true,"href":"https:\/\/redsemlac.com\/semmexico\/wp-json\/wp\/v2\/users\/3"}],"replies":[{"embeddable":true,"href":"https:\/\/redsemlac.com\/semmexico\/wp-json\/wp\/v2\/comments?post=5465"}],"version-history":[{"count":0,"href":"https:\/\/redsemlac.com\/semmexico\/wp-json\/wp\/v2\/posts\/5465\/revisions"}],"wp:featuredmedia":[{"embeddable":true,"href":"https:\/\/redsemlac.com\/semmexico\/wp-json\/wp\/v2\/media\/5466"}],"wp:attachment":[{"href":"https:\/\/redsemlac.com\/semmexico\/wp-json\/wp\/v2\/media?parent=5465"}],"wp:term":[{"taxonomy":"category","embeddable":true,"href":"https:\/\/redsemlac.com\/semmexico\/wp-json\/wp\/v2\/categories?post=5465"},{"taxonomy":"post_tag","embeddable":true,"href":"https:\/\/redsemlac.com\/semmexico\/wp-json\/wp\/v2\/tags?post=5465"}],"curies":[{"name":"wp","href":"https:\/\/api.w.org\/{rel}","templated":true}]}}