{"id":54645,"date":"2022-08-14T09:12:33","date_gmt":"2022-08-14T15:12:33","guid":{"rendered":"https:\/\/redsemlac.com\/semmexico\/?p=54645"},"modified":"2023-07-21T19:11:19","modified_gmt":"2023-07-22T00:11:19","slug":"asesinato-de-genero-en-oaxaca-un-grito-de-auxilio-que-resono-en-europa","status":"publish","type":"post","link":"https:\/\/redsemlac.com\/semmexico\/asesinato-de-genero-en-oaxaca-un-grito-de-auxilio-que-resono-en-europa\/","title":{"rendered":"Asesinato de g\u00e9nero en Oaxaca \u00abUN GRITO DE AUXILIO QUE RESON\u00d3 EN EUROPA\u00bb"},"content":{"rendered":"\n<p class=\"wp-block-paragraph\">SemM\u00e9xico reproduce este texto del semanario PROCESO, publicado en la edici\u00f3n de esta semana, para continuar en la tarea de #justiciaparasol<\/p>\n\n\n\n<p class=\"wp-block-paragraph\">Su hija fue v\u00edctima de feminicidio en Oaxaca, estado cuya fiscal\u00eda se desentendi\u00f3 del caso. As\u00ed que Soledad Jarqu\u00edn llev\u00f3 su queja al gobierno federal, que tampoco actu\u00f3, y luego a varias ciudades europeas, donde fue escuchada por europarlamentarios, activistas y periodistas que se escandalizaron al conocer los grados de impunidad que privan en M\u00e9xico en casos similares a los de Mar\u00eda del Sol.<\/p>\n\n\n\n<p class=\"wp-block-paragraph\">Alejandro Guti\u00e9rrez<\/p>\n\n\n\n<p class=\"wp-block-paragraph\">SemM\u00e9xico\/Proceso, Madrid, 14 de agosto, 2022.- Soledad Jarqu\u00edn viaj\u00f3 por varias ciudades europeas para exponer ante europarlamentarios, organizaciones y periodistas las redes de impunidad en M\u00e9xico que han obstaculizado que se le haga justicia a su hija, Mar\u00eda del Sol Cruz, asesinada en Juchit\u00e1n, Oaxaca, el 2 de junio de 2018.<\/p>\n\n\n\n<p class=\"wp-block-paragraph\">\u00abLo que m\u00e1s llam\u00f3 mi atenci\u00f3n fue lo impactados, lo conmocionados que se mostraban los eurodiputados, los activistas de los derechos humanos y los periodistas al escuchar mi caso, y c\u00f3mo en M\u00e9xico las familias luchamos siempre ante las jugadas sucias de las autoridades -oaxaque\u00f1as en mi caso- que se traducen en la impunidad, como con Mar\u00eda del Sol, que cierran las puertas para que se haga justicia\u00bb, dice en entrevista al final de su periplo.<\/p>\n\n\n\n<p class=\"wp-block-paragraph\">\u00abMe pas\u00f3 eso en Bruselas, cuando me reun\u00ed con un grupo de europarlamentarios, y vi la sorpresa reflejada en sus caras conforme iban conociendo cada detalle.\u00bb<\/p>\n\n\n\n<p class=\"wp-block-paragraph\">La tambi\u00e9n periodista y defensora de derechos humanos relata: \u00abMe reun\u00ed con los eurodiputados Massimino Smeriglio (Italia), Diana Riba y Miguel Urb\u00e1n (Espa\u00f1a), quienes me comentaron que conoc\u00edan algo de lo que sucede en M\u00e9xico, pero no ten\u00edan idea del nivel de impunidad que hay en el pa\u00eds. Les expuse mi caso y la actuaci\u00f3n de la fiscal\u00eda como ejemplo de lo que pasa en todo M\u00e9xico. Creo que les abr\u00ed los ojos\u201d. En ese encuentro el eurodiputado italiano \u201cme dijo que \u2018M\u00e9xico es el pa\u00eds de todo el mundo que recibe m\u00e1s recomendaciones por violaciones a los derechos humanos\u2019\u201d.<\/p>\n\n\n\n<p class=\"wp-block-paragraph\">La misma reacci\u00f3n encontr\u00f3 en Barcelona, durante un encuentro con miembros del ayuntamiento encabezados por la regidora responsable de las pol\u00edticas sobre feminismo. \u201cEstaban impresionadas cuando conoc\u00edan los detalles que les expon\u00eda, sobre el dolor de las familias y la impunidad.<\/p>\n\n\n\n<p class=\"wp-block-paragraph\">\u201cMe di cuenta que les sorprende lo que vivimos en M\u00e9xico porque ellas tienen otra realidad. Pero coincid\u00edamos en que la impunidad es lo que m\u00e1s afecta en M\u00e9xico, algo a lo que no debemos acostumbramos. Se me quedaban viendo como diciendo \u2018es que no es posible\u2019; no daban cr\u00e9dito\u201d, recuerda.<\/p>\n\n\n\n<p class=\"wp-block-paragraph\">Soledad recorri\u00f3 en poco m\u00e1s de 23 d\u00edas Bruselas, Par\u00eds, Ginebra, Berl\u00edn, Barcelona y Madrid, donde pudo dar a conocer el feminicidio de su hija, tambi\u00e9n periodista y videasta. Unos d\u00edas despu\u00e9s de esta visita, una mujer con traje t\u00edpico en la celebraci\u00f3n de la Guelaguetza 2022, en Oaxaca, se fotografi\u00f3 al lado del gobernador Alejandro Murat, desplegando una pancarta que rezaba: \u201c666 feminicidios\u201d, en referencia a los casos contra mujeres sucedidos durante su per\u00edodo de gobierno. En las im\u00e1genes que circularon en redes se nota el enfado del pol\u00edtico.<\/p>\n\n\n\n<figure class=\"wp-block-image size-full\"><a href=\"https:\/\/redsemlac.com\/semmexico\/wp-content\/uploads\/2022\/08\/asesinato-genero-02.jpg\"><img loading=\"lazy\" decoding=\"async\" width=\"679\" height=\"421\" src=\"https:\/\/redsemlac.com\/semmexico\/wp-content\/uploads\/2022\/08\/asesinato-genero-02.jpg\" alt=\"\" class=\"wp-image-54648\"\/><\/a><\/figure>\n\n\n\n<p class=\"wp-block-paragraph\"><strong>\u00abSobreseimiento parcial\u00bb<\/strong><\/p>\n\n\n\n<p class=\"wp-block-paragraph\">En noviembre pasado, la Fiscal\u00eda General del Estado de Oaxaca reconoci\u00f3 omisiones y responsabilidad de funcionarios en la desaseada integraci\u00f3n de la investigaci\u00f3n de los feminicidios de Mar\u00eda del Sol y de Pamela Ter\u00e1n, candidata del PRI-PVEM a concejal del ayuntamiento de Juchit\u00e1n, y del asesinato del chofer de \u00e9sta, Adelfo Guerra, y por ello pidi\u00f3 el \u201csobreseimiento parcial\u201d del caso.<\/p>\n\n\n\n<p class=\"wp-block-paragraph\">Eso s\u00f3lo fue la \u00faltima etapa de un ex\u00adpresidente en el que los funcionarios implicados han eliminado pruebas fundamentales, alterado declaraciones de testigos, incluso se inventaron un testigo, denuncia la entrevistada. \u00abNo me quedaba otra opci\u00f3n m\u00e1s que recurrir a instancias internacionales y visibilizar mi caso fuera de M\u00e9xico, explica.<\/p>\n\n\n\n<p class=\"wp-block-paragraph\">Por ello, el 21 de junio llev\u00f3 el caso ante instancias de derechos humanos de la ONU, en Ginebra. Formaliz\u00f3 una denuncia contra el Estado mexicano por la impunidad en el feminicidio de su hija, sucedido durante la cobertura que hac\u00eda como parte de la campa\u00f1a electoral de Hageo Montero.<\/p>\n\n\n\n<p class=\"wp-block-paragraph\">Mar\u00eda del Sol ten\u00eda poco tiempo de haber ingresado a la Secretar\u00eda de Asuntos Ind\u00edgenas de Oaxaca, cuando el titular, Francisco Javier Montero, la instruy\u00f3 para que apoyara en temas de comunicaci\u00f3n la campa\u00f1a de su hermano Hageo; ella cedi\u00f3 porque no quer\u00eda perder su empleo.<\/p>\n\n\n\n<p class=\"wp-block-paragraph\">Soledad inici\u00f3 as\u00ed el tr\u00e1mite para que el Comit\u00e9 para la Eliminaci\u00f3n de la Discriminaci\u00f3n contra la Mujer conozca y eventualmente se pronuncie sobre el caso de su hija. Esta instancia tiene la facultad de examinar denuncias individuales y emitir resoluciones. \u201cEl prop\u00f3sito es visibilizar no s\u00f3lo el caso de Mar\u00eda del Sol, sino (mostrar) lo que pasa en casi todos los casos de asesinatos contra las mujeres, que se quedan en la impunidad\u201d, sostiene.<\/p>\n\n\n\n<p class=\"wp-block-paragraph\">Esta decisi\u00f3n la tom\u00f3 despu\u00e9s del sobreseimiento de la carpeta de investigaci\u00f3n, en el marco de la celebraci\u00f3n de un tribunal ciudadano sobre feminicidio -entre las juezas hab\u00eda abogadas que llevaron el expediente del Campo Algodonero, de Ciudad Ju\u00e1rez, y las que ganaron el caso de Digna Ochoa-. Las abogadas de este tribunal, al revisar el caso, le recomendaron que buscara instancias alternativas porque \u201c\u2019eso de sobreseer parcialmente el caso no te va a dar ning\u00fan resultado\u2019, me dijeron. Y efectivamente, pasaron seis meses despu\u00e9s de esa resoluci\u00f3n y es cuando inici\u00e9 este viaje a Europa\u201d.<\/p>\n\n\n\n<p class=\"wp-block-paragraph\">Soledad Jarqu\u00edn tuvo oportunidad de hablar en la sede de la Organizaci\u00f3n Mundial contra la Tortura, donde la relatora hab\u00eda presentado el informe sobre la situaci\u00f3n de la violencia en el mundo.<\/p>\n\n\n\n<p class=\"wp-block-paragraph\">\u201cPresent\u00e9 el caso de mi hija y s\u00ed sorprendi\u00f3 que se hablara de un caso particular. Hubo un silencio en la sala. Y tambi\u00e9n mucha atenci\u00f3n al caso. Esto contrast\u00f3 con la participaci\u00f3n de la embajadora de M\u00e9xico ante la ONU, en Ginebra, Francisca M\u00e9ndez, que cumpli\u00f3 el protocolo de dirigirse a la relatora, decir que en M\u00e9xico se est\u00e1n haciendo maravillas, terminar su intervenci\u00f3n y retirarse del recinto, sin la m\u00e1s m\u00ednima empat\u00eda con la realidad que ah\u00ed se expon\u00eda. S\u00f3lo es la burocracia actuando\u201d, relata.<\/p>\n\n\n\n<figure class=\"wp-block-image size-full\"><a href=\"https:\/\/redsemlac.com\/semmexico\/wp-content\/uploads\/2022\/08\/asesinato-genero-03.jpg\"><img loading=\"lazy\" decoding=\"async\" width=\"1007\" height=\"590\" src=\"https:\/\/redsemlac.com\/semmexico\/wp-content\/uploads\/2022\/08\/asesinato-genero-03.jpg\" alt=\"\" class=\"wp-image-54649\"\/><\/a><\/figure>\n\n\n\n<p class=\"wp-block-paragraph\">La que s\u00ed se acerc\u00f3 para agradecerle su testimonio fue la relatora especial de la ONU sobre Violencia Contra las Mujeres, Reem Alsalem.<\/p>\n\n\n\n<p class=\"wp-block-paragraph\">Explica que busca estas alternativas porque \u201cno es una justicia al pie de la letra, como la imaginamos, que se pueda detener y juzgar a los perpetradores tanto materiales como intelectuales, son tribunales de conciencia, son recomendaciones. Yo me dar\u00e9 por bien servida si llegamos a ese punto, ya no puedo esperar m\u00e1s\u201d.<\/p>\n\n\n\n<p class=\"wp-block-paragraph\">En Bruselas, antes de su encuentro con los europarlamentarios, el legislador italiano le coment\u00f3 que en esos d\u00edas hab\u00eda acudido la senadora Olga S\u00e1nchez Cordero, quien argument\u00f3 que la culpa de estos cr\u00edmenes es de los estados, por las diferentes formas en que se tipifica el delito de feminicidio. \u201cEs posible que sea una raz\u00f3n, pero para las madres que hemos perdido una hija sabemos que sigue imperando la corrupci\u00f3n y la misoginia en los aparatos ministeriales y en los tribunales\u201d, argumenta.<\/p>\n\n\n\n<p class=\"wp-block-paragraph\">Y describe que las irregularidades en su caso se presentaron desde la misma madrugada del 2 de junio de 2018, cuando Mar\u00eda del Sol, la candidata Pamela Ter\u00e1n y Adelfo Jim\u00e9nez Guerra fueron atacados por hombres armados cuando sal\u00edan de un bar en Juchit\u00e1n. Otro hombre del grupo se libr\u00f3 del ataque al retirarse momentos antes.<\/p>\n\n\n\n<p class=\"wp-block-paragraph\">Lo primero fue que los familiares de Pamela Ter\u00e1n alteraron la escena del crimen al llevarse los cuerpos de la pol\u00edtica y del chofer. Solo dejaron el cuerpo de Ma\u00adr\u00eda del Sol.<\/p>\n\n\n\n<p class=\"wp-block-paragraph\">Otro hecho irregular es que Francisco Javier Montero, jefe de Mar\u00eda del Sol en la Secretar\u00eda de Asuntos Ind\u00edgenas, que depende del gobierno de Oaxaca, hubiera obligado a su hija a apoyar la campa\u00f1a de un candidato. Y, peor a\u00fan, la misma madrugada del ataque un funcionario de la Secretar\u00eda de Asuntos Ind\u00edgenas se meti\u00f3 a la habitaci\u00f3n del hotel que ocupaba Mar\u00eda del Sol para sustraer todo su equipo y el material de la campa\u00f1a, para \u201cborrar todo tipo de relaci\u00f3n con ellos\u201d.<\/p>\n\n\n\n<p class=\"wp-block-paragraph\">\u201cMar\u00eda del Sol nunca se separaba de su equipo, y ese d\u00eda lo dej\u00f3 en el hotel, pero no contaban que ella cada que llegaba a mi casa vaciaba toda su informaci\u00f3n y fotograf\u00edas en mi computadora, por eso yo pude demostrar que ella s\u00ed estuvo en Juchit\u00e1n de Zaragoza, en apoyo a la campa\u00f1a del candidato del PRI, por orden de su jefe en la Secretaria de Asuntos Ind\u00edgenas, lo que supone desv\u00edo de recursos p\u00fablicos\u201d, explica.<\/p>\n\n\n\n<p class=\"wp-block-paragraph\">Jarqu\u00edn sostiene que la candidata Pamela Ter\u00e1n -hija de Juan Ter\u00e1n, una persona se\u00f1alada por presuntos v\u00ednculos con el crimen organizado-, hab\u00eda sido regidora de Energ\u00edas E\u00f3licas, por ser Juchit\u00e1n el epicentro de la riqueza e\u00f3lica del Istmo de Tehuantepec, donde en las \u00faltimas d\u00e9cadas se han ido asentando varias multinacionales del ramo.<\/p>\n\n\n\n<p class=\"wp-block-paragraph\">A pesar de que la investigaci\u00f3n fue deliberadamente obstaculizada, Soledad tiene indicios fundados de que el ataque armado estaba dirigido contra Pamela Ter\u00e1n. Al sumarse a la campa\u00f1a del PRI, Ter\u00e1n hab\u00eda pedido licencia como regidora del municipio.<\/p>\n\n\n\n<p class=\"wp-block-paragraph\">\u201cPor todo ello yo estuve en un jaloneo sistem\u00e1tico con la fiscal\u00eda para que investigaran y mostraran los avances, lo que molest\u00f3 mucho al fiscal de Oaxaca (Rub\u00e9n Vasconcelos), y \u00e9l opta por cerrarme las puertas. No vuelvo a tener acceso desde octubre de 2018 hasta febrero de 2020\u201d. Rub\u00e9n Vasconcelos fue suplido al frente de la fiscal\u00eda por Arturo Peimbert, en marzo de 2021, y premiado como titular de la Secretaria de Bienestar.<\/p>\n\n\n\n<p class=\"wp-block-paragraph\">Cuando Soledad Jarqu\u00edn pudo consultar nuevamente el expediente, \u201cdescubrimos que estaba totalmente alterado: no est\u00e1n las pruebas de bal\u00edstica del caso y se suplieron con las pruebas de otro crimen, no estaban las pruebas de telefon\u00eda, no estaba uno de los tel\u00e9fonos de Pamela, no est\u00e1 la prueba georreferencial, hay alteraci\u00f3n a las declaraciones de los testigos, y lo peor del caso es que hab\u00edan inventado un testigo, que era la prueba reina para mantener preso al \u00fanico detenido que hab\u00eda en ese momento\u201d.<\/p>\n\n\n\n<p class=\"wp-block-paragraph\">Este es el expediente alterado que motiv\u00f3 que fuera sobrese\u00eddo parcialmente, en noviembre pasado. Y luego se abri\u00f3 una nueva carpeta de investigaci\u00f3n, que no ten\u00eda ning\u00fan sentido ante la p\u00e9rdida de las pruebas antes descritas.<\/p>\n\n\n\n<p class=\"wp-block-paragraph\"><strong>Impunidad e intereses<\/strong><\/p>\n\n\n\n<p class=\"wp-block-paragraph\">Muy poco tiempo despu\u00e9s del ataque donde muri\u00f3 su hija, Soledad fue amenazada de muerte, con la advertencia que la matar\u00edan a ella y a sus otras hijas, lo que le oblig\u00f3 a abandonar Juchit\u00e1n.<\/p>\n\n\n\n<p class=\"wp-block-paragraph\">De inmediato, el Observatorio Nacional contra el Feminicidio empez\u00f3 a trabajar con ella, en su petici\u00f3n para que el caso fuera atra\u00eddo por la Fiscal\u00eda General de la Rep\u00fablica. \u201cHab\u00eda argumentos fundamentados si partimos que en el ataque se usaron armas de alto poder, porque se realiz\u00f3 en un contexto de un proceso electoral y por la inacci\u00f3n de la fiscal\u00eda de Oaxaca\u201d, sostiene.<\/p>\n\n\n\n<figure class=\"wp-block-image size-large\"><a href=\"https:\/\/redsemlac.com\/semmexico\/wp-content\/uploads\/2022\/08\/asesinato-genero-04.jpg\"><img decoding=\"async\" src=\"https:\/\/redsemlac.com\/semmexico\/wp-content\/uploads\/2022\/08\/asesinato-genero-04-1024x576.jpg\" alt=\"\" class=\"wp-image-54650\"\/><\/a><\/figure>\n\n\n\n<p class=\"wp-block-paragraph\">Soledad acudi\u00f3 a la conferencia matutina del presidente Andr\u00e9s Manuel L\u00f3pez Obrador en noviembre de 2020. Expuso su situaci\u00f3n y la de familiares de 18 mil v\u00edctimas m\u00e1s, para pedirle que moviera todos los recursos del Ejecutivo para frenar los feminicidios en M\u00e9xico.<\/p>\n\n\n\n<p class=\"wp-block-paragraph\">\u00abEl presidente nos envi\u00f3 con la entonces secretaria de Gobernaci\u00f3n, Olga S\u00e1nchez Cordero, que nos escuch\u00f3. Y a su vez ella nos envi\u00f3 con Fabiola Alan\u00eds (titular de la Comisi\u00f3n Nacional para Prevenir y Erradicar la Violencia contra las Mujeres), pero esta funcionaria no pudo con el paquete, porque le plante\u00f3 la atracci\u00f3n del caso al fiscal Alejandro Gertz, abord\u00e1ndolo en unas escaleras, sin la m\u00e1s m\u00ednima seriedad. Por supuesto el fiscal no quiso atraer el caso. Sin embargo, desde aquel entonces ya no hubo ning\u00fan seguimiento del caso por parte de la Presidencia de la Rep\u00fablica\u201d.<\/p>\n\n\n\n<p class=\"wp-block-paragraph\">Reconoce que esa falta de tacto desde el gobierno federal \u201ces un golpe muy grande para m\u00ed y para otras madres, porque ten\u00edamos muchas esperanzas en el presidente. Siempre pensamos que era necesario el cambio en M\u00e9xico, y cuando se produce a m\u00ed me agarra con esta grave situaci\u00f3n. Nos hemos ido decepcionando poco a poco, porque el presidente da instrucciones, S\u00e1nchez Cordero nos escuch\u00f3 durante tres horas, pero al final no hay resultados y no hay ning\u00fan seguimiento. Me deja un terrible sabor de boca\u00bb.<\/p>\n\n\n\n<p class=\"wp-block-paragraph\">La periodista explica a Proceso que cuando repasa el caso de Mar\u00eda del Sol es inevitable pensar en los viejos y profundos lazos pol\u00edticos e intereses que existen en\u00adtre la familia Montero y la familia Mural.<\/p>\n\n\n\n<p class=\"wp-block-paragraph\">En Oaxaca es ampliamente conocido, dice, que el exgobernador Jos\u00e9 Murat (padre del actual gobernador, Alejandro Murat) y Porfirio Montero (padre del jefe de Mar\u00eda del Sol y del candidato del PRI en aquella elecci\u00f3n) tienen una relaci\u00f3n de amistad y de relaciones pol\u00edticas desde los setenta.<\/p>\n\n\n\n<p class=\"wp-block-paragraph\">\u201cEllos est\u00e1n trabajando juntos desde los a\u00f1os setenta, siempre en contra de la COCEI (Coalici\u00f3n Obrera, Campesina y Estudiantil del Istmo) desde que \u00e9sta se fund\u00f3. Y a lo largo de este tiempo han sido se\u00f1alados por la COCEI de estar detr\u00e1s de grupos de guardias blancas que han asesinado coce\u00edstas.\u201d<\/p>\n\n\n\n<p class=\"wp-block-paragraph\">Record\u00f3 que \u201ccuando Jos\u00e9 Murat lleg\u00f3 al gobierno de Oaxaca (1998-2004), y se supo que llegar\u00edan las compa\u00f1\u00edas e\u00f3licas a la zona, Porfirio Montero compra tierras con prestanombres e invade otras en la Venta y la Ventosa\u201d. Actualmente preside la Uni\u00f3n de Propietarios de Energ\u00edas Renovables del Istmo, organismo que renta las tierras a las compa\u00f1\u00edas extranjeras que ah\u00ed operan.<\/p>\n\n\n\n<p class=\"wp-block-paragraph\">Porfirio Montero ha sido operador po\u00adl\u00edtico de Jos\u00e9 Murat y ha crecido pol\u00edticamente al lado del exgobernador.<\/p>\n\n\n\n<p class=\"wp-block-paragraph\">Coincidentemente, Alejandro Murat hizo secretario de su gobierno a uno de los hijos de Porfirio Montero, Francisco Javier Montero. Y el PRI nomin\u00f3 como candidato al otro hijo, Hageo, en cuya campa\u00f1a trabaj\u00f3 Mar\u00eda del Sol.<\/p>\n\n\n\n<p class=\"wp-block-paragraph\">\u201cPor eso no me extra\u00f1a que el fiscal Rub\u00e9n Vasconcelos fuera tan rotundo en obstaculizar en todo momento la investigaci\u00f3n, para que prevaleciera la impunidad. Hasta ahora seguimos sin saber qui\u00e9n lo ordeno\u201d, acusa.<\/p>\n","protected":false},"excerpt":{"rendered":"<p>Soledad Jarqu\u00edn viaj\u00f3 por varias ciudades europeas para exponer ante europarlamentarios, organizaciones y periodistas las redes de impunidad en M\u00e9xico que han obstaculizado que se le haga justicia a su hija, Mar\u00eda del Sol Cruz, asesinada en Juchit\u00e1n, Oaxaca, el 2 de junio de 2018.<\/p>\n","protected":false},"author":3,"featured_media":54647,"comment_status":"open","ping_status":"open","sticky":false,"template":"","format":"standard","meta":{"_monsterinsights_skip_tracking":false,"footnotes":""},"categories":[693,54],"tags":[],"class_list":["post-54645","post","type-post","status-publish","format-standard","has-post-thumbnail","category-693","category-mujeres"],"_links":{"self":[{"href":"https:\/\/redsemlac.com\/semmexico\/wp-json\/wp\/v2\/posts\/54645","targetHints":{"allow":["GET"]}}],"collection":[{"href":"https:\/\/redsemlac.com\/semmexico\/wp-json\/wp\/v2\/posts"}],"about":[{"href":"https:\/\/redsemlac.com\/semmexico\/wp-json\/wp\/v2\/types\/post"}],"author":[{"embeddable":true,"href":"https:\/\/redsemlac.com\/semmexico\/wp-json\/wp\/v2\/users\/3"}],"replies":[{"embeddable":true,"href":"https:\/\/redsemlac.com\/semmexico\/wp-json\/wp\/v2\/comments?post=54645"}],"version-history":[{"count":0,"href":"https:\/\/redsemlac.com\/semmexico\/wp-json\/wp\/v2\/posts\/54645\/revisions"}],"wp:featuredmedia":[{"embeddable":true,"href":"https:\/\/redsemlac.com\/semmexico\/wp-json\/wp\/v2\/media\/54647"}],"wp:attachment":[{"href":"https:\/\/redsemlac.com\/semmexico\/wp-json\/wp\/v2\/media?parent=54645"}],"wp:term":[{"taxonomy":"category","embeddable":true,"href":"https:\/\/redsemlac.com\/semmexico\/wp-json\/wp\/v2\/categories?post=54645"},{"taxonomy":"post_tag","embeddable":true,"href":"https:\/\/redsemlac.com\/semmexico\/wp-json\/wp\/v2\/tags?post=54645"}],"curies":[{"name":"wp","href":"https:\/\/api.w.org\/{rel}","templated":true}]}}