{"id":54640,"date":"2022-08-14T09:03:40","date_gmt":"2022-08-14T15:03:40","guid":{"rendered":"https:\/\/redsemlac.com\/semmexico\/?p=54640"},"modified":"2023-07-21T19:11:19","modified_gmt":"2023-07-22T00:11:19","slug":"paz-es-la-tranquilidad-en-el-orden-no-division-colegio-sacerdotal-dice-a-amlo","status":"publish","type":"post","link":"https:\/\/redsemlac.com\/semmexico\/paz-es-la-tranquilidad-en-el-orden-no-division-colegio-sacerdotal-dice-a-amlo\/","title":{"rendered":"Paz es la tranquilidad en el orden, no divisi\u00f3n: Colegio Sacerdotal dice a Amlo"},"content":{"rendered":"\n<p class=\"wp-block-paragraph\"><br>La Di\u00f3cesis de Chilapa-Chilpancingo se opone a los ataques a la Iglesia desde el Gobierno y busca construir la verdadera paz<\/p>\n\n\n\n<p class=\"wp-block-paragraph\">Respuesta a Amlo: Hay que clarificar el t\u00e9rmino paz de acuerdo a lo que quiso decir Cristo.<\/p>\n\n\n\n<p class=\"wp-block-paragraph\">Aqu\u00ed el texto de la Di\u00f3cesis<\/p>\n\n\n\n<p class=\"wp-block-paragraph\">SemM\u00e9xico\/Ceprovysa, Monta\u00f1a de Guerrero, 14 de agosto, 2022.-\u00a0 \u201cYo no he venido a traer la paz\u2026\u201d se refiere a que la paz que trae no es la de la<br>sociedad de ese tiempo; la paz de Cristo no tiene que ver con la paz que<br>impon\u00eda el imperio romano.<\/p>\n\n\n\n<p class=\"wp-block-paragraph\">\u201cHe venido a traer divisi\u00f3n\u201d va contra la sociedad acomodaticia. La paz tambi\u00e9n a veces es rebeld\u00eda, es detectar los errores de la cultura postmoderna o<br>hipermoderna que destroza la vida humana\u2026 se cree que todo est\u00e1 bien<br>mientras nadie diga nada. El ambiente que se vive es muy desestructurando a<br>la persona, aunque nadie se queja.<\/p>\n\n\n\n<p class=\"wp-block-paragraph\">Para Jos\u00e9 Ma. Cabodevilla paz es la tranquilidad en el orden; habiendo guerra,<br>cultura de la dominaci\u00f3n, no hay paz.<\/p>\n\n\n\n<p class=\"wp-block-paragraph\">A veces hacemos un evangelio edulcorado que se acomoda a las modas, a veces<br>nuestro lenguaje al predicar es dulz\u00f3n, solo con palabras suaves para solo<br>agradar a las personas, para que nos d\u00e9 beneficios econ\u00f3micos; va perdiendo el<br>rigor el sacrificio y el ir batallando contra las modas del tiempo.<br><br><\/p>\n\n\n\n<p class=\"wp-block-paragraph\">La sociedad es muy permisiva. Se habla en la sociedad de la tolerancia, pero no<br>se ha entendido bien este concepto, pues, sin faltar a la caridad a veces no<br>tenemos que ser \u201ctolerantes\u201d.<\/p>\n\n\n\n<p class=\"wp-block-paragraph\">El cristiano que est\u00e1 luchando por ser fiel a Cristo nunca ha de desanimarse.<br><br><\/p>\n\n\n\n<p class=\"wp-block-paragraph\">El que es fiel o est\u00e1 unido a Cristo aqu\u00ed en el mundo seguir\u00e1 unido a \u00c9l en el<br>reino de Dios. Hay problemas, pero hay que ser fieles a Dios.<br>Que el evangelio se haga cultura; el evangelio muchas veces no permea, por<br>ejemplo, van los pap\u00e1s a pl\u00e1ticas y llegan a casa y siguen aplicando en su<br>familia los criterios de la sociedad, no los del evangelio; que no domine la<br>mentalidad el mundo sino Cristo.<\/p>\n\n\n\n<p class=\"wp-block-paragraph\">Necesitamos estrategias para que el evangelio se haga vida, y no venza lo<br>diab\u00f3lico (lo que divide).<\/p>\n\n\n\n<p class=\"wp-block-paragraph\">El cristianismo no es para todos, sino para quienes son exigentes consigo mismos.<br>Padres de la Iglesia eran duros, disciplinados, exigentes con su vida y predicaci\u00f3n. Ej. San Antonio Abad, San Benito, San Francisco vinieron a<br>reformar la Iglesia que se estaba cayendo en su tiempo. San Benito vivi\u00f3 cuando dominaron Italia los mongoles y por eso San Benito comenz\u00f3 a reconstruir todo.<br><br><\/p>\n\n\n\n<p class=\"wp-block-paragraph\">A veces hacemos el caldo gordo a los pol\u00edticos, a la cultura, nos acomodamos,<br>no denunciamos las injusticias.<\/p>\n\n\n\n<p class=\"wp-block-paragraph\">Hay que ser comprensibles pero la verdad es innegociable.<br><br><\/p>\n\n\n\n<p class=\"wp-block-paragraph\">La moral no es la conciencia sino la verdad. No es agradable a veces para<br>algunos o\u00edr la verdad.<\/p>\n\n\n\n<p class=\"wp-block-paragraph\">El pensamiento de Jes\u00fas no es como el de los hombres. Siendo disc\u00edpulos de<br>Cristo vamos a ser signos de contradicci\u00f3n, porque el hombre de nuestro<br>tiempo no nos va a comprender.<\/p>\n\n\n\n<p class=\"wp-block-paragraph\">Cristo no vino a traer paz, sino que vamos a encontrar la paz en cuanto seamos<br>fieles a la voluntad de Dios, sin ser indiferentes a los problemas del mundo,<br>creyendo que si nos metemos nos van a perjudicar.<br>El sacrificio que hizo Jes\u00fas, los principios que puso incluyen que hay que hacer violencia contra uno mismo.<\/p>\n\n\n\n<p class=\"wp-block-paragraph\">El cap. 11 de Hb da el concepto de la fe y el 12 habla ya de la vivencia de la fe.<br>FE FIRME, FUERTE, INQUEBRANTABLE<\/p>\n\n\n\n<p class=\"wp-block-paragraph\">Al vivir la fe se tiene que sufrir, no desanimarse como no se desanimaron los<br>Padres de la fe: Cristo, Abraham, Jerem\u00edas\u2026<\/p>\n\n\n\n<p class=\"wp-block-paragraph\">Cristo estuvo en la mazmorra; Jerem\u00edas es imagen de Cristo cuando fue echado<br>al pozo. Estamos metidos en ese pozo, se han ido los amigos, no hay esperanza,<br>se burlan de nosotros\u2026 Hay verdades a medias, enga\u00f1os de pol\u00edticos\u2026 no perder la esperanza, Cristo nos da la fortaleza.<\/p>\n\n\n\n<p class=\"wp-block-paragraph\">Estamos viviendo momentos de ataque a la Iglesia en M\u00e9xico por parte del<br>gobierno, quiz\u00e1s un poco m\u00e1s en Nicaragua\u2026 pero no se desanimen. Cristo<br>quiso vivir tanta oposici\u00f3n como nosotros hoy por parte de la ideolog\u00eda de<br>g\u00e9nero, aborto aprobado\u2026; ellos atacan con esas armas, pero nosotros hay que<br>atacar con la fe.<\/p>\n\n\n\n<p class=\"wp-block-paragraph\">La juventud f\u00e1cilmente se desanima, decepciona. Solo a trav\u00e9s de la Palabra de<br>Dios nos motivamos y nutrimos la esperanza.<\/p>\n\n\n\n<p class=\"wp-block-paragraph\">\u201cUna multitud de antepasados nuestros han dado testimonio de la fe\u201d. Ser<br>m\u00e1rtires es ser testigos, ver al m\u00e1rtir por excelencia que es Cristo; ser m\u00e1rtir es<br>vivir de la fe hasta la muerte; estos testigos no escatiman su vida. El testigo se<br>convierte en un ejemplo de entrega total y su dedicaci\u00f3n a Dios es su grandeza. A<br>veces hace falta juntar m\u00e1s la vida y la fe con esa dedicaci\u00f3n total, si es que<br>queremos hacer algo afuera. Hay que aceptar los peque\u00f1os martirios de cada<br>d\u00eda porque no todo es disfrutar.<\/p>\n\n\n\n<p class=\"wp-block-paragraph\">\u201cDespoj\u00e9monos del pecado que nos asedia, que es un peso\u201d. El pecado de la<br>carne es el peso que nos aplasta, el disfrutar m\u00e1s la vida del mundo que la vida<br>de Dios; hay que vivir de aquello que nos da vida en plenitud y no de lo que nos<br>va acabando la vida.<\/p>\n\n\n\n<p class=\"wp-block-paragraph\"><br>\u201cCorramos con paciencia\u201d: adaptarnos en dar un buen sentido para ganar y<br>avanzar hacia la \u00faltima meta.<br>Carrera de la vida, de la santidad que hay que vivir con tanta fuerza.<br><br><\/p>\n\n\n\n<p class=\"wp-block-paragraph\">A veces queremos hacer muchas cosas, pero \u00bfestamos capacitados para el<br>martirio? \u00bfo nos vamos a rajar? Primero tenemos que prepararnos a toda<br>conciencia. Tener sangre de m\u00e1rtires, de santos.<\/p>\n\n\n\n<figure class=\"wp-block-image size-large\"><a href=\"https:\/\/redsemlac.com\/semmexico\/wp-content\/uploads\/2022\/08\/paz-tranquilidad-02.png\"><img decoding=\"async\" src=\"https:\/\/redsemlac.com\/semmexico\/wp-content\/uploads\/2022\/08\/paz-tranquilidad-02-791x1024.png\" alt=\"\" class=\"wp-image-54642\"\/><\/a><\/figure>\n\n\n\n<p class=\"wp-block-paragraph\"><strong><em>ESPERANZA Y PERSEVERANCIA<\/em><\/strong><\/p>\n\n\n\n<p class=\"wp-block-paragraph\">Esperar con fe el cielo, pero hay que luchar con fortaleza como los h\u00e9roes de la<br>fe. Hay que afianzarnos en la fe, tenemos los recursos: conocimiento de la<br>Palabra de Dios, oraci\u00f3n, sacramentos. La fe mueve monta\u00f1as. Ser \u201cperegrinos<br>de la esperanza\u201d ser\u00e1 el lema del pr\u00f3ximo jubileo.<br>La sociedad basa su \u00e9xito en lo econ\u00f3mico \u00fanicamente. Tener esperanza ante la<br>realidad actual.<\/p>\n\n\n\n<p class=\"wp-block-paragraph\">Con lo que estamos viviendo socialmente, de momento vamos perdiendo el<br>partido, pero hay que dar la vuelta al partido.<br>Los jud\u00edos durante siglos y siglos nunca perdieron esperanza de que podr\u00edan<br>recuperar Jerusal\u00e9n hasta que lo lograron en 1948. As\u00ed hay que ser perseverantes.<br><br><\/p>\n\n\n\n<p class=\"wp-block-paragraph\">El Cristo pascual es un Cristo que est\u00e1 danzando, aunque est\u00e1 crucificado ya<br>no tiene sangre, ya est\u00e1 celebrando el triunfo. La imagen del Cristo bizantino es<br>un Cristo danzante, por ej., el de Lorenzetti, Giotto\u2026 Estamos crucificados,<br>pero ya tenemos el triunfo.<\/p>\n\n\n\n<p class=\"wp-block-paragraph\">Sociedades l\u00edquidas, pr\u00e1ctica del individualismo, poco vivimos en comunidad,<br>no nos gusta reunirnos, convivir. La pandemia propici\u00f3 que nos hagamos m\u00e1s<br>individualistas; ya ni los grupos quieren reunirse, atrae mucho m\u00e1s la<br>comodidad.<br><br><\/p>\n\n\n\n<p class=\"wp-block-paragraph\">La predicaci\u00f3n es una gran arma para combatir esta sociedad antievang\u00e9lica, es<br>una espada filosa o de doble filo, porque es hacer accesible la Palabra de Dios<br>aqu\u00ed y ahora.<\/p>\n\n\n\n<p class=\"wp-block-paragraph\">Hemos perdido el fuego del evangelio: las ganas de vivir, compartir, predicar\u2026<br>La soluci\u00f3n es que a la gente hay que encenderla, hay que ir a la gente estando llamas, con emoci\u00f3n; se requiere mucha preparaci\u00f3n espiritual y no solo<br>intelectual para la homil\u00eda. Ser un fuego que enciende a otros fuegos. Si me<br>enciendo uni\u00e9ndome con Dios, esa es la clave. Encendernos en el amor de Dios<br>para encender a los dem\u00e1s.<\/p>\n\n\n\n<p class=\"wp-block-paragraph\"><br>Es tiempo de ser solidarios con el P. Felipe.<\/p>\n\n\n\n<p class=\"wp-block-paragraph\">Seguir manteni\u00e9ndose en OCEAS, porque adem\u00e1s hemos recibido m\u00e1s de lo<br>que hemos dado.<\/p>\n\n\n\n<p class=\"wp-block-paragraph\">Chilpancingo, Gro., agosto 12 de 2022.<\/p>\n","protected":false},"excerpt":{"rendered":"<p>La Di\u00f3cesis de Chilapa-Chilpancingo se opone a los ataques a la Iglesia desde el Gobierno y busca construir la verdadera paz<\/p>\n","protected":false},"author":3,"featured_media":54643,"comment_status":"open","ping_status":"open","sticky":false,"template":"","format":"standard","meta":{"_monsterinsights_skip_tracking":false,"footnotes":""},"categories":[693,63],"tags":[],"class_list":["post-54640","post","type-post","status-publish","format-standard","has-post-thumbnail","category-693","category-reportajes"],"_links":{"self":[{"href":"https:\/\/redsemlac.com\/semmexico\/wp-json\/wp\/v2\/posts\/54640","targetHints":{"allow":["GET"]}}],"collection":[{"href":"https:\/\/redsemlac.com\/semmexico\/wp-json\/wp\/v2\/posts"}],"about":[{"href":"https:\/\/redsemlac.com\/semmexico\/wp-json\/wp\/v2\/types\/post"}],"author":[{"embeddable":true,"href":"https:\/\/redsemlac.com\/semmexico\/wp-json\/wp\/v2\/users\/3"}],"replies":[{"embeddable":true,"href":"https:\/\/redsemlac.com\/semmexico\/wp-json\/wp\/v2\/comments?post=54640"}],"version-history":[{"count":0,"href":"https:\/\/redsemlac.com\/semmexico\/wp-json\/wp\/v2\/posts\/54640\/revisions"}],"wp:featuredmedia":[{"embeddable":true,"href":"https:\/\/redsemlac.com\/semmexico\/wp-json\/wp\/v2\/media\/54643"}],"wp:attachment":[{"href":"https:\/\/redsemlac.com\/semmexico\/wp-json\/wp\/v2\/media?parent=54640"}],"wp:term":[{"taxonomy":"category","embeddable":true,"href":"https:\/\/redsemlac.com\/semmexico\/wp-json\/wp\/v2\/categories?post=54640"},{"taxonomy":"post_tag","embeddable":true,"href":"https:\/\/redsemlac.com\/semmexico\/wp-json\/wp\/v2\/tags?post=54640"}],"curies":[{"name":"wp","href":"https:\/\/api.w.org\/{rel}","templated":true}]}}