{"id":54635,"date":"2022-08-14T08:58:56","date_gmt":"2022-08-14T14:58:56","guid":{"rendered":"https:\/\/redsemlac.com\/semmexico\/?p=54635"},"modified":"2023-07-21T19:11:19","modified_gmt":"2023-07-22T00:11:19","slug":"detener-al-ejercito-en-acciones-de-seguridad-publica-8-de-cada-10-mujeres-detenidas-en-operativos-vivieron-maltratos-y-tortura-sexual","status":"publish","type":"post","link":"https:\/\/redsemlac.com\/semmexico\/detener-al-ejercito-en-acciones-de-seguridad-publica-8-de-cada-10-mujeres-detenidas-en-operativos-vivieron-maltratos-y-tortura-sexual\/","title":{"rendered":"Detener al Ej\u00e9rcito en Acciones de Seguridad P\u00fablica: 8 de cada 10 mujeres detenidas en operativos vivieron maltratos y tortura sexual"},"content":{"rendered":"\n<p class=\"wp-block-paragraph\">Intersecta, Gobernaci\u00f3n, la UNAM, Inegi y otros estudios muestran que militares y marina violan los derechos humanos de las mujeres<\/p>\n\n\n\n<p class=\"wp-block-paragraph\">\u00a0Las detenidas y torturadas que llegan a pisar la c\u00e1rcel dijeron recibir descargas el\u00e9ctricas, golpes, amenazas verbales y violaciones sexuales por parte de los militares<\/p>\n\n\n\n<p class=\"wp-block-paragraph\">Sara Lovera<\/p>\n\n\n\n<p class=\"wp-block-paragraph\">SemM\u00e9xico, Ciudad de M\u00e9xico, 14 de agosto, 2022.- El aumento de grupos militares en todo el pa\u00eds en esta administraci\u00f3n federal gener\u00f3 una ola de violaciones a los derechos humanos y detenciones arbitrarias contra las mujeres, seg\u00fan informes oficiales, no gubernamentales y declaraciones de las y los ind\u00edgenas.<\/p>\n\n\n\n<p class=\"wp-block-paragraph\">Un an\u00e1lisis publicado por la ONG Intersecta, muestra que hasta ocho&nbsp;de cada diez mujeres detenidas por la Marina y el Ej\u00e9rcito afirmaron estar en prisi\u00f3n por acusaciones falsas, adem\u00e1s de que enfrentaron diferentes hechos de violencia en durante todo del proceso, de su captura a su estancia en las c\u00e1rceles. Ello hace evidente la importancia de detener la militarizaci\u00f3n en acciones de seguridad p\u00fablica, sostuvieron especialistas.<\/p>\n\n\n\n<p class=\"wp-block-paragraph\">Los casos que se han documentado en la gesti\u00f3n del presidente Andr\u00e9s Manuel L\u00f3pez Obrador dan muestra de que las mujeres privadas de su libertad \u2014a trav\u00e9s de operativos y acciones militares seguridad\u2014 sufrieron alg\u00fan tipo de violencia&nbsp;y tortura sexual por los castrenses.<\/p>\n\n\n\n<p class=\"wp-block-paragraph\">Al respecto la Comisi\u00f3n Nacional de Derechos Humanos CNDH alert\u00f3 a las Fuerzas Armadas para mejorar sus protocolos de actuaci\u00f3n por medio de diferentes recomendaciones, aunque no han sido acatadas hasta ahora, un ejemplo es la recomendaci\u00f3n No. 66VG\/2022), del 15 de julio \u00faltimo.<\/p>\n\n\n\n<p class=\"wp-block-paragraph\">El 9 de agosto, D\u00eda Internaci\u00f3n de los Pueblos Ind\u00edgenas, la representante ind\u00edgena juchiteca en Naciones Unidas, Irma Pineda afirm\u00f3 que los \u201cmilitares son un grave riesgo para los pueblos ind\u00edgenas\u201d, la tambi\u00e9n poetisa zapoteca considera que la Guardia Nacional debe permanecer bajo un mando civil y no de los militares, quienes tienen una larga historia represiva en el pa\u00eds, la que describi\u00f3 y record\u00f3 hechos documentados en su natal Oaxaca.<\/p>\n\n\n\n<p class=\"wp-block-paragraph\">Intersecta sostiene y dio a conocer que durante las detenciones las mujeres, la mitad de la poblaci\u00f3n sufre desde&nbsp;patadas, amenazas verbales hasta golpes; se trata del 20 por ciento de las mujeres porcentaje mayor a la media nacional&nbsp;que se registra en este tipo de agresiones que se dan durante los operativos en contra de los hombres por autoridades y militares.<\/p>\n\n\n\n<p class=\"wp-block-paragraph\">En tanto, de este porcentaje la tercera parte de las mujeres que fueron detenidas aseguraron que en los \u00faltimos tres a\u00f1os recibieron, descargas el\u00e9ctricas,&nbsp;as\u00ed como&nbsp;quemaduras infringidas&nbsp;durante su traslado al penal o al Ministerio P\u00fablico en casi todos los estados del pa\u00eds, esto sin que recibieran atenci\u00f3n m\u00e9dica en la mayor\u00eda de las ocasiones, por lo que las heridas se agravaron en la c\u00e1rcel, lo que se sum\u00f3 a la violaci\u00f3n de sus derechos humanos.<\/p>\n\n\n\n<p class=\"wp-block-paragraph\">Esta situaci\u00f3n, ha merecido algunas observaciones de organismos internacionales, contra M\u00e9xico, e informes de Amnist\u00eda Internacional y del Departamento de Estado, de los Estados Unidos, documentos que sostienen que en M\u00e9xico no ha desaparecido la tortura y que el excesivo ejercicio de la fuerza y los \u201cenfrentamientos\u201d y detenciones, se ensa\u00f1an con las mujeres, con sus cuerpos y sus cabelleras. Muchas de ellas podr\u00edan no tener que ver con el crimen. Se estudia ahora cu\u00e1nto es el impacto en la poblaci\u00f3n civil femenina.<\/p>\n\n\n\n<figure class=\"wp-block-image size-full\"><a href=\"https:\/\/redsemlac.com\/semmexico\/wp-content\/uploads\/2022\/08\/8-de-cada-10-02.jpg\"><img loading=\"lazy\" decoding=\"async\" width=\"636\" height=\"312\" src=\"https:\/\/redsemlac.com\/semmexico\/wp-content\/uploads\/2022\/08\/8-de-cada-10-02.jpg\" alt=\"\" class=\"wp-image-54637\"\/><\/a><\/figure>\n\n\n\n<p class=\"wp-block-paragraph\">Violaciones tambi\u00e9n crecen<\/p>\n\n\n\n<p class=\"wp-block-paragraph\">En este sentido, el&nbsp;<em>Diagn\u00f3stico Nacional de Tortura Sexual<\/em>, presentado por la Secretar\u00eda de Gobernaci\u00f3n (Segob) en junio, hace 8 semanas, destac\u00f3 que ocho de cada 10 mujeres privadas de su libertad sufrieron alguna tortura sexual o malos tratos en al menos una etapa de su proceso, ello entre 2006 y 2021, es decir durante 3 a\u00f1os de esta administraci\u00f3n.<\/p>\n\n\n\n<p class=\"wp-block-paragraph\">Ese informe dej\u00f3 en claro que cerca del 42 por ciento de las agresiones sexuales&nbsp;se da por la polic\u00eda ministerial al momento del traslado de los centros de reclusi\u00f3n.<\/p>\n\n\n\n<p class=\"wp-block-paragraph\"><strong>Sobre los perpetradores, el 40 por ciento de las mujeres entrevistadas se\u00f1alaron a polic\u00edas de investigaci\u00f3n, 21 por ciento polic\u00edas municipales, 16 por ciento polic\u00edas estatales, 7 por ciento integrantes de la Secretar\u00eda de la Defensa Nacional, y 6 por ciento de la Secretar\u00eda de Marina.<\/strong><\/p>\n\n\n\n<p class=\"wp-block-paragraph\">El an\u00e1lisis de Gobernaci\u00f3n, que se hizo por recomendaci\u00f3n de la Comisi\u00f3n Interamericana de Derechos Humanos, sostuvo que casi 80 por ciento de las mujeres privadas de la libertad en el pa\u00eds, en los \u00faltimos 15 a\u00f1os, sufrieron violencia durante su proceso, desde su detenci\u00f3n hasta la remisi\u00f3n a una prisi\u00f3n, mientras que 40 por ciento de esas mujeres han sido v\u00edctimas de tortura sexual, sin que existan m\u00e1s que siete sentencias por ese flagelo.<\/p>\n\n\n\n<p class=\"wp-block-paragraph\">Por su parte el Centro de Derechos Humanos Agust\u00edn Pro Ju\u00e1rez Centro Prodh ha documentado que la tortura sexual, a las mujeres en las detenciones, son una pr\u00e1ctica generalizada, lo mismo que los encarcelamientos sin motivo o sin investigaci\u00f3n. Casos de mujeres ind\u00edgenas y urbanas.<\/p>\n\n\n\n<p class=\"wp-block-paragraph\"><strong>Datos Oficiales que contradicen al presidente de la Rep\u00fablica<\/strong><\/p>\n\n\n\n<p class=\"wp-block-paragraph\">De acuerdo a la investigaci\u00f3n oficial, la Segob, hizo visitas a un centenar de instalaciones penitenciarias, donde sus empleados y empleadas aplicaron una encuesta mil 280 mujeres recluidas en 66 centros de internamiento.<\/p>\n\n\n\n<p class=\"wp-block-paragraph\">Los resultados arrojaron que el 79.3 por ciento las entrevistadas aceptaron haber sido torturadas, o recibieron tratos o penas crueles inhumanos o degradantes durante su arresto o traslado al Ministerio P\u00fablico, arraigo, traslado y estancia en un centro penitenciario, incluyendo el espacio de servicios de salud; 32.1 por ciento dijo haber sufrido tortura sexual y 43.82 por ciento sufrieron actos de tortura con connotaciones sexuales.<\/p>\n\n\n\n<p class=\"wp-block-paragraph\">Sin embargo, en el cotejo de las respuestas contenidas en la encuesta con la profundizaci\u00f3n de la informaci\u00f3n a trav\u00e9s de entrevistas personalizadas, la se determin\u00f3 que \u201cm\u00e1s de cuatro de cada diez sufrieron tortura sexual derivado de un an\u00e1lisis m\u00e1s cualitativo\u201d, alert\u00f3 Aribel Garc\u00eda P\u00e9rez, directora de Relaciones y Coordinaci\u00f3n Institucional, responsable del estudio. &nbsp;<\/p>\n\n\n\n<p class=\"wp-block-paragraph\">Al destacarse que la muestra de mil 280 mujeres proviene de un c\u00e1lculo de la existencia de 12 mil 621 privadas de la libertad entre 2006 y 2021, otros datos reveladores son que, en 81 por ciento de la muestra consultada, no se inform\u00f3 a las mujeres de sus derechos y en 65 por ciento no se les dio el motivo de su detenci\u00f3n, la mayor\u00eda de ellas, entre sentencias y en prisi\u00f3n preventiva, procesadas por homicidio secuestro, robo y delitos contra la salud.<\/p>\n\n\n\n<p class=\"wp-block-paragraph\">Al se\u00f1alar que 33 por ciento de las mujeres privadas de su libertad fueron puestas ante un agente de ministerio p\u00fablico entre cuatro y 24 horas de su arresto, Garc\u00eda P\u00e9rez refiri\u00f3 que las agresiones f\u00edsicas m\u00e1s frecuentes son manoseos, patadas, golpes en los senos, los gl\u00fateos y genitales.<\/p>\n\n\n\n<p class=\"wp-block-paragraph\">Sobre los perpetradores, el 40 por ciento se\u00f1alaron a polic\u00edas de investigaci\u00f3n, 21 por ciento a polic\u00edas municipales, 16 por ciento a polic\u00edas estatales, 7 por ciento a integrantes de la Secretar\u00eda de la Defensa Nacional y 6 por ciento de la Secretar\u00eda de Marina.<\/p>\n\n\n\n<p class=\"wp-block-paragraph\">La funcionaria y encargada de la encuesta, Garc\u00eda P\u00e9rez, sostiene que, de la consulta a instituciones, las comisiones nacionales y estatales de derechos humanos indicaron haber recibido 11 mil 949 quejas por tortura en ese periodo, de las cuales 2 mil 550 corresponden a mujeres y de \u00e9stas 316 denunci\u00f3 haber sido v\u00edctima de tortura sexual. Los organismos emitieron 59 recomendaciones.<\/p>\n\n\n\n<p class=\"wp-block-paragraph\">De la misma manera el estudio demuestra que la tortura sexual es utilizada como una pr\u00e1ctica com\u00fan, desde el inicio de sus procesos&nbsp;penales hasta el juicio y sentencia.&nbsp;Sobre la situaci\u00f3n de las mujeres,&nbsp;Jos\u00e9 Luis Guti\u00e9rrez Rom\u00e1n, director de la organizaci\u00f3n Asistencia Legal por los Derechos Humanos (Asilegal), dijo que el sistema de justicia penal mexicano est\u00e1 hecho pr\u00e1cticamente para&nbsp;fabricar culpables.<\/p>\n\n\n\n<p class=\"wp-block-paragraph\"><strong><em>Mientras no se juzgue con un enfoque de perspectiva de g\u00e9nero, con un enfoque intercultural e interseccional, no se podr\u00e1 analizar perfectamente la responsabilidad de las personas que se encuentran en conflicto con la ley y, por lo tanto, privadas de la libertad.<\/em><\/strong><\/p>\n\n\n\n<p class=\"wp-block-paragraph\"><strong>\u2014 &nbsp;Jos\u00e9 Luis Guti\u00e9rrez<em><\/em><\/strong><\/p>\n\n\n\n<p class=\"wp-block-paragraph\">Un estudio elaborado por investigadoras del Centro de Investigaciones y Estudios de G\u00e9nero de la Universidad Nacional Aut\u00f3noma de M\u00e9xico (UNAM) y la Comisi\u00f3n Nacional de los Derechos Humanos explica que la falta de&nbsp;prisiones reservadas exclusivamente&nbsp;para mujeres ha llevado a que muchas de ellas cumplan su sentencia en prisiones mixtas donde son vulnerables, esto debido a que se ven expuestas a abuso sexual, prostituci\u00f3n y extorsi\u00f3n por parte de grupos delictivos recluidos en la secci\u00f3n varonil.<\/p>\n\n\n\n<p class=\"wp-block-paragraph\"><strong><em>&#8212;&#8212;&#8212;&#8212;&#8212;&#8212;&#8212;&#8212;&#8212;&#8212;&#8212;&#8212;&#8212;&#8212;&#8212;&#8212;&#8212;&#8212;&#8212;&#8212;&#8212;&#8212;&#8212;&#8212;&#8212;&#8212;&#8212;&#8212;&#8212;&#8212;&#8212;&#8212;&#8212;&#8212;&#8212;-<\/em><\/strong><\/p>\n\n\n\n<ul class=\"wp-block-list\"><li><strong><em>El 80 por ciento de las agresiones se dan por parte de cuerpos de seguridad del Estado mexicano en el primer contacto con la autoridad\u201d.<\/em><\/strong><\/li><\/ul>\n\n\n\n<ul class=\"wp-block-list\"><li><strong><em>37 por ciento de estas agresiones y esta tortura sexual se da fundamentalmente en el momento de la detenci\u00f3n y el traslado al ministerio p\u00fablico por parte de polic\u00edas municipales y polic\u00edas estatales.<\/em><\/strong><\/li><li><strong><em>&nbsp;<\/em><\/strong><\/li><li><strong><em>Los estados que presentan mayor incidencia sobre este tipo de pr\u00e1cticas son Edomex, Veracruz, Guerrero, Nuevo Le\u00f3n y Chihuahua.<\/em><\/strong><\/li><\/ul>\n\n\n\n<p class=\"wp-block-paragraph\"><strong><em>&#8212;&#8212;&#8212;&#8212;&#8212;&#8212;&#8212;&#8212;&#8212;&#8212;&#8212;&#8212;&#8212;&#8212;&#8212;&#8212;&#8212;&#8212;&#8212;&#8212;&#8212;&#8212;&#8212;&#8212;&#8212;&#8212;&#8212;&#8212;&#8212;&#8212;&#8211;<\/em><\/strong><\/p>\n\n\n\n<p class=\"wp-block-paragraph\">Sin sentencia<\/p>\n\n\n\n<p class=\"wp-block-paragraph\">Datos del \u00d3rgano Administrativo Desconcentrado de Prevenci\u00f3n y Readaptaci\u00f3n Social (OADPRS) de la Secretar\u00eda de Seguridad y Protecci\u00f3n Ciudadana (SSPC), revela que&nbsp;68.1 por ciento de las 645 mujeres&nbsp;que enfrentan procesos por delitos del fuero federal en un centro penitenciario de ese \u00e1mbito en la actualidad&nbsp;no tiene una sentencia.<\/p>\n\n\n\n<p class=\"wp-block-paragraph\">Esta cifra revela una situaci\u00f3n desfavorable para las mujeres presas, toda vez que el porcentaje de poblaci\u00f3n en general encarcelada sin tener una sentencia es&nbsp;del 40.3 por ciento. De acuerdo con la Encuesta Nacional de Poblaci\u00f3n Privada de la Libertad (Enpol) 2021 del Inegi, el 69.2 por ciento o de quienes est\u00e1n en reclusi\u00f3n tiene entre 18 y 39 a\u00f1os de edad, es decir, se trata de mujeres en plenitud de su edad productiva.<\/p>\n\n\n\n<p class=\"wp-block-paragraph\">Y es que la SSPC report\u00f3 que hasta mayo de 2022 permanec\u00edan en c\u00e1rceles de M\u00e9xico&nbsp;226 mil 646 personas&nbsp;privadas de la libertad; de ellas, 213 mil 840 son hombres, 94.35 por ciento y 12 mil 806 mujeres 5.65 por ciento, datos que coinciden con la Enpol.<\/p>\n\n\n\n<p class=\"wp-block-paragraph\"><strong>CIFRAS:<\/strong><\/p>\n\n\n\n<ul class=\"wp-block-list\"><li><strong>De acuerdo con el Censo Nacional de Sistemas Penitenciarios Nacional y Estatales 2022, presentado recientemente por el Inegi, 52.9\u202fpor ciento de las mujeres siguen a la espera de su juicio y est\u00e1n privadas de su libertad como medida cautelar.<\/strong><\/li><\/ul>\n\n\n\n<ul class=\"wp-block-list\"><li><strong>El 14.2\u202fpor ciento de las mujeres esperan m\u00e1s de veinticuatro meses para recibir su sentencia.<\/strong><\/li><\/ul>\n\n\n\n<ul class=\"wp-block-list\"><li><strong>La Encuesta Nacional de Poblaci\u00f3n Privada de la Libertad (ENPOL) de 2021, el 39.8\u202fpor ciento de las mujeres privadas han sufrido alg\u00fan tipo de agresi\u00f3n despu\u00e9s de su detenci\u00f3n; 15.5\u202fpor ciento alg\u00fan tipo de agresi\u00f3n sexual, y el 4.8\u202fpor ciento violaci\u00f3n sexual.<\/strong><\/li><\/ul>\n\n\n\n<figure class=\"wp-block-image size-large\"><a href=\"https:\/\/redsemlac.com\/semmexico\/wp-content\/uploads\/2022\/08\/8-de-cada-10-03.jpg\"><img decoding=\"async\" src=\"https:\/\/redsemlac.com\/semmexico\/wp-content\/uploads\/2022\/08\/8-de-cada-10-03-1024x631.jpg\" alt=\"\" class=\"wp-image-54636\"\/><\/a><\/figure>\n\n\n\n<p class=\"wp-block-paragraph\">Rechazan la propuesta presidencial<\/p>\n\n\n\n<p class=\"wp-block-paragraph\">Para los&nbsp;<strong>pueblos ind\u00edgenas<\/strong>&nbsp;el prop\u00f3sito del presidente<strong>&nbsp;Andr\u00e9s Manuel L\u00f3pez Obrador&nbsp;<\/strong>de trasladar la<strong>&nbsp;Guardia Nacional&nbsp;<\/strong>a la&nbsp;<strong>Secretar\u00eda de la Defensa Nacional<\/strong>&nbsp;Sedena representa un grave riesgo, porque las&nbsp;<strong>fuerzas armadas&nbsp;<\/strong>han participado en el&nbsp;<strong>secuestro y desaparici\u00f3n de dirigentes ind\u00edgenas<\/strong>, afirm\u00f3 Irma Pineda Santiago, representante de los pueblos ind\u00edgenas de M\u00e9xico, Am\u00e9rica Latina y el Caribe ante la&nbsp;<strong>Organizaci\u00f3n de las Naciones Unidas&nbsp;<\/strong>(ONU).<\/p>\n\n\n\n<p class=\"wp-block-paragraph\">La poetisa zapoteca, residente en Juchit\u00e1n, afirm\u00f3 que la&nbsp;<strong>Guardia Nacional&nbsp;<\/strong>debe permanecer bajo un mando civil y no de los militares, quienes tienen una larga historia represiva en el pa\u00eds.<\/p>\n\n\n\n<p class=\"wp-block-paragraph\">Y entonces refiri\u00f3: \u201cNo olvidemos que mi padre, V\u00edctor Pineda Henestrosa, fue<strong>&nbsp;secuestrado por militares&nbsp;<\/strong>en 1978\u201d, se\u00f1al\u00f3.<\/p>\n\n\n\n<p class=\"wp-block-paragraph\">La&nbsp;<strong>representante de los pueblos ind\u00edgenas ante la ONU&nbsp;narr\u00f3 brevemente que <\/strong>donde ha habido presencia de las<strong>&nbsp;fuerzas armadas<\/strong>&nbsp;se han registrado actos represivos, violaciones de mujeres, despojo de los recursos naturales y hechos de&nbsp;<strong>tortura&nbsp;<\/strong>contra los pueblos ind\u00edgenas.&nbsp;<\/p>\n\n\n\n<p class=\"wp-block-paragraph\">\u201cTodos esos agravios que han quedado impunes, no generan la m\u00e1s m\u00ednima confianza de las&nbsp;<strong>comunidades ind\u00edgenas&nbsp;<\/strong>al plan del Presidente que insiste en la creciente&nbsp;<strong>militarizaci\u00f3n del pa\u00eds<\/strong>\u201d dijo.<\/p>\n\n\n\n<p class=\"wp-block-paragraph\">Record\u00f3 a los cinco pur\u00e9pechas, Sol\u00f3n, Armando, Jes\u00fas, Amafer y Venustiano, de apellido Guzm\u00e1n, detenidos y desaparecidos entre los a\u00f1os de 1974 y 1976, en&nbsp;<strong>Michoac\u00e1n<\/strong>.<\/p>\n\n\n\n<p class=\"wp-block-paragraph\">Rememor\u00f3 a las hermanas triquis Daniel y Virginia, detenidas y desaparecidas en&nbsp;<strong>Oaxaca&nbsp;en <\/strong>2007.<\/p>\n\n\n\n<p class=\"wp-block-paragraph\">Y pas\u00f3 lista de presente a Tom\u00e1s P\u00e9rez desaparecido en Puebla en 1990, a Francisco de As\u00eds Manuel, desaparecido en 2010 en Michoac\u00e1n y a Gabriel Gaspar V\u00e1squez, ind\u00edgena ayuujk desaparecido en 2018, en&nbsp;Oaxaca.<\/p>\n\n\n\n<p class=\"wp-block-paragraph\"><strong>Irma Pineda Santiago&nbsp;<\/strong>record\u00f3 a su padre, el profesor y dirigente campesino zapoteco, V\u00edctor Pineda Henestrosa, desaparecido en&nbsp;<strong>Juchit\u00e1n&nbsp;<\/strong>el 11 de julio de 1978 por soldados del entonces onceavo batall\u00f3n de infanter\u00eda, de Ciudad Ixtepec, en la regi\u00f3n istme\u00f1a, seg\u00fan documentaron sus familiares.<\/p>\n\n\n\n<p class=\"wp-block-paragraph\">\u201cLamentablemente en la actualidad los&nbsp;<strong>pueblos ind\u00edgenas de M\u00e9xico<\/strong>&nbsp;est\u00e1n sometidos a una pol\u00edtica de despojos, de imposiciones de megaproyectos como el<strong>&nbsp;Tren Maya<\/strong>&nbsp;y el&nbsp;<strong>Corredor Interoce\u00e1nico del Istmo de Tehuantepec<\/strong>&nbsp;(CIIT) que est\u00e1n bajo el control de las fuerzas armadas y de&nbsp;agresiones permanentes hacia sus formas de organizaci\u00f3n\u201d, precis\u00f3 la tambi\u00e9n acad\u00e9mica.<\/p>\n\n\n\n<p class=\"wp-block-paragraph\"><strong>Irma Pineda<\/strong>\u00a0cuestion\u00f3 tambi\u00e9n los datos que proporcion\u00f3 el presidente<strong>\u00a0L\u00f3pez Obrador<\/strong>\u00a0esta semana donde asegur\u00f3 que 87 por ciento de la poblaci\u00f3n respalda a las fuerzas armadas.\u00a0 Y se pregunt\u00f3 \u201c\u00bfD\u00f3nde hizo la encuesta? \u00bfCu\u00e1l fue la vitrina metodol\u00f3gica? Indudablemente que entre los\u00a0<strong>pueblos ind\u00edgenas<\/strong>\u00a0no se consult\u00f3 porque las comunidades no conf\u00edan en las<strong>\u00a0fuerzas militares y policiales<\/strong>\u201d, remat\u00f3.<\/p>\n\n\n\n<p class=\"wp-block-paragraph\"><\/p>\n","protected":false},"excerpt":{"rendered":"<p>El aumento de grupos militares en todo el pa\u00eds en esta administraci\u00f3n federal gener\u00f3 una ola de violaciones a los derechos humanos y detenciones arbitrarias contra las mujeres, seg\u00fan informes oficiales, no gubernamentales y declaraciones de las y los ind\u00edgenas.<\/p>\n","protected":false},"author":3,"featured_media":54638,"comment_status":"open","ping_status":"open","sticky":false,"template":"","format":"standard","meta":{"_monsterinsights_skip_tracking":false,"footnotes":""},"categories":[693,47,48],"tags":[],"class_list":["post-54635","post","type-post","status-publish","format-standard","has-post-thumbnail","category-693","category-no-mas-impunidad","category-no-mas-impunidad-no-mas-impunidad"],"_links":{"self":[{"href":"https:\/\/redsemlac.com\/semmexico\/wp-json\/wp\/v2\/posts\/54635","targetHints":{"allow":["GET"]}}],"collection":[{"href":"https:\/\/redsemlac.com\/semmexico\/wp-json\/wp\/v2\/posts"}],"about":[{"href":"https:\/\/redsemlac.com\/semmexico\/wp-json\/wp\/v2\/types\/post"}],"author":[{"embeddable":true,"href":"https:\/\/redsemlac.com\/semmexico\/wp-json\/wp\/v2\/users\/3"}],"replies":[{"embeddable":true,"href":"https:\/\/redsemlac.com\/semmexico\/wp-json\/wp\/v2\/comments?post=54635"}],"version-history":[{"count":0,"href":"https:\/\/redsemlac.com\/semmexico\/wp-json\/wp\/v2\/posts\/54635\/revisions"}],"wp:featuredmedia":[{"embeddable":true,"href":"https:\/\/redsemlac.com\/semmexico\/wp-json\/wp\/v2\/media\/54638"}],"wp:attachment":[{"href":"https:\/\/redsemlac.com\/semmexico\/wp-json\/wp\/v2\/media?parent=54635"}],"wp:term":[{"taxonomy":"category","embeddable":true,"href":"https:\/\/redsemlac.com\/semmexico\/wp-json\/wp\/v2\/categories?post=54635"},{"taxonomy":"post_tag","embeddable":true,"href":"https:\/\/redsemlac.com\/semmexico\/wp-json\/wp\/v2\/tags?post=54635"}],"curies":[{"name":"wp","href":"https:\/\/api.w.org\/{rel}","templated":true}]}}