{"id":54608,"date":"2022-08-13T07:41:52","date_gmt":"2022-08-13T13:41:52","guid":{"rendered":"https:\/\/redsemlac.com\/semmexico\/?p=54608"},"modified":"2023-07-21T19:11:20","modified_gmt":"2023-07-22T00:11:20","slug":"estrategia-contra-cancer-de-cuello-uterino-debe-ser-transectorial-interdisciplinaria-y-multidisciplinaria","status":"publish","type":"post","link":"https:\/\/redsemlac.com\/semmexico\/estrategia-contra-cancer-de-cuello-uterino-debe-ser-transectorial-interdisciplinaria-y-multidisciplinaria\/","title":{"rendered":"Estrategia contra c\u00e1ncer de cuello uterino debe ser transectorial, interdisciplinaria y multidisciplinaria"},"content":{"rendered":"\n<p class=\"wp-block-paragraph\">Es prevenible desde el primer nivel de atenci\u00f3n<\/p>\n\n\n\n<p class=\"wp-block-paragraph\">Disminuy\u00f3 tres veces la mortalidad por esta causa en los \u00faltimos 30 a\u00f1os: INSP<\/p>\n\n\n\n<p class=\"wp-block-paragraph\">Redacci\u00f3n<\/p>\n\n\n\n<p class=\"wp-block-paragraph\">SemM\u00e9xico, Ciudad de M\u00e9xico, 13 de agosto, 2022.- La estrategia para avanzar en la erradicaci\u00f3n del c\u00e1ncer de cuello uterino tiene que ser transectorial, interdisciplinaria y multidisciplinaria, con un modelo \u00fanico e innovador para todo el Sistema Nacional de Salud, afirm\u00f3 la directora de C\u00e1ncer de la Mujer del Centro Nacional de Equidad de G\u00e9nero y Salud Reproductiva (CNEGSR), Alejandra Armengol Alonso.<\/p>\n\n\n\n<p class=\"wp-block-paragraph\">Durante la inauguraci\u00f3n del Primer Foro Nacional \u00abPor la eliminaci\u00f3n de c\u00e1ncer de cuello uterino\u00bb se\u00f1al\u00f3 que la prestaci\u00f3n de servicios en el primer nivel de atenci\u00f3n tiene un papel central en la cadena para prevenir este tipo de tumor.<\/p>\n\n\n\n<p class=\"wp-block-paragraph\">Inform\u00f3 que en los \u00faltimos a\u00f1os el avance en la erradicaci\u00f3n del c\u00e1ncer de cuello uterino ha sido lento debido a que el modelo de atenci\u00f3n, que se cre\u00f3 en 1974, requiere renovarse para ser un sistema organizado y de car\u00e1cter poblacional.<\/p>\n\n\n\n<p class=\"wp-block-paragraph\">Asimismo, muchas mujeres nunca se han realizado una prueba de tamizaje para la detecci\u00f3n temprana de c\u00e1ncer de cuello uterino, por lo que es necesario mejorar la calidad en la toma de la muestra, la interpretaci\u00f3n de resultados y la comunicaci\u00f3n con las personas usuarias de los servicios de salud.<\/p>\n\n\n\n<p class=\"wp-block-paragraph\">En ese contexto, se hizo hincapi\u00e9 en que deben multiplicarse los esfuerzos con una estrategia organizada para impactar en la mortalidad mediante la capacitaci\u00f3n del personal que realiza las pruebas y la disponibilidad de recursos.<\/p>\n\n\n\n<p class=\"wp-block-paragraph\">El director general del Instituto Nacional de Salud P\u00fablica (INSP), Eduardo Lazcano Ponce, record\u00f3 que en los \u00faltimos 30 a\u00f1os ha disminuido tres veces el n\u00famero de nuevos casos y muertes por c\u00e1ncer cervical, al pasar de 17 por 100 mil mujeres en los a\u00f1os 90, a seis por 100 mil en la actualidad.<\/p>\n\n\n\n<p class=\"wp-block-paragraph\">Se\u00f1al\u00f3 que es previsible que para 2030 las tendencias de mortalidad se mantengan e incluso, bajen. Cada a\u00f1o se presentan en M\u00e9xico 195 mil nuevos casos de todos los tipos de c\u00e1ncer, de los cuales nueve mil 500 son cervicales, lo que equivale a 4.6 por ciento y se ubica en quinto lugar.<\/p>\n\n\n\n<p class=\"wp-block-paragraph\">Dijo que nuestro pa\u00eds fue pionero en la vacunaci\u00f3n contra el virus del papiloma humano (VPH) con esquemas de una, dos o tres dosis. La evidencia cient\u00edfica que aport\u00f3 el INSP muestra que su implementaci\u00f3n a edades tempranas prolonga la inmunogenicidad, es decir, la respuesta inmune.<\/p>\n\n\n\n<p class=\"wp-block-paragraph\">Indic\u00f3 que, los resultados de un estudio realizado recientemente por el INSP se\u00f1alan que las ni\u00f1as que recibieron entre una y tres dosis contra el VPH no tuvieron infecciones concurrentes en comparaci\u00f3n con mujeres no vacunadas.<\/p>\n\n\n\n<p class=\"wp-block-paragraph\">El titular del INSP resalt\u00f3 que en 2018 la Organizaci\u00f3n Mundial de la Salud inst\u00f3 a los Estados miembros a poner en marcha la estrategia global de vacunaci\u00f3n contra VPH de mujeres menores de 15 a\u00f1os, diagn\u00f3stico y tratamiento de lesiones pre invasivas y cobertura de al menos 70 por ciento de mujeres de menos de 35 a\u00f1os con tamizaje de alta calidad y una nueva prueba antes de los 45 a\u00f1os para avanzar en la erradicaci\u00f3n de este tipo de c\u00e1ncer.<\/p>\n","protected":false},"excerpt":{"rendered":"<p>La estrategia para avanzar en la erradicaci\u00f3n del c\u00e1ncer de cuello uterino tiene que ser transectorial, interdisciplinaria y multidisciplinaria, con un modelo \u00fanico e innovador para todo el Sistema Nacional de Salud<\/p>\n","protected":false},"author":3,"featured_media":54610,"comment_status":"open","ping_status":"open","sticky":false,"template":"","format":"standard","meta":{"_monsterinsights_skip_tracking":false,"footnotes":""},"categories":[693,51],"tags":[],"class_list":["post-54608","post","type-post","status-publish","format-standard","has-post-thumbnail","category-693","category-ejecutivo"],"_links":{"self":[{"href":"https:\/\/redsemlac.com\/semmexico\/wp-json\/wp\/v2\/posts\/54608","targetHints":{"allow":["GET"]}}],"collection":[{"href":"https:\/\/redsemlac.com\/semmexico\/wp-json\/wp\/v2\/posts"}],"about":[{"href":"https:\/\/redsemlac.com\/semmexico\/wp-json\/wp\/v2\/types\/post"}],"author":[{"embeddable":true,"href":"https:\/\/redsemlac.com\/semmexico\/wp-json\/wp\/v2\/users\/3"}],"replies":[{"embeddable":true,"href":"https:\/\/redsemlac.com\/semmexico\/wp-json\/wp\/v2\/comments?post=54608"}],"version-history":[{"count":0,"href":"https:\/\/redsemlac.com\/semmexico\/wp-json\/wp\/v2\/posts\/54608\/revisions"}],"wp:featuredmedia":[{"embeddable":true,"href":"https:\/\/redsemlac.com\/semmexico\/wp-json\/wp\/v2\/media\/54610"}],"wp:attachment":[{"href":"https:\/\/redsemlac.com\/semmexico\/wp-json\/wp\/v2\/media?parent=54608"}],"wp:term":[{"taxonomy":"category","embeddable":true,"href":"https:\/\/redsemlac.com\/semmexico\/wp-json\/wp\/v2\/categories?post=54608"},{"taxonomy":"post_tag","embeddable":true,"href":"https:\/\/redsemlac.com\/semmexico\/wp-json\/wp\/v2\/tags?post=54608"}],"curies":[{"name":"wp","href":"https:\/\/api.w.org\/{rel}","templated":true}]}}