{"id":54606,"date":"2022-08-13T07:30:28","date_gmt":"2022-08-13T13:30:28","guid":{"rendered":"https:\/\/redsemlac.com\/semmexico\/?p=54606"},"modified":"2023-07-21T19:11:20","modified_gmt":"2023-07-22T00:11:20","slug":"la-gobernadora-de-campeche-debe-retirar-de-inmediato-ofensas-en-sus-redes-sociales-contra-20-diputadas","status":"publish","type":"post","link":"https:\/\/redsemlac.com\/semmexico\/la-gobernadora-de-campeche-debe-retirar-de-inmediato-ofensas-en-sus-redes-sociales-contra-20-diputadas\/","title":{"rendered":"La Gobernadora de Campeche, debe retirar de inmediato ofensas en sus redes sociales contra 20 diputadas"},"content":{"rendered":"\n<p class=\"wp-block-paragraph\">El Instituto Nacional Electoral dictamina medidas cautelares a diputadas del PRI,<\/p>\n\n\n\n<p class=\"wp-block-paragraph\">Define que se trata Violencia Pol\u00edtica en Raz\u00f3n de G\u00e9nero<\/p>\n\n\n\n<p class=\"wp-block-paragraph\">Da 3 horas para que se retiren mensajes ofensivos en redes sociales<\/p>\n\n\n\n<p class=\"wp-block-paragraph\">Redacci\u00f3n<\/p>\n\n\n\n<p class=\"wp-block-paragraph\">SemM\u00e9xico, Ciudad de M\u00e9xico, 13 de agosto, 2022- En sesi\u00f3n virtual la Comisi\u00f3n de Quejas y Denuncias del Instituto Nacional Electoral (INE) resolvi\u00f3 dos proyectos de medidas cautelares: uno por presunta Violencia Pol\u00edtica contra las Mujeres en Raz\u00f3n de G\u00e9nero (VPMRG) ejercida en contra de 20 diputadas del partido Revolucionario Institucional (PRI) y otra por aparente uso indebido de la pauta y calumnia en contra del partido Morena.<\/p>\n\n\n\n<p class=\"wp-block-paragraph\">Publicaciones realizadas en Facebook, YouTube, Twitter, Telegram y Zylike deben retirarse en un plazo m\u00e1ximo de 3 horas<\/p>\n\n\n\n<p class=\"wp-block-paragraph\">20 diputadas federales denunciaron a Layda Elena Sansores San Rom\u00e1n, gobernadora constitucional del estado de Campeche, a&nbsp;Erick Reyes Le\u00f3n, Delegado Presidente de Morena en Campeche, al partido pol\u00edtico Morena, a diversos influencers, y a quien resulte responsable, por la presunta comisi\u00f3n de actos constitutivos de VPMRG en su perjuicio, derivado de la publicaci\u00f3n y difusi\u00f3n de diversos contenidos en redes sociales por distintos perfiles de internautas, con motivo de diversas expresiones que realiz\u00f3 la gobernadora de Campeche en donde asegur\u00f3 tener fotograf\u00edas que legisladoras priistas habr\u00edan enviado al l\u00edder nacional del PRI, Alejandro Moreno.<\/p>\n\n\n\n<p class=\"wp-block-paragraph\">Por esta raz\u00f3n&nbsp;solicitaron medidas cautelares en la modalidad de tutela preventiva, con el objetivo de que se solicite a las personas denunciadas a que no contin\u00faen difundiendo propaganda que actualice actos de&nbsp;VPMRG.<\/p>\n\n\n\n<p class=\"wp-block-paragraph\">Tambi\u00e9n presentaron como medidas de protecci\u00f3n: a) prohibici\u00f3n de comunicarse con las v\u00edctimas, b) limitaci\u00f3n para asistir o acercarse al domicilio de las v\u00edctimas o lugar determinado y c) la prohibici\u00f3n de realizar conductas de intimidaci\u00f3n o molestia a las v\u00edctimas o a personas relacionadas con ellas.<\/p>\n\n\n\n<p class=\"wp-block-paragraph\">La Comisi\u00f3n de Quejas concluy\u00f3 que, en apariencia del buen derecho, 61 publicaciones&nbsp;(9 en Facebook, 10 de YouTube, 39 de Twitter, 1 de Telegram y 2 de Zylike) tienen como objeto ofender, denostar, descalificar y cosificar a las denunciantes.<\/p>\n\n\n\n<p class=\"wp-block-paragraph\">En apariencia del buen derecho, las expresiones analizadas contienen elementos mis\u00f3ginos y discriminatorios por raz\u00f3n de g\u00e9nero en perjuicio de las diputadas denunciantes, en tanto que tienen como objeto ofender, denostar, descalificar y cosificar a las denunciantes.<\/p>\n\n\n\n<p class=\"wp-block-paragraph\">Por lo anterior, se ordena a los involucrados, para que, de inmediato y en un plazo que no podr\u00e1 exceder 3 horas, retiren las publicaciones denunciadas.<\/p>\n\n\n\n<p class=\"wp-block-paragraph\">Asimismo, se determin\u00f3 procedente la tutela preventiva, pues existe un indicio que probablemente dichas manifestaciones se sigan emitiendo, por lo que se considera que existe un riesgo actual y real, de que las personas denunciadas -con excepci\u00f3n a la Gobernadora de Campeche, en atenci\u00f3n a que la Sala Superior en el Acuerdo SUP-JDC-613\/2022 ya orden\u00f3 similares medidas a la denunciada- incurran nuevamente en posibles vulneraciones a los principios constitucionales y legales en materia de VPRG.<\/p>\n\n\n\n<p class=\"wp-block-paragraph\">Improcedente retirar promocional del PRI, pues no viola ninguna normativa electoral y no incita al odio<\/p>\n\n\n\n<p class=\"wp-block-paragraph\">Morena denunci\u00f3 al PRI por el presunto uso indebido de la pauta, derivado de un promocional en televisi\u00f3n y radio,&nbsp;identificados como&nbsp;AMC RE V2&nbsp;y&nbsp;AMC RE,&nbsp;respectivamente, en los cuales se actualizan&nbsp;infracciones como el uso indebido de la pauta, difusi\u00f3n de propaganda&nbsp;calumniosa en contra de los ciudadanos de M\u00e9xico, militantes y dirigentes de Morena y perturba el orden p\u00fablico da\u00f1ando los derechos de la ciudadan\u00eda al acceso a la informaci\u00f3n.<\/p>\n\n\n\n<p class=\"wp-block-paragraph\">Por lo anterior, solicit\u00f3 el dictado de medidas cautelares a fin de que se ordene el retiro inmediato y la sustituci\u00f3n del material denunciado y, en tutela preventiva, con el objeto de que cesen con la transgresi\u00f3n de la norma electoral en perjuicio de Morena y de su militancia, se ordene al PRI y a su presidente nacional, abstenerse de realizar todo acto que lo calumnie y atente contra los principios democr\u00e1ticos.<\/p>\n\n\n\n<p class=\"wp-block-paragraph\">En este sentido, la autoridad electoral consider\u00f3, bajo la apariencia del buen derecho y de un an\u00e1lisis preliminar al material denunciado, que el contenido se encuentra amparado en la libertad de expresi\u00f3n, sin que se aprecie que, con su difusi\u00f3n, se vulnere la normativa en materia electoral,&nbsp;porque no se advierte, de manera evidente o expl\u00edcita, la imputaci\u00f3n de hechos o delitos falsos, al tratarse de expresiones que forman parte del debate y la opini\u00f3n p\u00fablica.<\/p>\n\n\n\n<p class=\"wp-block-paragraph\">De igual manera, la Comisi\u00f3n de Quejas y Denuncias no advierte que el mensaje contenga elementos o que inciten al odio o a la crispaci\u00f3n social, en contra de alg\u00fan sector de la sociedad, ni se aprecia, de manera preliminar, que tenga como base la intenci\u00f3n de menoscabar los derechos humanos o la dignidad de las personas.<\/p>\n\n\n\n<p class=\"wp-block-paragraph\">El primer proyecto fue aprobado por unanimidad de votos de la Consejera Claudia Zavala y del Consejero Ciro Murayama, as\u00ed como de la Consejera Adriana Favela, presidenta de la Comisi\u00f3n de Quejas y Denuncias; mientras que el segundo proyecto se aprob\u00f3 por mayor\u00eda de votos, con el voto en contra de la Consejera Adriana Favela.<\/p>\n","protected":false},"excerpt":{"rendered":"<p>El Instituto Nacional Electoral dictamina medidas cautelares a diputadas del PRI, define que se trata Violencia Pol\u00edtica en Raz\u00f3n de G\u00e9nero<\/p>\n","protected":false},"author":3,"featured_media":54611,"comment_status":"open","ping_status":"open","sticky":false,"template":"","format":"standard","meta":{"_monsterinsights_skip_tracking":false,"footnotes":""},"categories":[693,51],"tags":[],"class_list":["post-54606","post","type-post","status-publish","format-standard","has-post-thumbnail","category-693","category-ejecutivo"],"_links":{"self":[{"href":"https:\/\/redsemlac.com\/semmexico\/wp-json\/wp\/v2\/posts\/54606","targetHints":{"allow":["GET"]}}],"collection":[{"href":"https:\/\/redsemlac.com\/semmexico\/wp-json\/wp\/v2\/posts"}],"about":[{"href":"https:\/\/redsemlac.com\/semmexico\/wp-json\/wp\/v2\/types\/post"}],"author":[{"embeddable":true,"href":"https:\/\/redsemlac.com\/semmexico\/wp-json\/wp\/v2\/users\/3"}],"replies":[{"embeddable":true,"href":"https:\/\/redsemlac.com\/semmexico\/wp-json\/wp\/v2\/comments?post=54606"}],"version-history":[{"count":0,"href":"https:\/\/redsemlac.com\/semmexico\/wp-json\/wp\/v2\/posts\/54606\/revisions"}],"wp:featuredmedia":[{"embeddable":true,"href":"https:\/\/redsemlac.com\/semmexico\/wp-json\/wp\/v2\/media\/54611"}],"wp:attachment":[{"href":"https:\/\/redsemlac.com\/semmexico\/wp-json\/wp\/v2\/media?parent=54606"}],"wp:term":[{"taxonomy":"category","embeddable":true,"href":"https:\/\/redsemlac.com\/semmexico\/wp-json\/wp\/v2\/categories?post=54606"},{"taxonomy":"post_tag","embeddable":true,"href":"https:\/\/redsemlac.com\/semmexico\/wp-json\/wp\/v2\/tags?post=54606"}],"curies":[{"name":"wp","href":"https:\/\/api.w.org\/{rel}","templated":true}]}}