{"id":54592,"date":"2022-08-12T14:38:41","date_gmt":"2022-08-12T20:38:41","guid":{"rendered":"https:\/\/redsemlac.com\/semmexico\/?p=54592"},"modified":"2023-07-21T19:11:20","modified_gmt":"2023-07-22T00:11:20","slug":"una-reforma-fiscal-que-no-tema-recaudar-en-la-cuspide-de-la-piramide-plantea-ricardo-monreal","status":"publish","type":"post","link":"https:\/\/redsemlac.com\/semmexico\/una-reforma-fiscal-que-no-tema-recaudar-en-la-cuspide-de-la-piramide-plantea-ricardo-monreal\/","title":{"rendered":"Una reforma fiscal que no tema recaudar en la c\u00faspide de la pir\u00e1mide, plantea Ricardo Monreal"},"content":{"rendered":"\n<ul class=\"wp-block-list\"><li><strong>Una redistribuci\u00f3n a fondo de la riqueza requiere revisar el gasto p\u00fablico, no solo combatir la pobreza.&nbsp;&nbsp;<\/strong><\/li><li><strong>Tambi\u00e9n se pronunci\u00f3 por mantener los programas sociales para los m\u00e1s necesitados: adultos mayores, madres solteras y personas con alguna discapacidad. &nbsp;<\/strong><strong><\/strong><\/li><\/ul>\n\n\n\n<p class=\"wp-block-paragraph\"><strong>Micaela M\u00e1rquez<\/strong><\/p>\n\n\n\n<p class=\"wp-block-paragraph\">SemM\u00e9xico, Ciudad de M\u00e9xico, 12 de agosto del 2022.- Por un sistema fiscal redistributivo a fondo que no tema recaudar en la c\u00faspide de la pir\u00e1mide econ\u00f3mica para alcanzar la igualdad de derechos y oportunidades, se pronunci\u00f3 el senador Ricardo Monreal \u00c1vila con lo que se distancia d\u00eda a d\u00eda con la pol\u00edtica de Andr\u00e9s Manuel L\u00f3pez Obrador.<\/p>\n\n\n\n<p class=\"wp-block-paragraph\">En el art\u00edculo que public\u00f3 en su p\u00e1gina oficial y como parte de su Proyecto de Naci\u00f3n precisa que las promesas del presidente Andr\u00e9s Manuel L\u00f3pez Obrador de no crear nuevos impuestos, no aumentar los ya existentes y no contraer nueva deuda fueron excelentes para demostrar que la recaudaci\u00f3n puede aumentar considerablemente con el fortalecimiento del Estado de derecho.&nbsp;<\/p>\n\n\n\n<p class=\"wp-block-paragraph\">Sin embargo, advirti\u00f3 que \u201cno hay forma de respaldar la pol\u00edtica social y la construcci\u00f3n infraestructura, si no hay nuevos ingresos, sobre todo ahora que los programas sociales se elevaron a rango constitucional\u201d.&nbsp;<\/p>\n\n\n\n<p class=\"wp-block-paragraph\">\u201cPero para lograr una aut\u00e9ntica redistribuci\u00f3n de la riqueza, que aspire a reducir la inmensa brecha entre personas adineradas y en situaci\u00f3n de pobreza, se necesita formular una reforma fiscal que grave la acumulaci\u00f3n del capital en manos del uno por ciento m\u00e1s acaudalado\u201d. &nbsp;<\/p>\n\n\n\n<p class=\"wp-block-paragraph\">Adem\u00e1s del combate a la pobreza se requiere expandir a la clase media, para poder consolidar un Estado de bienestar para todos los sectores sociales, se\u00f1al\u00f3. &nbsp;<\/p>\n\n\n\n<p class=\"wp-block-paragraph\">Precisa que acabar con la pobreza no se responde con simples discursos ni con mediciones sino con inversi\u00f3n para el desarrollo de las comunidades menos favorecidas.<\/p>\n\n\n\n<p class=\"wp-block-paragraph\">El marco fiscal mexicano se\u00f1al\u00f3 \u201ctiene muchos parches, inequidades y lagunas, que provocan la elusi\u00f3n fiscal y, en algunos casos, la evasi\u00f3n fiscal. Para solucionar este problema no se tiene que caer en el \u201cterrorismo fiscal\u201d, pues en gran medida esta situaci\u00f3n es consecuencia de leyes fiscales desequilibradas que impiden una adecuada fiscalizaci\u00f3n y aplicaci\u00f3n de la norma. &nbsp;<\/p>\n\n\n\n<p class=\"wp-block-paragraph\">Se deben establecer una serie de acciones que requieren recursos para incrementar la infraestructura y las capacidades institucionales, no del gobierno, sino del Estado, para garantizar un crecimiento sostenido. Esto ir\u00e1 acompa\u00f1ado de una s\u00f3lida pol\u00edtica social. Todo esto requiere recursos y que \u00e9stos sean mejor invertidos, se\u00f1ala.<\/p>\n\n\n\n<p class=\"wp-block-paragraph\">El senador se refiere a la reforma fiscal que propuso el nuevo presidente de Colombia, Gustavo Petro, cuyos ejes son la progresividad, equidad, eficiencia y suficiencia, acordes con los cambios realizados en M\u00e9xico.&nbsp;<\/p>\n\n\n\n<p class=\"wp-block-paragraph\">\u201cLa pobreza es una realidad que lacera, que lastima y que indigna. Es una situaci\u00f3n que implica falta de recursos para satisfacer necesidades b\u00e1sicas, y la exclusi\u00f3n del acceso a derechos humanos como salud, educaci\u00f3n y alimentaci\u00f3n saludable, o servicios como agua potable y drenaje\u201d, expres\u00f3.&nbsp;<\/p>\n\n\n\n<p class=\"wp-block-paragraph\">Sostiene que es una obviedad decir que en nuestro pa\u00eds necesita avanzar, pero \u201cdebemos buscar coordenadas, es decir, una gu\u00eda para encontrar el camino hacia el desarrollo, para darle contenido a los reclamos sociales de una mejor calidad de vida, con seguridad, con certeza, con esperanza\u201d.&nbsp;<\/p>\n\n\n\n<p class=\"wp-block-paragraph\">Plantea para el incremento en la recaudaci\u00f3n debe revisarse el gasto p\u00fablico. Una mayor recaudaci\u00f3n solo se justifica si se realiza de manera justa y ejerciendo un gasto p\u00fablico eficiente y sin corrupci\u00f3n.<\/p>\n\n\n\n<p class=\"wp-block-paragraph\">La finalidad es de proveer mejores servicios p\u00fablicos a la poblaci\u00f3n, m\u00e1s agua y mejores sistemas de riego para los campesinos, carreteras, v\u00edas ferroviarias, aeropuertos, puertos o sistemas de comunicaci\u00f3n en general.&nbsp;&nbsp;&nbsp;<\/p>\n\n\n\n<p class=\"wp-block-paragraph\">Tambi\u00e9n se pronunci\u00f3 por mantener los programas sociales para los m\u00e1s necesitados: adultos mayores, madres solteras y personas con alguna discapacidad. &nbsp;<\/p>\n\n\n\n<p class=\"wp-block-paragraph\">Es importante destacar que la gran mayor\u00eda de las medidas, sobre todo aquellas que se refieren al orden local, podr\u00edan contar con recursos suficientes provenientes de programas internacionales de apoyo, ya establecidos por el Banco Interamericano de Desarrollo (BID), el Banco Mundial a trav\u00e9s de la Corporaci\u00f3n Financiera Internacional (IFC, por sus siglas en ingl\u00e9s) y otros fondos p\u00fablicos y privados destinados a proyectos fundados en elementos de sostenibilidad ambiental y gobernanza (ESG, por sus siglas en ingl\u00e9s).<\/p>\n\n\n\n<p class=\"wp-block-paragraph\">Cabe notar que una parte importante de estos recursos disponibles no se ejercen en M\u00e9xico por la falta de proyectos y programas adecuados, sobre todo a nivel subnacional.<\/p>\n\n\n\n<p class=\"wp-block-paragraph\">SEM\/MG<\/p>\n","protected":false},"excerpt":{"rendered":"<p>Una redistribuci\u00f3n a fondo de la riqueza requiere revisar el gasto p\u00fablico, no solo combatir la pobreza.\u00a0\u00a0<\/p>\n","protected":false},"author":3,"featured_media":14224,"comment_status":"open","ping_status":"open","sticky":false,"template":"","format":"standard","meta":{"_monsterinsights_skip_tracking":false,"footnotes":""},"categories":[693,50],"tags":[],"class_list":["post-54592","post","type-post","status-publish","format-standard","has-post-thumbnail","category-693","category-congreso"],"_links":{"self":[{"href":"https:\/\/redsemlac.com\/semmexico\/wp-json\/wp\/v2\/posts\/54592","targetHints":{"allow":["GET"]}}],"collection":[{"href":"https:\/\/redsemlac.com\/semmexico\/wp-json\/wp\/v2\/posts"}],"about":[{"href":"https:\/\/redsemlac.com\/semmexico\/wp-json\/wp\/v2\/types\/post"}],"author":[{"embeddable":true,"href":"https:\/\/redsemlac.com\/semmexico\/wp-json\/wp\/v2\/users\/3"}],"replies":[{"embeddable":true,"href":"https:\/\/redsemlac.com\/semmexico\/wp-json\/wp\/v2\/comments?post=54592"}],"version-history":[{"count":0,"href":"https:\/\/redsemlac.com\/semmexico\/wp-json\/wp\/v2\/posts\/54592\/revisions"}],"wp:featuredmedia":[{"embeddable":true,"href":"https:\/\/redsemlac.com\/semmexico\/wp-json\/wp\/v2\/media\/14224"}],"wp:attachment":[{"href":"https:\/\/redsemlac.com\/semmexico\/wp-json\/wp\/v2\/media?parent=54592"}],"wp:term":[{"taxonomy":"category","embeddable":true,"href":"https:\/\/redsemlac.com\/semmexico\/wp-json\/wp\/v2\/categories?post=54592"},{"taxonomy":"post_tag","embeddable":true,"href":"https:\/\/redsemlac.com\/semmexico\/wp-json\/wp\/v2\/tags?post=54592"}],"curies":[{"name":"wp","href":"https:\/\/api.w.org\/{rel}","templated":true}]}}