{"id":54587,"date":"2022-08-12T14:33:39","date_gmt":"2022-08-12T20:33:39","guid":{"rendered":"https:\/\/redsemlac.com\/semmexico\/?p=54587"},"modified":"2023-07-21T19:11:21","modified_gmt":"2023-07-22T00:11:21","slug":"18-instancias-infantiles-de-tlalpan-en-funcionamiento-reciben-apoyo-de-alcaldias","status":"publish","type":"post","link":"https:\/\/redsemlac.com\/semmexico\/18-instancias-infantiles-de-tlalpan-en-funcionamiento-reciben-apoyo-de-alcaldias\/","title":{"rendered":"18 Instancias infantiles de Tlalpan en funcionamiento, reciben apoyo de alcald\u00edas"},"content":{"rendered":"\n<ul class=\"wp-block-list\"><li><strong>La entrega de estos cheques se suma a los apoyos directos a padres y madres de familia.<\/strong><\/li><\/ul>\n\n\n\n<p class=\"wp-block-paragraph\"><strong>Lizbeth \u00c1lvarez Mart\u00ednez<\/strong><\/p>\n\n\n\n<p class=\"wp-block-paragraph\">SemM\u00e9xico, Ciudad de M\u00e9xico, 12 de agosto del 2022.- Las estancias infantiles afectadas por la eliminaci\u00f3n de apoyos por parte del gobierno federal han recibido recursos por parte de las alcald\u00edas, entre ellas \u00c1lvaro Obreg\u00f3n y Benito Ju\u00e1rez, ahora se suma Tlalpan.<\/p>\n\n\n\n<p class=\"wp-block-paragraph\">Con el objetivo de apoyar a las mujeres que trabajan fuera de casa y no cuentan con seguridad social, la alcaldesa de esta demarcaci\u00f3n Alfa Gonz\u00e1lez Magallanes, entreg\u00f3 simb\u00f3licamente 18 cheques de apoyo a igual n\u00famero de estos centros de cuidado, recursos que se entregan por \u00fanica ocasi\u00f3n para adecuar las instalaciones y realizar tr\u00e1mites de apertura.<\/p>\n\n\n\n<figure class=\"wp-block-gallery has-nested-images columns-default is-cropped wp-block-gallery-1 is-layout-flex wp-block-gallery-is-layout-flex\">\n<figure class=\"wp-block-image size-large\"><a href=\"https:\/\/redsemlac.com\/semmexico\/wp-content\/uploads\/2022\/08\/IMG-20220812-WA0055.jpg\"><img loading=\"lazy\" decoding=\"async\" width=\"1280\" height=\"854\" data-id=\"54590\" src=\"https:\/\/redsemlac.com\/semmexico\/wp-content\/uploads\/2022\/08\/IMG-20220812-WA0055.jpg\" alt=\"\" class=\"wp-image-54590\"\/><\/a><\/figure>\n\n\n\n<figure class=\"wp-block-image size-large\"><a href=\"https:\/\/redsemlac.com\/semmexico\/wp-content\/uploads\/2022\/08\/IMG-20220812-WA0053.jpg\"><img loading=\"lazy\" decoding=\"async\" width=\"1280\" height=\"853\" data-id=\"54589\" src=\"https:\/\/redsemlac.com\/semmexico\/wp-content\/uploads\/2022\/08\/IMG-20220812-WA0053.jpg\" alt=\"\" class=\"wp-image-54589\"\/><\/a><\/figure>\n<\/figure>\n\n\n\n<p class=\"wp-block-paragraph\">Las 18 Estancias Infantiles beneficiadas de esta acci\u00f3n social son: Yoyol-zin, Kokone, Popotitos, Solecito Feliz, Torre Fuerte, La Vaquita, Dany, Simba, El Grillito Cantor, Un Hogar Para Nosotros, Wippo, De Los \u00c1ngeles, Angelitos Felices, Comunidad de Verona, Pioneros de Saber, Naomi, Jard\u00edn del Cedral, Arco\u00edris del Ajusco.<\/p>\n\n\n\n<p class=\"wp-block-paragraph\">La entrega de estos cheques se suma a los apoyos directos a padres y madres de familia para ni\u00f1as y ni\u00f1os de entre 1 a\u00f1o y 3 a\u00f1os 11 meses que es de mil 300 pesos mensuales y para ni\u00f1as y ni\u00f1os con discapacidad de entre 1 a\u00f1o y 5 a\u00f1os 11 meses, que es de 2 mil 400 pesos tambi\u00e9n mensuales, recursos econ\u00f3micos destinados para el pago de colegiaturas.<\/p>\n\n\n\n<p class=\"wp-block-paragraph\">El evento se llev\u00f3 a cabo en el Centro Cultural \u201cCasa Frissac\u201d, la alcaldesa, estuvo acompa\u00f1ada por la Directora General de Desarrollo Social de Tlalpan, Natalia M\u00e1rquez Codina, el diputado local, Luis Alberto Ch\u00e1vez, presidente de la Comisi\u00f3n de Agenda 2030, el concejal de Tlalpan, Oscar Valencia, entre otros.<\/p>\n\n\n\n<p class=\"wp-block-paragraph\">Cabe se\u00f1alar que las estancias infantiles se encuentran en funcionamiento.<\/p>\n\n\n\n<p class=\"wp-block-paragraph\">SEM\/MG<\/p>\n","protected":false},"excerpt":{"rendered":"<p>La entrega de estos cheques se suma a los apoyos directos a padres y madres de familia.<\/p>\n","protected":false},"author":3,"featured_media":54588,"comment_status":"open","ping_status":"open","sticky":false,"template":"","format":"standard","meta":{"_monsterinsights_skip_tracking":false,"footnotes":""},"categories":[693,51],"tags":[],"class_list":["post-54587","post","type-post","status-publish","format-standard","has-post-thumbnail","category-693","category-ejecutivo"],"_links":{"self":[{"href":"https:\/\/redsemlac.com\/semmexico\/wp-json\/wp\/v2\/posts\/54587","targetHints":{"allow":["GET"]}}],"collection":[{"href":"https:\/\/redsemlac.com\/semmexico\/wp-json\/wp\/v2\/posts"}],"about":[{"href":"https:\/\/redsemlac.com\/semmexico\/wp-json\/wp\/v2\/types\/post"}],"author":[{"embeddable":true,"href":"https:\/\/redsemlac.com\/semmexico\/wp-json\/wp\/v2\/users\/3"}],"replies":[{"embeddable":true,"href":"https:\/\/redsemlac.com\/semmexico\/wp-json\/wp\/v2\/comments?post=54587"}],"version-history":[{"count":0,"href":"https:\/\/redsemlac.com\/semmexico\/wp-json\/wp\/v2\/posts\/54587\/revisions"}],"wp:featuredmedia":[{"embeddable":true,"href":"https:\/\/redsemlac.com\/semmexico\/wp-json\/wp\/v2\/media\/54588"}],"wp:attachment":[{"href":"https:\/\/redsemlac.com\/semmexico\/wp-json\/wp\/v2\/media?parent=54587"}],"wp:term":[{"taxonomy":"category","embeddable":true,"href":"https:\/\/redsemlac.com\/semmexico\/wp-json\/wp\/v2\/categories?post=54587"},{"taxonomy":"post_tag","embeddable":true,"href":"https:\/\/redsemlac.com\/semmexico\/wp-json\/wp\/v2\/tags?post=54587"}],"curies":[{"name":"wp","href":"https:\/\/api.w.org\/{rel}","templated":true}]}}