{"id":54471,"date":"2022-08-11T12:32:35","date_gmt":"2022-08-11T18:32:35","guid":{"rendered":"https:\/\/redsemlac.com\/semmexico\/?p=54471"},"modified":"2023-07-21T19:11:23","modified_gmt":"2023-07-22T00:11:23","slug":"el-libro-purpura-de-las-mujeres-extraordinarias-un-llamado-a-romper-con-los-estereotipos-de-genero","status":"publish","type":"post","link":"https:\/\/redsemlac.com\/semmexico\/el-libro-purpura-de-las-mujeres-extraordinarias-un-llamado-a-romper-con-los-estereotipos-de-genero\/","title":{"rendered":"<strong>El \u201cLibro P\u00farpura de las Mujeres Extraordinarias\u201d, un llamado a romper con los estereotipos de g\u00e9nero<\/strong>"},"content":{"rendered":"\n<ul class=\"wp-block-list\"><li><strong>Quedarse calladas destruye a las mujeres en sus derechos pol\u00edticos: Patricia Olamendi Torres.<\/strong><\/li><li><strong>Hacen un llamado a las mujeres a tomar decisiones, porque es ah\u00ed cuando se pierde la oportunidad de mejorar la vida.<\/strong><\/li><\/ul>\n\n\n\n<p class=\"wp-block-paragraph\"><strong>Micaela M\u00e1rquez<\/strong><\/p>\n\n\n\n<p class=\"wp-block-paragraph\">SemM\u00e9xico, Ciudad de M\u00e9xico, 11 de agosto del 2022.- Como un ejercicio de reflexi\u00f3n para el empoderamiento de las mujeres y para romper con los estereotipos que son una carga cultural y social de las mujeres, se present\u00f3 \u201cEl libro P\u00farpura de las Mujeres Extraordinarias. 14 pasos\u201d en el Senado de la Republica por la abogada y activista en Derechos Humanos, Patricia Olamendi Torres y la legisladora Kenia L\u00f3pez Rabad\u00e1n.<\/p>\n\n\n\n<p class=\"wp-block-paragraph\">Uno de los problemas m\u00e1s fuerte de las mujeres son los estereotipos de g\u00e9nero, \u201cesas normas sociales y culturales que son m\u00e1s fuertes que las leyes\u201d y que seguimos al pie de la letra con lo que perdemos la oportunidad de mejorar nuestras vidas y damos pie al machismo y a la autoestima. Afirm\u00f3 la abogada Patricia Olamendi Torres.<\/p>\n\n\n\n<p class=\"wp-block-paragraph\">\u201cHemos avanzado en las leyes, pero no hemos hecho ninguna campa\u00f1a contra los estereotipos\u201d, dijo, por lo que felicit\u00f3 a la autora Liliana Aguilera por el libro que consider\u00f3 debe ser difundido para transformar la vida de las mujeres.&nbsp;<\/p>\n\n\n\n<p class=\"wp-block-paragraph\">Refiri\u00f3 que no se toma la decisi\u00f3n que conviene por la carga de las normas sociales y culturales. Lo peor que pueden hacer las mujeres es quedarse calladas, que es lo que destruye a las mujeres mexicanas en el ejercicio de sus derechos pol\u00edticos.<\/p>\n\n\n\n<p class=\"wp-block-paragraph\">Se\u00f1al\u00f3: \u201cno vemos la acci\u00f3n de las mujeres ejerciendo la pol\u00edtica; diputadas, senadoras. Las llevamos para que rompan el silencio, defiendan nuestras demandas, no queremos floreros en ning\u00fan cargo, queremos mujeres construyendo un futuro de igualdad y el bien com\u00fan\u201d.<\/p>\n\n\n\n<p class=\"wp-block-paragraph\">Por lo que hizo un llamado a las mujeres a tomar decisiones, porque es ah\u00ed cuando se pierde las oportunidades de mejorar vidas. &nbsp;<\/p>\n\n\n\n<p class=\"wp-block-paragraph\">La senadora Kenia L\u00f3pez Rabad\u00e1n, presidenta de la Comisi\u00f3n de Derechos Humanos, dijo que libros como el de Liliana Aguilera son bienvenidos porque a trav\u00e9s de estas obras las mujeres sabr\u00e1n que s\u00ed se puede y que nos obligue a ir m\u00e1s all\u00e1 de los partidos pol\u00edticos a entender que es un tema de m\u00e1s de la mitad de la poblaci\u00f3n. &nbsp;<\/p>\n\n\n\n<p class=\"wp-block-paragraph\">Refiri\u00f3 que hablar de justicia para las mujeres en este gobierno es complicado por la situaci\u00f3n incre\u00edble de feminicidios y el nivel brutal de desapariciones de mujeres, \u201cpero parece que el gobierno no lo ve\u201d.<\/p>\n\n\n\n<p class=\"wp-block-paragraph\">Como legisladora, dijo, nos toca buscar que las mujeres tengan poder y por eso hemos aprobado diversas reformas en materia de paridad en las Legislaturas LXIV y LXV. Ahora nos toca buscar que las mujeres podamos acceder en igualdad de condiciones a un salario, debido a que en realidad podemos ganar hasta 30 por ciento menos, simplemente por el hecho de ser mujeres.&nbsp;<\/p>\n\n\n\n<p class=\"wp-block-paragraph\">\u201cEstas legislaturas de la paridad nos hacen necesario recordarnos que estamos aqu\u00ed para defender los derechos de las mujeres mexicanas, porque nuestro pa\u00eds lleg\u00f3 medio siglo tarde a estos temas\u201d. Tan s\u00f3lo en Nueva Zelanda, 60 a\u00f1os antes ya votaban las mujeres y aqu\u00ed tardamos muchos a\u00f1os para poder tener ese derecho ciudadano.<\/p>\n\n\n\n<p class=\"wp-block-paragraph\">Liliana Aguilera, doctora en imagen p\u00fablica, y autora del libro, asegur\u00f3 que el objetivo principal de la obra es poder cambiar la cultura mexicana y la de Am\u00e9rica Latina para terminar con la sumisi\u00f3n, fragilidad y la dependencia hacia la pareja, la cual genera mucho da\u00f1o y lastima a la sociedad, a las ni\u00f1as y a las mujeres.&nbsp;<\/p>\n\n\n\n<p class=\"wp-block-paragraph\">Para ello, dijo, a trav\u00e9s de la educaci\u00f3n, principalmente en casa, es como lograremos disminuir la violencia en contra de nosotras, aunado a las leyes y programas de acceso a la justicia.&nbsp;<\/p>\n\n\n\n<p class=\"wp-block-paragraph\">La obra invita a realizar una introspecci\u00f3n personal en materia de dependencia, porque c\u00f3mo se invita a las ni\u00f1as a que crezcan independientes, si en casa ven que sus madres se quedan calladas y no ponen l\u00edmites, \u201centonces al escribir el texto pens\u00e9 en que se debe terminar con la violencia de g\u00e9nero\u201d, concluy\u00f3.<\/p>\n\n\n\n<p class=\"wp-block-paragraph\">SEM\/MG<\/p>\n","protected":false},"excerpt":{"rendered":"<p>Como un ejercicio de reflexi\u00f3n para el empoderamiento de las mujeres y para romper con los estereotipos que son una carga cultural y social de las mujeres, se present\u00f3 \u201cEl libro P\u00farpura de las Mujeres Extraordinarias. 14 pasos\u201d<\/p>\n","protected":false},"author":3,"featured_media":54472,"comment_status":"open","ping_status":"open","sticky":false,"template":"","format":"standard","meta":{"_monsterinsights_skip_tracking":false,"footnotes":""},"categories":[693,50,45,46],"tags":[],"class_list":["post-54471","post","type-post","status-publish","format-standard","has-post-thumbnail","category-693","category-congreso","category-cultura","category-cultura-cultura"],"_links":{"self":[{"href":"https:\/\/redsemlac.com\/semmexico\/wp-json\/wp\/v2\/posts\/54471","targetHints":{"allow":["GET"]}}],"collection":[{"href":"https:\/\/redsemlac.com\/semmexico\/wp-json\/wp\/v2\/posts"}],"about":[{"href":"https:\/\/redsemlac.com\/semmexico\/wp-json\/wp\/v2\/types\/post"}],"author":[{"embeddable":true,"href":"https:\/\/redsemlac.com\/semmexico\/wp-json\/wp\/v2\/users\/3"}],"replies":[{"embeddable":true,"href":"https:\/\/redsemlac.com\/semmexico\/wp-json\/wp\/v2\/comments?post=54471"}],"version-history":[{"count":0,"href":"https:\/\/redsemlac.com\/semmexico\/wp-json\/wp\/v2\/posts\/54471\/revisions"}],"wp:featuredmedia":[{"embeddable":true,"href":"https:\/\/redsemlac.com\/semmexico\/wp-json\/wp\/v2\/media\/54472"}],"wp:attachment":[{"href":"https:\/\/redsemlac.com\/semmexico\/wp-json\/wp\/v2\/media?parent=54471"}],"wp:term":[{"taxonomy":"category","embeddable":true,"href":"https:\/\/redsemlac.com\/semmexico\/wp-json\/wp\/v2\/categories?post=54471"},{"taxonomy":"post_tag","embeddable":true,"href":"https:\/\/redsemlac.com\/semmexico\/wp-json\/wp\/v2\/tags?post=54471"}],"curies":[{"name":"wp","href":"https:\/\/api.w.org\/{rel}","templated":true}]}}