{"id":54460,"date":"2022-08-11T09:40:22","date_gmt":"2022-08-11T15:40:22","guid":{"rendered":"https:\/\/redsemlac.com\/semmexico\/?p=54460"},"modified":"2023-07-21T19:11:24","modified_gmt":"2023-07-22T00:11:24","slug":"entresemana-soy-presidente-de-mexico-y","status":"publish","type":"post","link":"https:\/\/redsemlac.com\/semmexico\/entresemana-soy-presidente-de-mexico-y\/","title":{"rendered":"<strong>Entresemana| Soy presidente de M\u00e9xico, \u00bfy?<\/strong>"},"content":{"rendered":"\n<p class=\"wp-block-paragraph\"><strong>Mois\u00e9s S\u00e1nchez Lim\u00f3n<\/strong><\/p>\n\n\n\n<p class=\"wp-block-paragraph\">SemM\u00e9xico, Ciudad de M\u00e9xico, 11 de agosto del 2022.- Y jur\u00f3 respetar y hacer respetar a la Constituci\u00f3n Pol\u00edtica de los Estados Unidos Mexicanos y si no, y si no, que el pueblo se lo demandara. \u00a1Rec\u00f3rcholis!<\/p>\n\n\n\n<p class=\"wp-block-paragraph\">As\u00ed que, con su venia\u2026<\/p>\n\n\n\n<p class=\"wp-block-paragraph\">Nom\u00e1s por preguntar sin \u00e1nimo de incomodar a Su Alteza Seren\u00edsima y provocar su ira que puede venir acompa\u00f1ada de, m\u00ednimo, un acuerdo cuando no un decreto que desconozca a la ley m\u00e1xima del pa\u00eds, a la que jur\u00f3 respetar con la banda presidencial cruzada sobre su pecho que no es bodega.<\/p>\n\n\n\n<p class=\"wp-block-paragraph\">Pregunto, con la cautela propia del temor a la ira divina, reitero, aunque la bachiller Ana Elizabeth Garc\u00eda Vilchis #LadyInfluyente diga que es falsa la percepci\u00f3n de censura del licenciado presidente; incluso aboga por los actos de poder de Su Alteza Seren\u00edsima.<\/p>\n\n\n\n<p class=\"wp-block-paragraph\">Bueno, bueno, se entiende porque el licenciado Andr\u00e9s Manuel I es su jefe y, vaya, pues lo que diga el jefe, es palabra divina. \u00bfA poco no?<\/p>\n\n\n\n<p class=\"wp-block-paragraph\">Lo interesante, se\u00f1oras y se\u00f1ores, j\u00f3venes y j\u00f3venas, es que Su Alteza Seren\u00edsima se asume el gran l\u00edder parido por la historia contempor\u00e1nea de M\u00e9xico, llamado a salvar al pa\u00eds de las garras de los conservadores y neoliberales, corruptos y fif\u00eds, traidores a la patria y, por eso, se ha dedicado a desmantelar instituciones y pasar por encima de derechos ciudadanos y laborales.<\/p>\n\n\n\n<p class=\"wp-block-paragraph\">Y le importa un pito lo que se diga, las cr\u00edticas aunque \u00e9stas vayan acompa\u00f1adas de propuestas. Porque todo lo que vaya contra la fantas\u00eda del M\u00e9xico Feliz que cree construye, es contra la patria.<\/p>\n\n\n\n<p class=\"wp-block-paragraph\">Pero, pero\u2026<\/p>\n\n\n\n<p class=\"wp-block-paragraph\">\u00bfCu\u00e1l es el beneficio real del AIFA, el Tren Maya y la refiner\u00eda Olmeca-Dos Bocas? En serio, sin apasionamientos ni sue\u00f1os guajiros ni patrioteros.<\/p>\n\n\n\n<p class=\"wp-block-paragraph\">\u00bfCu\u00e1ntos y de qu\u00e9 carreras han egresado j\u00f3venes de las \u201cuniversidades Benito Ju\u00e1rez? \u00bfCu\u00e1ntos ninis han devenido en j\u00f3venes productivos y, peque\u00f1os empresarios, empresarias? \u00bfCu\u00e1ntos y d\u00f3nde est\u00e1n, con nombres y apellidos?<\/p>\n\n\n\n<p class=\"wp-block-paragraph\">Se trata de hacer un arqueo al gobierno de la Cuarta Transformaci\u00f3n, apasionada entrega por la patria y no incurrir en fanatismos ni fe ciega en un personaje que se asume de izquierda y procede como destacado miembro de la derecha con el especial gusto de extorsionar en Palacio a capitanes de empresa y ricos-ricos.<\/p>\n\n\n\n<p class=\"wp-block-paragraph\">E insiste en su personal\u00edsimo punto de vista, la pura verdad en su sacro verbo.<\/p>\n\n\n\n<p class=\"wp-block-paragraph\">&#8211;Y en otra pregunta, se\u00f1or presidente \u2013expone Stephanie Palacios en la ma\u00f1anera&#8211;, sobre la designaci\u00f3n de Eduardo Villegas como embajador de M\u00e9xico en la Federaci\u00f3n de Rusia, \u00bfcu\u00e1les son sus comentarios sobre esta designaci\u00f3n?, ya que fue sumamente criticado por la oposici\u00f3n mexicana sobre esta designaci\u00f3n.<\/p>\n\n\n\n<p class=\"wp-block-paragraph\">&#8211;Pues si la oposici\u00f3n dice que estuvo mal, pues es muy probable que estuvo bien\u2014resuelve Su Alteza Seren\u00edsima y pregunta \u00bfqu\u00e9 oposici\u00f3n? Y se responde con el enfermizo \u00e1nimo de madrear, las ganas de joder.<\/p>\n\n\n\n<p class=\"wp-block-paragraph\">\u201cPues estos intelectuales org\u00e1nicos, conservadores, que todo lo que hacemos lo ven mal. Siempre callaron. \u00bfCu\u00e1ndo se preocupaban? \u00bfCu\u00e1ndo, se acuerdan ustedes, que hicieron alg\u00fan cuestionamiento cr\u00edtico al nombramiento de un embajador? \u00bfSe acuerdan ustedes? Nunca\u201d, dice L\u00f3pez Obrador y punto.<\/p>\n\n\n\n<p class=\"wp-block-paragraph\">Incluso cuando se le refiere acerca de la decisi\u00f3n de desaparecer 20 programas porque no han funcionado y hasta dobletean funciones, el Santo Patrono de los otros datos estalla:<\/p>\n\n\n\n<p class=\"wp-block-paragraph\">\u201c(\u2026) Si escuchan que va a haber reducci\u00f3n del presupuesto, de los programas de Bienestar, que sepan que es mentira, que es un invento, una calumnia de nuestros adversarios\u201d. As\u00ed, categ\u00f3rico. \u00a1Uy, qu\u00e9 miedo!, Chico Ch\u00e9 dixit.<\/p>\n\n\n\n<p class=\"wp-block-paragraph\">Y dir\u00eda el fil\u00f3sofo de Siempre en Domingo: \u00a1A\u00fan hay m\u00e1s!<\/p>\n\n\n\n<p class=\"wp-block-paragraph\">&#8211;\u00bfEn su gobierno le tocar\u00e1 ver todos estos cambios que pretende? \u00bfEl mismo rescate del ISSSTE, lo que finalmente obstaculiza el buen desarrollo de la administraci\u00f3n p\u00fablica?\u2014le preguntan para su lucimiento pero pregunta si es por lo de los salarios y se echa el rollo harto conocido para hablar del pasado pero eludir el presente.<\/p>\n\n\n\n<p class=\"wp-block-paragraph\">Y alude a los amparos contra sus geniales ideas que cree le dar\u00e1n un espacio en la historia patria como el m\u00e1s ching\u00f3n de la pradera. Y, cita con sorna, \u201cest\u00e1 como los amparos \u00bfno?: \u2018A ver vamos a ampararnos para que no se haga el aeropuerto Felipe \u00c1ngeles\u2019. Pues lo vamos a hacer.\u201d<\/p>\n\n\n\n<p class=\"wp-block-paragraph\">\u201cQue Claudio \u00bfno? invita a abogados, distinguid\u00edsimos \u00bfno?, fin\u00edsimas personas como este abogado Coss\u00edo (\u2026). Y se dan ba\u00f1os de pureza, son los que dicen: \u2018La ley es la ley\u2019 y queri\u00e9ndonos parar.\u201d<\/p>\n\n\n\n<p class=\"wp-block-paragraph\">\u201cY con el Tren Maya lo mismo. Y ah\u00ed vamos, ya se les ganaron los amparos legalmente, porque tenemos la raz\u00f3n (\u2026)\u201d.<\/p>\n\n\n\n<p class=\"wp-block-paragraph\">Pero luego, como sin querer queriendo, se sincera con el que, sin duda, es el tema que le quita el sue\u00f1o, por eso las ojeras ma\u00f1aneras y los ojitos macuspanos cansados, la elecci\u00f3n de gobernador del Estado de M\u00e9xico el a\u00f1o pr\u00f3ximo. Y acusa.<\/p>\n\n\n\n<p class=\"wp-block-paragraph\">\u201cEntonces, es el estado m\u00e1s poblado del pa\u00eds, pero con mucho. Los conservadores est\u00e1n preocupados porque no llegan a un acuerdo. Y ya va a ser m\u00e1s dif\u00edcil hacia adelante porque tienen muchos candidatos, hacia adelante. Para la Presidencia, la se\u00f1ora Lilly T\u00e9llez, Quadri, Chumel, s\u00ed, muchos, muchos\u2026\u201d, dice el licenciado presidente y descalifica a la oposici\u00f3n sin reparar en la profesora Delfina G\u00f3mez.<\/p>\n\n\n\n<p class=\"wp-block-paragraph\">Y falta al respeto a pol\u00edticos, pol\u00edticas y l\u00edderes de opini\u00f3n cuya voz entra\u00f1a un alto grado de contrapeso a sus ocurrencias.<\/p>\n\n\n\n<p class=\"wp-block-paragraph\">En serio, en serio, \u00bfes Andr\u00e9s Manuel I el soberano due\u00f1o del poder que pasar\u00e1 a la historia como el gran transformador del pa\u00eds?<\/p>\n\n\n\n<p class=\"wp-block-paragraph\">En la ma\u00f1anera del pasado martes 9 de agosto, Arturo Cerda le pregunt\u00f3 acerca de esa decisi\u00f3n de pasar, por encima de la Constituci\u00f3n Pol\u00edtica de los Estados Unidos Mexicanos, a la Guardia Nacional como parte de la Secretar\u00eda de la Defensa Nacional.<\/p>\n\n\n\n<p class=\"wp-block-paragraph\">Y el sabelotodo de Palacio se contradijo, busc\u00f3 y busc\u00f3 fundamentar su propuesta de acuerdo, o decreto, para quitar el mando civil a la GN, como lo dispone el art\u00edculo 21 constitucional.<\/p>\n\n\n\n<p class=\"wp-block-paragraph\">\u201cEntonces \u2013cantinfle\u00f3 el licenciado L\u00f3pez&#8211;, yo voy a enviar una iniciativa de ley para la reforma constitucional, pero voy a hacer lo mismo que hice con la reforma a la ley el\u00e9ctrica. Como s\u00e9 que los conservadores est\u00e1n en huelga, no legislan, ojal\u00e1 y no cobraran, no est\u00e1n trabajando y todo lo rechazan, entonces no vamos a tener posiblemente la mayor\u00eda absoluta, las dos terceras partes, pero s\u00ed podemos tener mayor\u00eda de votos en la C\u00e1mara y en el Senado y podemos con eso modificar leyes sin dejar de presentar la iniciativa de reforma constitucional. Si no se aprueba la reforma constitucional, pues se va a aprobar la reforma de ley y ya lo anunciamos\u201d. O sea.<\/p>\n\n\n\n<p class=\"wp-block-paragraph\">Mire usted, Su Alteza Seren\u00edsima miente y se victimiza. La oposici\u00f3n en el Congreso de la Uni\u00f3n, es decir Va por M\u00e9xico, integrada por las bancadas del PAN, PRD y PRI, con cierto acompa\u00f1amiento de Movimiento Ciudadano y los senadores independientes, determin\u00f3 moratoria constitucional, es decir, no apoyar\u00e1n ninguna reforma constitucional propuesta por Andr\u00e9s Manuel.<\/p>\n\n\n\n<p class=\"wp-block-paragraph\">No, no est\u00e1n en huelga. Miente el licenciado presidente. Ah\u00ed le va un ejemplo m\u00e1s.<\/p>\n\n\n\n<p class=\"wp-block-paragraph\">&#8211;Y tambi\u00e9n quiero hacer una pregunta con mucho respeto: \u00bfgobernar a partir de decretos y de acuerdos no es algo autoritario?\u2014le expuso Arturo Cerda.<\/p>\n\n\n\n<p class=\"wp-block-paragraph\">&#8211;No, si hay una violaci\u00f3n a la Constituci\u00f3n, para eso est\u00e1 el Poder Judicial, \u00e9l es el encargado, el poder aut\u00f3nomo independiente, y ya no depende, como era antes, del presidente\u2014minti\u00f3 el licenciado presidente y, sin rubor advirti\u00f3:<\/p>\n\n\n\n<p class=\"wp-block-paragraph\">\u201cAntes, el Poder Legislativo y el Poder Judicial depend\u00edan del Ejecutivo, as\u00ed era la simulaci\u00f3n. La Constituci\u00f3n se respetaba en la forma y se violaba en el fondo, el poder de los poderes era el titular del Ejecutivo, el presidente; ahora ya no es as\u00ed. Entonces, por eso estamos viviendo tiempos interesantes.\u201d<\/p>\n\n\n\n<p class=\"wp-block-paragraph\">\u201cPero no voy yo a rendirme, nunca me echado pa\u2019atr\u00e1s. Si tengo la raz\u00f3n, si estoy bien con mi consciencia, si s\u00e9 que esto es bueno para el pueblo, aunque no les guste a las minor\u00edas, vamos para adelante\u201d. Como dicen los cl\u00e1sicos: as\u00ed o m\u00e1s claro.<\/p>\n\n\n\n<p class=\"wp-block-paragraph\">Entonces, Alonso Urrutia, reportero de La Jornada, insisti\u00f3 en el tema:<\/p>\n\n\n\n<p class=\"wp-block-paragraph\">&#8211;Mi pregunta es: \u00bfcu\u00e1l es el sustento jur\u00eddico para que mediante un decreto o una ley se pueda establecer cosas distintas a lo que establece la Constituci\u00f3n?<\/p>\n\n\n\n<p class=\"wp-block-paragraph\">&#8211;S\u00ed, vamos a analizar c\u00f3mo se puede llevar a cabo la reforma a la ley y al mismo tiempo, ya lo expliqu\u00e9, vamos a presentar la reforma constitucional, las dos cosas.<\/p>\n\n\n\n<p class=\"wp-block-paragraph\">&#8211;Pero \u00bfesta reforma no pasa necesariamente por una reforma constitucional por el Congreso, una reforma constitucional?\u2014insisti\u00f3 Alonso.<\/p>\n\n\n\n<p class=\"wp-block-paragraph\">&#8211;Las dos pasan por el Congreso\u2014pretendi\u00f3 \u201cexplicar\u201d y zafarse el licenciado Andr\u00e9s Manuel I.<\/p>\n\n\n\n<p class=\"wp-block-paragraph\">&#8211;S\u00ed, s\u00ed, s\u00ed, pero esta modificaci\u00f3n a lo que dice la Constituci\u00f3n tiene que ser una Reforma Constitucional\u2014enfatiz\u00f3 el colega de La Jornada.<\/p>\n\n\n\n<p class=\"wp-block-paragraph\">&#8211;S\u00ed, pero puede ser que encontremos un mecanismo legal que no requiera la reforma constitucional\u2014escurri\u00f3 el Duce.<\/p>\n\n\n\n<p class=\"wp-block-paragraph\">&#8211;\u00bfUna ley o un decreto puede estar por encima de la Constituci\u00f3n?\u2014inquiri\u00f3 Urrutia, en el elemental mandato de que una ley secundaria nunca estar\u00e1 por encima de la Ley m\u00e1xima, la Constituci\u00f3n.<\/p>\n\n\n\n<p class=\"wp-block-paragraph\">Pero, \u00bfqu\u00e9 cree? Por supuesto, Su Alteza Seren\u00edsima se hart\u00f3 y fue al punto:<\/p>\n\n\n\n<p class=\"wp-block-paragraph\">\u201cSoy presidente de M\u00e9xico y creo que conviene el que la Guardia Nacional quede como una rama de la Secretar\u00eda de la Defensa para que se le d\u00e9 estabilidad en el tiempo y no se corrompa, y siga cumpliendo con su funci\u00f3n de garantizar la seguridad p\u00fablica. Es algo parecido a lo que estoy promoviendo en el Tren Maya y en los aeropuertos\u201d. \u00bfAlguna duda?<\/p>\n\n\n\n<p class=\"wp-block-paragraph\">He ah\u00ed al gran transformador de Palacio. \u00c9l es la ley, \u00e9l es la verdad. \u201cSoy presidente de M\u00e9xico\u201d, puntualiza y el mensaje para la oposici\u00f3n tiene vigencia hasta el \u00faltimo d\u00eda de agosto de 2024. \u00bfAlgo m\u00e1s? Digo.<\/p>\n\n\n\n<p class=\"wp-block-paragraph\"><a href=\"mailto:sanchezlimon@gmail.com\">sanchezlimon@gmail.com<\/a> &nbsp;&nbsp;&nbsp;<a href=\"http:\/\/www.entresemana.mx\">www.entresemana.mx<\/a> &nbsp;&nbsp;&nbsp;@msanchezlimon &nbsp;&nbsp;&nbsp;@msanchezlimon1<\/p>\n","protected":false},"excerpt":{"rendered":"<p>Nom\u00e1s por preguntar sin \u00e1nimo de incomodar a Su Alteza Seren\u00edsima y provocar su ira que puede venir acompa\u00f1ada de, m\u00ednimo, un acuerdo cuando no un decreto que desconozca a la ley m\u00e1xima del pa\u00eds<\/p>\n","protected":false},"author":3,"featured_media":41799,"comment_status":"open","ping_status":"open","sticky":false,"template":"","format":"standard","meta":{"_monsterinsights_skip_tracking":false,"footnotes":""},"categories":[693,105,83,35],"tags":[],"class_list":["post-54460","post","type-post","status-publish","format-standard","has-post-thumbnail","category-693","category-entresemana","category-moises-sanchez-limon","category-opinion"],"_links":{"self":[{"href":"https:\/\/redsemlac.com\/semmexico\/wp-json\/wp\/v2\/posts\/54460","targetHints":{"allow":["GET"]}}],"collection":[{"href":"https:\/\/redsemlac.com\/semmexico\/wp-json\/wp\/v2\/posts"}],"about":[{"href":"https:\/\/redsemlac.com\/semmexico\/wp-json\/wp\/v2\/types\/post"}],"author":[{"embeddable":true,"href":"https:\/\/redsemlac.com\/semmexico\/wp-json\/wp\/v2\/users\/3"}],"replies":[{"embeddable":true,"href":"https:\/\/redsemlac.com\/semmexico\/wp-json\/wp\/v2\/comments?post=54460"}],"version-history":[{"count":0,"href":"https:\/\/redsemlac.com\/semmexico\/wp-json\/wp\/v2\/posts\/54460\/revisions"}],"wp:featuredmedia":[{"embeddable":true,"href":"https:\/\/redsemlac.com\/semmexico\/wp-json\/wp\/v2\/media\/41799"}],"wp:attachment":[{"href":"https:\/\/redsemlac.com\/semmexico\/wp-json\/wp\/v2\/media?parent=54460"}],"wp:term":[{"taxonomy":"category","embeddable":true,"href":"https:\/\/redsemlac.com\/semmexico\/wp-json\/wp\/v2\/categories?post=54460"},{"taxonomy":"post_tag","embeddable":true,"href":"https:\/\/redsemlac.com\/semmexico\/wp-json\/wp\/v2\/tags?post=54460"}],"curies":[{"name":"wp","href":"https:\/\/api.w.org\/{rel}","templated":true}]}}