{"id":54439,"date":"2022-08-10T05:47:00","date_gmt":"2022-08-10T11:47:00","guid":{"rendered":"https:\/\/redsemlac.com\/semmexico\/?p=54439"},"modified":"2023-07-21T19:11:24","modified_gmt":"2023-07-22T00:11:24","slug":"aumenta-la-violencia-sexual-contra-migrantes-en-mexico-advierte-msf","status":"publish","type":"post","link":"https:\/\/redsemlac.com\/semmexico\/aumenta-la-violencia-sexual-contra-migrantes-en-mexico-advierte-msf\/","title":{"rendered":"Aumenta la violencia sexual contra migrantes en M\u00e9xico, advierte MSF"},"content":{"rendered":"\n<ul class=\"wp-block-list\"><li><strong>Otros tipos de violencia a los que la poblaci\u00f3n migrante se ha visto expuesta, han sido asaltos, heridas con arma blanca, paliza, tratos crueles y degradantes por parte de grupos delictivos.<\/strong><strong><\/strong><\/li><\/ul>\n\n\n\n<p class=\"wp-block-paragraph\"><strong>Redacci\u00f3n<\/strong><\/p>\n\n\n\n<p class=\"wp-block-paragraph\">SemM\u00e9xico, Ciudad de M\u00e9xico, 10 de agosto del 2022.- Coatzacoalcos, situado en el oriental estado de Veracruz (M\u00e9xico), est\u00e1 viviendo un aumento de violencia sexual y robos a personas migrantes, seg\u00fan informaci\u00f3n de la ONG M\u00e9dicos Sin Fronteras.<\/p>\n\n\n\n<p class=\"wp-block-paragraph\">La ONG ha detallado en un comunicado que \u201cen las \u00faltimas 4 semanas, el personal sanitario de M\u00e9dicos Sin Fronteras (MSF) brind\u00f3 atenci\u00f3n a 850 personas migrantes. De estas, 51 reportaron haber sido despojadas de todas sus pertenencias y\/o haber sido agredidas f\u00edsica y\/o sexualmente durante el tr\u00e1nsito por Francisco Rueda (Tabasco), Las Choapas y Coatzacoalcos (Veracruz), espec\u00edficamente en la entrada de este municipio\u201d.<\/p>\n\n\n\n<h2 class=\"wp-block-heading\"><strong>Cada vez m\u00e1s frecuentes<\/strong><\/h2>\n\n\n\n<p class=\"wp-block-paragraph\">La ONG ha reportado que sus equipos que brindan atenci\u00f3n m\u00e9dica, psicol\u00f3gica y de trabajo social a las y los migrantes que se encuentran en esta ciudad del sureste de M\u00e9xico alertaron sobre la situaci\u00f3n y han detallado que entre abril y este d\u00eda el 67 por ciento de las consultas m\u00e9dicas y psicol\u00f3gicas han sido relacionadas con alg\u00fan tipo de violencia.<\/p>\n\n\n\n<p class=\"wp-block-paragraph\">Adem\u00e1s, MSF considera \u201despecialmente preocupantes\u201d los casos de violencia sexual, ya que en el \u00faltimo mes el personal de la organizaci\u00f3n dio atenci\u00f3n m\u00e9dica y psicol\u00f3gica a nueve sobrevivientes de violaci\u00f3n, cuando en el \u00faltimo trimestre el n\u00famero de sobrevivientes atendidas no superaba un caso por mes.<\/p>\n\n\n\n<p class=\"wp-block-paragraph\">Otros tipos de violencia a los que la poblaci\u00f3n migrante se ha visto expuesta, han sido asaltos, heridas con arma blanca, paliza, tratos crueles y degradantes por parte de grupos delictivos, \u201dlos cuales ocurren de manera sistem\u00e1tica y cada vez con m\u00e1s frecuencia y severidad\u201d.<\/p>\n\n\n\n<h2 class=\"wp-block-heading\"><strong>Implementar medidas de seguridad<\/strong><\/h2>\n\n\n\n<p class=\"wp-block-paragraph\">\u201dDesde hace varios a\u00f1os MSF ha alertado sobre la violencia y los m\u00e9todos de tortura y abusos cometidos contra la poblaci\u00f3n migrante en Coatzacoalcos, en particular, y en M\u00e9xico en general\u201d, seg\u00fan comunicado.<\/p>\n\n\n\n<p class=\"wp-block-paragraph\">\u201dLa organizaci\u00f3n m\u00e9dico-humanitaria hace un llamado a las autoridades para que se implementen las medidas de seguridad y pol\u00edticas que contribuyan a disminuir las situaciones de abuso y amenazas que enfrentan las personas en movimiento durante su tr\u00e1nsito o estancia en el estado\u201d, agregaron.<\/p>\n\n\n\n<p class=\"wp-block-paragraph\">La regi\u00f3n vive un flujo migratorio r\u00e9cord a Estados Unidos, cuya Oficina de Aduanas y Protecci\u00f3n Fronteriza (CBP, en ingl\u00e9s) ha interceptado a m\u00e1s de 1,6 millones de personas en lo que va del a\u00f1o fiscal 2022, que inici\u00f3 en octubre pasado.<\/p>\n\n\n\n<p class=\"wp-block-paragraph\">Adem\u00e1s, M\u00e9xico ha recibido un r\u00e9cord de m\u00e1s de 58.000 solicitudes de refugio en la primera mitad de 2022, un incremento anual de casi 15 por ciento, seg\u00fan la Comar (Comisi\u00f3n Mexicana de Ayuda a Refugiados).<\/p>\n\n\n\n<p class=\"wp-block-paragraph\">SEM\/MG<\/p>\n","protected":false},"excerpt":{"rendered":"<p>Otros tipos de violencia a los que la poblaci\u00f3n migrante se ha visto expuesta, han sido asaltos, heridas con arma blanca, paliza, tratos crueles y degradantes por parte de grupos delictivos.<\/p>\n","protected":false},"author":3,"featured_media":54440,"comment_status":"open","ping_status":"open","sticky":false,"template":"","format":"standard","meta":{"_monsterinsights_skip_tracking":false,"footnotes":""},"categories":[693,51,47,48],"tags":[142],"class_list":["post-54439","post","type-post","status-publish","format-standard","has-post-thumbnail","category-693","category-ejecutivo","category-no-mas-impunidad","category-no-mas-impunidad-no-mas-impunidad","tag-violencia"],"_links":{"self":[{"href":"https:\/\/redsemlac.com\/semmexico\/wp-json\/wp\/v2\/posts\/54439","targetHints":{"allow":["GET"]}}],"collection":[{"href":"https:\/\/redsemlac.com\/semmexico\/wp-json\/wp\/v2\/posts"}],"about":[{"href":"https:\/\/redsemlac.com\/semmexico\/wp-json\/wp\/v2\/types\/post"}],"author":[{"embeddable":true,"href":"https:\/\/redsemlac.com\/semmexico\/wp-json\/wp\/v2\/users\/3"}],"replies":[{"embeddable":true,"href":"https:\/\/redsemlac.com\/semmexico\/wp-json\/wp\/v2\/comments?post=54439"}],"version-history":[{"count":0,"href":"https:\/\/redsemlac.com\/semmexico\/wp-json\/wp\/v2\/posts\/54439\/revisions"}],"wp:featuredmedia":[{"embeddable":true,"href":"https:\/\/redsemlac.com\/semmexico\/wp-json\/wp\/v2\/media\/54440"}],"wp:attachment":[{"href":"https:\/\/redsemlac.com\/semmexico\/wp-json\/wp\/v2\/media?parent=54439"}],"wp:term":[{"taxonomy":"category","embeddable":true,"href":"https:\/\/redsemlac.com\/semmexico\/wp-json\/wp\/v2\/categories?post=54439"},{"taxonomy":"post_tag","embeddable":true,"href":"https:\/\/redsemlac.com\/semmexico\/wp-json\/wp\/v2\/tags?post=54439"}],"curies":[{"name":"wp","href":"https:\/\/api.w.org\/{rel}","templated":true}]}}