{"id":54434,"date":"2022-08-10T05:45:00","date_gmt":"2022-08-10T11:45:00","guid":{"rendered":"https:\/\/redsemlac.com\/semmexico\/?p=54434"},"modified":"2023-07-21T19:11:25","modified_gmt":"2023-07-22T00:11:25","slug":"ofrece-fge-un-millon-de-pesos-de-recompensa-por-presunto-involucrado-en-desaparicion-de-una-menor-de-12-anos-en-isla-mujeres","status":"publish","type":"post","link":"https:\/\/redsemlac.com\/semmexico\/ofrece-fge-un-millon-de-pesos-de-recompensa-por-presunto-involucrado-en-desaparicion-de-una-menor-de-12-anos-en-isla-mujeres\/","title":{"rendered":"Ofrece FGE un mill\u00f3n de pesos de recompensa por presunto involucrado en desaparici\u00f3n de una menor de 12 a\u00f1os en Isla Mujeres"},"content":{"rendered":"\n<ul class=\"wp-block-list\"><li><strong>La familia ha recibido amenazas por parte de personas desconocidas ante el seguimiento y protestas que ha realizado la madre de la menor.<\/strong><\/li><\/ul>\n\n\n\n<p class=\"wp-block-paragraph\"><strong>Patricia Argonza<\/strong><\/p>\n\n\n\n<p class=\"wp-block-paragraph\">SemM\u00e9xico, Quintana Roo, 10 de agosto del 2022.- &nbsp;Fernanda Cayetana de 12 a\u00f1os de edad, quer\u00eda un celular nuevo y para ahorrar, entr\u00f3 a laborar lavando trastes con una familia, desde el d\u00eda 21 de julio se encuentra desaparecida, la \u00faltima vez que la familia supo de ella fue cuando sali\u00f3 al trabajo.<\/p>\n\n\n\n<p class=\"wp-block-paragraph\">Ante la incapacidad de continuar las investigaciones de este hecho, la Fiscal\u00eda General del Estado emiti\u00f3 una recompensa de un mill\u00f3n de pesos para tratar de ubicar a Marcos Antonio Cauich Adri\u00e1n, quien presuntamente podr\u00eda estar relacionado con esta desaparici\u00f3n.<\/p>\n\n\n\n<p class=\"wp-block-paragraph\">En semanas recientes y posteriores a la comparecencia que la madre de Fernanda Cayetana tuvo con el presidente Andr\u00e9s Manuel L\u00f3pez Obrador para informarle del caso, la familia ha recibido amenazas por parte de personas desconocidas ante el seguimiento y protestas que ha realizado la madre de la menor.<\/p>\n\n\n\n<figure class=\"wp-block-gallery has-nested-images columns-default is-cropped wp-block-gallery-1 is-layout-flex wp-block-gallery-is-layout-flex\">\n<figure class=\"wp-block-image size-large\"><a href=\"https:\/\/redsemlac.com\/semmexico\/wp-content\/uploads\/2022\/08\/quintana-roo-3.jpg\"><img loading=\"lazy\" decoding=\"async\" width=\"1024\" height=\"644\" data-id=\"54436\" src=\"https:\/\/redsemlac.com\/semmexico\/wp-content\/uploads\/2022\/08\/quintana-roo-3.jpg\" alt=\"\" class=\"wp-image-54436\"\/><\/a><\/figure>\n\n\n\n<figure class=\"wp-block-image size-large\"><a href=\"https:\/\/redsemlac.com\/semmexico\/wp-content\/uploads\/2022\/08\/quintana-roo-2.jpg\"><img loading=\"lazy\" decoding=\"async\" width=\"1024\" height=\"868\" data-id=\"54435\" src=\"https:\/\/redsemlac.com\/semmexico\/wp-content\/uploads\/2022\/08\/quintana-roo-2.jpg\" alt=\"\" class=\"wp-image-54435\"\/><\/a><\/figure>\n<\/figure>\n\n\n\n<p class=\"wp-block-paragraph\">La Fiscal\u00eda de Quintana Roo en un comunicado dio a conocer la recompensa:<\/p>\n\n\n\n<p class=\"wp-block-paragraph\">\u00abLa Fiscal\u00eda General del Estado contin\u00faa la b\u00fasqueda de una adolescente de 12 a\u00f1os del municipio de Isla Mujeres que sali\u00f3 a laborar con una persona del sexo masculino y ya no regres\u00f3 a su domicilio; por lo que personal de la instituci\u00f3n ha realizado entre 8 b\u00fasquedas de campo en coordinaci\u00f3n con el Ej\u00e9rcito Mexicano, la Secretaria de Marina, la Guardia Nacional, la Polic\u00eda Quintana Roo y de Seguridad P\u00fablica Municipal de Isla Mujeres.\u201d<\/p>\n\n\n\n<p class=\"wp-block-paragraph\">Todo ello con independencia de los actos de investigaci\u00f3n que est\u00e1n en marcha y que se realizan en todas las denuncias, en este caso en particular hay una persona identificada que probablemente pudo haber participado en este hecho, afirm\u00f3 el titular de la FGE Quintana Roo, el Mtro. \u00d3scar Montes de Oca Rosales.<\/p>\n\n\n\n<p class=\"wp-block-paragraph\">SEM\/MG<\/p>\n","protected":false},"excerpt":{"rendered":"<p>La familia ha recibido amenazas por parte de personas desconocidas ante el seguimiento y protestas que ha realizado la madre de la menor.<\/p>\n","protected":false},"author":3,"featured_media":54437,"comment_status":"open","ping_status":"open","sticky":false,"template":"","format":"standard","meta":{"_monsterinsights_skip_tracking":false,"footnotes":""},"categories":[693,51],"tags":[],"class_list":["post-54434","post","type-post","status-publish","format-standard","has-post-thumbnail","category-693","category-ejecutivo"],"_links":{"self":[{"href":"https:\/\/redsemlac.com\/semmexico\/wp-json\/wp\/v2\/posts\/54434","targetHints":{"allow":["GET"]}}],"collection":[{"href":"https:\/\/redsemlac.com\/semmexico\/wp-json\/wp\/v2\/posts"}],"about":[{"href":"https:\/\/redsemlac.com\/semmexico\/wp-json\/wp\/v2\/types\/post"}],"author":[{"embeddable":true,"href":"https:\/\/redsemlac.com\/semmexico\/wp-json\/wp\/v2\/users\/3"}],"replies":[{"embeddable":true,"href":"https:\/\/redsemlac.com\/semmexico\/wp-json\/wp\/v2\/comments?post=54434"}],"version-history":[{"count":0,"href":"https:\/\/redsemlac.com\/semmexico\/wp-json\/wp\/v2\/posts\/54434\/revisions"}],"wp:featuredmedia":[{"embeddable":true,"href":"https:\/\/redsemlac.com\/semmexico\/wp-json\/wp\/v2\/media\/54437"}],"wp:attachment":[{"href":"https:\/\/redsemlac.com\/semmexico\/wp-json\/wp\/v2\/media?parent=54434"}],"wp:term":[{"taxonomy":"category","embeddable":true,"href":"https:\/\/redsemlac.com\/semmexico\/wp-json\/wp\/v2\/categories?post=54434"},{"taxonomy":"post_tag","embeddable":true,"href":"https:\/\/redsemlac.com\/semmexico\/wp-json\/wp\/v2\/tags?post=54434"}],"curies":[{"name":"wp","href":"https:\/\/api.w.org\/{rel}","templated":true}]}}