{"id":54431,"date":"2022-08-10T05:15:00","date_gmt":"2022-08-10T11:15:00","guid":{"rendered":"https:\/\/redsemlac.com\/semmexico\/?p=54431"},"modified":"2023-07-21T19:11:25","modified_gmt":"2023-07-22T00:11:25","slug":"disenan-universidad-de-las-lenguas-indigenas","status":"publish","type":"post","link":"https:\/\/redsemlac.com\/semmexico\/disenan-universidad-de-las-lenguas-indigenas\/","title":{"rendered":"Dise\u00f1an Universidad de las Lenguas Ind\u00edgenas"},"content":{"rendered":"\n<ul class=\"wp-block-list\"><li><strong>El INPI ha intensificado el apoyo a proyectos y programas a favor de las lenguas y culturas ind\u00edgenas<\/strong><\/li><\/ul>\n\n\n\n<p class=\"wp-block-paragraph\"><strong>Dora Villalobos<\/strong><\/p>\n\n\n\n<p class=\"wp-block-paragraph\">SemM\u00e9xico, Chihuahua, 10 de agosto del 2022.- Las lenguas ind\u00edgenas se encuentran en franco riesgo de desaparecer si no se trasmiten de generaci\u00f3n en generaci\u00f3n tanto en las estructuras educativas como en las formas de los pueblos ind\u00edgenas, asegur\u00f3 la titular de la Coordinaci\u00f3n General de Patrimonio Cultural y Educaci\u00f3n Ind\u00edgena del Instituto Nacional de los Pueblos Ind\u00edgenas (INPI), Bertha Dimas Huacuz durante la inauguraci\u00f3n de la 6\u00aa Expo Artesanal Ind\u00edgena y el encuentro Cultural \u201cChiwawa Netep\u00e1liame\u201d.<\/p>\n\n\n\n<p class=\"wp-block-paragraph\">Inform\u00f3 que por ello se trabaja en el dise\u00f1o institucional y pedag\u00f3gico de la Universidad de las Lenguas Ind\u00edgenas de M\u00e9xico en donde se preservar\u00e1n y se podr\u00e1 aprender cada una de ellas.<\/p>\n\n\n\n<p class=\"wp-block-paragraph\">En representaci\u00f3n del director general del INPI, Adelfo Regino Montes y acompa\u00f1ada por el subdelegado de Desarrollo Social y Humano de la de Secretar\u00eda de Bienestar, Rafael Mata M\u00e1rquez, as\u00ed como por el titular de la oficina de la representaci\u00f3n del INPI en Chihuahua, V\u00edctor Mart\u00ednez Ju\u00e1rez, la tambi\u00e9n comisionada de los pueblos originarios de Michoac\u00e1n enumer\u00f3 las acciones que realiza el Gobierno Federal en favor del rescate de las lenguas ind\u00edgenas.<\/p>\n\n\n\n<p class=\"wp-block-paragraph\">En el marco del \u201cD\u00eda Internacional de los Pueblos Ind\u00edgenas\u201d, celebrado el 9 de agosto y que este a\u00f1o est\u00e1 dedicado al papel de la mujer en la transmisi\u00f3n y preservaci\u00f3n de las tradiciones.<\/p>\n\n\n\n<p class=\"wp-block-paragraph\">Ante representantes de las etnias Rar\u00e1muri, Wuarojio, Oboa y Pima, Dimas Huacuz inform\u00f3 que M\u00e9xico cuenta con 68 lenguas ind\u00edgenas y m\u00e1s de 350 variantes, muchas de ellas en riesgo de desaparecer, por lo que es importante que se promocionen las mismas para ampliar el n\u00famero de hablantes.<\/p>\n\n\n\n<p class=\"wp-block-paragraph\">Por esta raz\u00f3n, explic\u00f3, el INPI ha intensificado el apoyo a proyectos y programas a favor de las lenguas y culturas ind\u00edgenas a trav\u00e9s de financiamiento de acciones de promoci\u00f3n de la cultura y la rehabilitaci\u00f3n de las lenguas.<\/p>\n\n\n\n<p class=\"wp-block-paragraph\">SEM\/MG<\/p>\n","protected":false},"excerpt":{"rendered":"<p>El INPI ha intensificado el apoyo a proyectos y programas a favor de las lenguas y culturas ind\u00edgenas<\/p>\n","protected":false},"author":3,"featured_media":54432,"comment_status":"open","ping_status":"open","sticky":false,"template":"","format":"standard","meta":{"_monsterinsights_skip_tracking":false,"footnotes":""},"categories":[693,51],"tags":[],"class_list":["post-54431","post","type-post","status-publish","format-standard","has-post-thumbnail","category-693","category-ejecutivo"],"_links":{"self":[{"href":"https:\/\/redsemlac.com\/semmexico\/wp-json\/wp\/v2\/posts\/54431","targetHints":{"allow":["GET"]}}],"collection":[{"href":"https:\/\/redsemlac.com\/semmexico\/wp-json\/wp\/v2\/posts"}],"about":[{"href":"https:\/\/redsemlac.com\/semmexico\/wp-json\/wp\/v2\/types\/post"}],"author":[{"embeddable":true,"href":"https:\/\/redsemlac.com\/semmexico\/wp-json\/wp\/v2\/users\/3"}],"replies":[{"embeddable":true,"href":"https:\/\/redsemlac.com\/semmexico\/wp-json\/wp\/v2\/comments?post=54431"}],"version-history":[{"count":0,"href":"https:\/\/redsemlac.com\/semmexico\/wp-json\/wp\/v2\/posts\/54431\/revisions"}],"wp:featuredmedia":[{"embeddable":true,"href":"https:\/\/redsemlac.com\/semmexico\/wp-json\/wp\/v2\/media\/54432"}],"wp:attachment":[{"href":"https:\/\/redsemlac.com\/semmexico\/wp-json\/wp\/v2\/media?parent=54431"}],"wp:term":[{"taxonomy":"category","embeddable":true,"href":"https:\/\/redsemlac.com\/semmexico\/wp-json\/wp\/v2\/categories?post=54431"},{"taxonomy":"post_tag","embeddable":true,"href":"https:\/\/redsemlac.com\/semmexico\/wp-json\/wp\/v2\/tags?post=54431"}],"curies":[{"name":"wp","href":"https:\/\/api.w.org\/{rel}","templated":true}]}}