{"id":54428,"date":"2022-08-10T05:10:00","date_gmt":"2022-08-10T11:10:00","guid":{"rendered":"https:\/\/redsemlac.com\/semmexico\/?p=54428"},"modified":"2023-07-21T19:11:25","modified_gmt":"2023-07-22T00:11:25","slug":"cecilia-gomez-artista-maya-tsotsil-que-teje-equidad","status":"publish","type":"post","link":"https:\/\/redsemlac.com\/semmexico\/cecilia-gomez-artista-maya-tsotsil-que-teje-equidad\/","title":{"rendered":"Cecilia G\u00f3mez, artista maya-tsotsil que teje equidad"},"content":{"rendered":"\n<ul class=\"wp-block-list\"><li><strong>\u201cLa equidad de g\u00e9nero es necesaria para que todos podamos tener las mismas oportunidades (tanto hombres, como mujeres)\u201d: Cecilia G\u00f3mez<\/strong>.<\/li><li><strong>La artista textil maya-tsotsil ha expuesto sus creaciones a nivel internacional.<\/strong><\/li><\/ul>\n\n\n\n<p class=\"wp-block-paragraph\"><strong>Gabriela Estrada<\/strong><\/p>\n\n\n\n<p class=\"wp-block-paragraph\">SemM\u00e9xico, Ciudad de M\u00e9xico, 10 de agosto del 2022.-&nbsp; Cecilia G\u00f3mez, artista textil maya-tsotsil, no sab\u00eda que quer\u00eda ser artista; de ni\u00f1a, mientras jugaba, buscaba frutas y pastoreaba ovejas en la comunidad de Chonomyakilo\u2019 ubicada en San Andr\u00e9s Larr\u00e1inzar, Chiapas. Adem\u00e1s, so\u00f1aba con ser enfermera, maestra o profesionalizarse en alguna otra \u00e1rea muy lejos del telar de cintura. Sab\u00eda manejar este instrumento gracias a su madre, quien se dedicaba a las tareas del hogar y generaba ingresos us\u00e1ndolo, lo cual para ella era m\u00e1s un oficio que un quehacer creativo. Fue hasta la preparatoria cuando su t\u00eda la comprometi\u00f3 con el hilo y Cecy descubri\u00f3 que \u201cel telar es como un espacio de meditaci\u00f3n\u201d, afirm\u00f3.<\/p>\n\n\n\n<p class=\"wp-block-paragraph\">Despu\u00e9s de ese flechazo, Cecilia busc\u00f3 talleres para aprender m\u00e1s sobre dise\u00f1o y expresi\u00f3n, en los cuales encontr\u00f3 m\u00e1s que teor\u00eda, un fuerte v\u00ednculo con otras mujeres ind\u00edgenas con las cuales no compart\u00eda el lenguaje verbal, pero s\u00ed el art\u00edstico: \u201cal compartir con otras mujeres nos costaba el lenguaje, pero por la t\u00e9cnica nos entend\u00edamos. Desde ese entonces, empec\u00e9 a ver el telar de cintura con otros ojos, m\u00e1s como una herencia y una tradici\u00f3n que me llen\u00f3 de cari\u00f1o hacia \u00e9l\u201d, puntualiz\u00f3 G\u00f3mez.<\/p>\n\n\n\n<p class=\"wp-block-paragraph\">Se trat\u00f3 de un momento clave, pues la dignificaci\u00f3n de ser mujer y de las t\u00e9cnicas ancestrales como patrimonio vivo cimbraron su coraz\u00f3n y dieron vida al fuerte discurso que impera en sus piezas, el cual, en su mayor\u00eda, tiene que ver con el medioambiente, el contexto rural y, sobre todo, la equidad de g\u00e9nero; al respecto, coment\u00f3: \u201cme interesa m\u00e1s lo que es la equidad de g\u00e9nero porque siento que es necesaria para que todos podamos tener las mismas oportunidades (tanto como hombres y mujeres) en la fuentes de trabajo, escuela y decisiones. Podemos apoyarnos mutuamente\u201d.<\/p>\n\n\n\n<p class=\"wp-block-paragraph\">La cooperaci\u00f3n es un factor clave para entender la naturaleza discursiva y material del trabajo de la artista, ya que a trav\u00e9s del di\u00e1logo y la labor constante con mujeres de comunidades rurales cercanas es como integra saberes de otras regiones, entre ellas, el te\u00f1ido con tintes naturales. Este no es recurrente en su comunidad, debido a las dificultades que presenta: \u201caunque no es algo com\u00fan, me gusta usar fibras naturales y te\u00f1ir con ellas para no afectar al medioambiente, ya que es necesario cuidarlo, porque de ah\u00ed proviene nuestro alimento\u201d.<\/p>\n\n\n\n<p class=\"wp-block-paragraph\">Jal jkuxlejaltik (\u201cLa vida es larga\u201d) es un ejemplo del trabajo exhaustivo que lleva cada pieza, pues tard\u00f3 ocho meses en esta de cinco metros (por las complejidades t\u00e9cnicas), ya que implement\u00f3 fibras del tallo de pl\u00e1tano y de algod\u00f3n con seda, as\u00ed como hilo de algod\u00f3n coyuchi.<\/p>\n\n\n\n<p class=\"wp-block-paragraph\">En su mayor\u00eda, se dedica a crear piezas ornamentales, por el tiempo y la complejidad creativa y productiva que conllevan y que suelen ser de gran formato; sin embargo, su sensibilidad art\u00edstica es innegable, y las extrapola a textiles en armon\u00eda con la naturaleza, los cuales rescatan saberes milenarios para tocar temas contempor\u00e1neos a los que tenemos que poner atenci\u00f3n desde las urbes. \u201cPara m\u00ed, el arte es una manera de decir lo que sientes, de protestar; me gusta expresar y defender mis derechos a trav\u00e9s de ello y colaborar con otras mujeres, porque en las comunidades nosotras no tenemos derecho de expresarnos, heredar o estudiar\u201d, denunci\u00f3 Cecilia.<\/p>\n\n\n\n<p class=\"wp-block-paragraph\">Cecilia G\u00f3mez ha expuesto sus creaciones a nivel internacional y, adem\u00e1s de crear piezas ornamentales y exponer sus obras de arte a trav\u00e9s de la Galer\u00eda MUY, es fundadora del colectivo de tejedoras Kiptik. Josu\u00e9 G\u00f3mez<\/p>\n\n\n\n<p class=\"wp-block-paragraph\">La combinaci\u00f3n entre su historia, legado y formaci\u00f3n vuelve a su obra imperdible, pues evita la desaparici\u00f3n de una tradici\u00f3n maya milenaria, y a la vez lleva a otros espacios las realidades contextuales del entorno rural como un acto pol\u00edtico en el que se entretejen culturas y narraciones para concebir piezas sorprendentes. Su trabajo ha sido expuesto en importantes ferias nacionales e internacionales, como Material Art Fair y Outsider Fair Art, al tiempo que contin\u00faa con su incansable labor por democratizar el conocimiento y revalorizar la tradici\u00f3n al compartirla con otras personas, especialmente con mujeres. Ella es coordinadora de campo con Aid to Artisans (organizaci\u00f3n internacional que asesora a artesanas textiles), y docente en talleres de telar de cintura, como aporte al trabajo de la dise\u00f1adora Carla Fern\u00e1ndez, en Estados Unidos, y al Museo Jumex en la Ciudad de M\u00e9xico, entre otros.<\/p>\n\n\n\n<p class=\"wp-block-paragraph\">SEM\/MG<\/p>\n","protected":false},"excerpt":{"rendered":"<p>\u201cLa equidad de g\u00e9nero es necesaria para que todos podamos tener las mismas oportunidades (tanto hombres, como mujeres)\u201d: Cecilia G\u00f3mez.<\/p>\n","protected":false},"author":3,"featured_media":54429,"comment_status":"open","ping_status":"open","sticky":false,"template":"","format":"standard","meta":{"_monsterinsights_skip_tracking":false,"footnotes":""},"categories":[693,54],"tags":[],"class_list":["post-54428","post","type-post","status-publish","format-standard","has-post-thumbnail","category-693","category-mujeres"],"_links":{"self":[{"href":"https:\/\/redsemlac.com\/semmexico\/wp-json\/wp\/v2\/posts\/54428","targetHints":{"allow":["GET"]}}],"collection":[{"href":"https:\/\/redsemlac.com\/semmexico\/wp-json\/wp\/v2\/posts"}],"about":[{"href":"https:\/\/redsemlac.com\/semmexico\/wp-json\/wp\/v2\/types\/post"}],"author":[{"embeddable":true,"href":"https:\/\/redsemlac.com\/semmexico\/wp-json\/wp\/v2\/users\/3"}],"replies":[{"embeddable":true,"href":"https:\/\/redsemlac.com\/semmexico\/wp-json\/wp\/v2\/comments?post=54428"}],"version-history":[{"count":0,"href":"https:\/\/redsemlac.com\/semmexico\/wp-json\/wp\/v2\/posts\/54428\/revisions"}],"wp:featuredmedia":[{"embeddable":true,"href":"https:\/\/redsemlac.com\/semmexico\/wp-json\/wp\/v2\/media\/54429"}],"wp:attachment":[{"href":"https:\/\/redsemlac.com\/semmexico\/wp-json\/wp\/v2\/media?parent=54428"}],"wp:term":[{"taxonomy":"category","embeddable":true,"href":"https:\/\/redsemlac.com\/semmexico\/wp-json\/wp\/v2\/categories?post=54428"},{"taxonomy":"post_tag","embeddable":true,"href":"https:\/\/redsemlac.com\/semmexico\/wp-json\/wp\/v2\/tags?post=54428"}],"curies":[{"name":"wp","href":"https:\/\/api.w.org\/{rel}","templated":true}]}}