{"id":54425,"date":"2022-08-10T05:10:00","date_gmt":"2022-08-10T11:10:00","guid":{"rendered":"https:\/\/redsemlac.com\/semmexico\/?p=54425"},"modified":"2023-07-21T19:11:25","modified_gmt":"2023-07-22T00:11:25","slug":"no-mas-acoso-sexual-en-el-area-de-la-salud-justicia-para-dulce-manifestantes-uvm","status":"publish","type":"post","link":"https:\/\/redsemlac.com\/semmexico\/no-mas-acoso-sexual-en-el-area-de-la-salud-justicia-para-dulce-manifestantes-uvm\/","title":{"rendered":"\u00abNo m\u00e1s acoso sexual en el \u00e1rea de la salud\u00bb \u00a1Justicia para Dulce!: manifestantes UVM"},"content":{"rendered":"\n<ul class=\"wp-block-list\"><li><strong>Dulce, joven estudiante de Fisioterapia, denunci\u00f3 ser v\u00edctima de acoso por m\u00e1s de un a\u00f1o por el doctor Luis Francisco qui\u00e9n en repetidas ocasiones la toc\u00f3 sin su consentimiento.<\/strong><\/li><\/ul>\n\n\n\n<p class=\"wp-block-paragraph\"><strong>Redacci\u00f3n<\/strong><\/p>\n\n\n\n<p class=\"wp-block-paragraph\">SemM\u00e9xico\/Testigo P\u00farpura, Veracruz, 10 de agosto del 2022.- Estudiantes de la Universidad Valle de M\u00e9xico (UVM) se manifestaron afuera de las instalaciones de la Cl\u00ednica Clime Sport, ubicada en la ciudad de Boca del R\u00edo, luego de que una joven denunciara ser v\u00edctima de acoso por un m\u00e9dico cuando ella realizaba su servicio social.<\/p>\n\n\n\n<p class=\"wp-block-paragraph\">Las j\u00f3venes vestidas de morado tapizaron la entrada de este establecimiento, ubicado en la avenida Espa\u00f1a, con pancartas y frases en contra del acoso.<\/p>\n\n\n\n<p class=\"wp-block-paragraph\">\u201cInsistir despu\u00e9s de un <em>no,<\/em> es acoso\u201d, \u201cno m\u00e1s acoso sexual en el \u00e1rea de la salud\u201d, \u201cDoctor Luis Francisco Gonz\u00e1lez Res\u00e9ndiz de nada le sirve ocultarlo\u201d, \u201cjusticia para Dulce\u201d, se pod\u00eda leer en las pancartas que fueron colocadas en la fachada de la cl\u00ednica.<\/p>\n\n\n\n<p class=\"wp-block-paragraph\">Hace un par de semanas Dulce, joven estudiante de Fisioterapia, denunci\u00f3 ser v\u00edctima de acoso por m\u00e1s de un a\u00f1o por el doctor Luis Francisco qui\u00e9n en repetidas ocasiones la toc\u00f3 sin su consentimiento.<\/p>\n\n\n\n<p class=\"wp-block-paragraph\">Dulce explic\u00f3 que, aunque desde un principio denunci\u00f3 esta situaci\u00f3n a la Universidad, no la cambiaron de cl\u00ednica donde realiz\u00f3 sus pr\u00e1cticas profesionales, ya que la escuela argument\u00f3 tendr\u00eda que perder el semestre para esperar a que se abrieran m\u00e1s plazas.<\/p>\n\n\n\n<p class=\"wp-block-paragraph\">La joven de 23 a\u00f1os opt\u00f3 por no perder ese semestre y aunque busco forma de ya no ser acosada, el m\u00e9dico la ignor\u00f3, hasta que la \u00faltima vez intento forzarla a sostener relaciones sexuales, por lo que la joven decidi\u00f3 abandonar su servicio. &nbsp;<\/p>\n\n\n\n<p class=\"wp-block-paragraph\">Debido a ello, la Cl\u00ednica se negaba a darle los documentos de la liberaci\u00f3n de su servicio, a pesar del temor que le generaba, decidi\u00f3 hacer p\u00fablico su caso y presentar una denuncia ante la Fiscal\u00eda Especializada en Delitos contra Mujeres, denuncia que sigue en proceso.<\/p>\n\n\n\n<p class=\"wp-block-paragraph\">Con esta manifestaci\u00f3n las estudiantes denunciaron que desafortunadamente el caso de Dulce no es el \u00fanico, regularmente las mujeres que trabajan en el \u00e1rea de la salud son acosadas por sus propios compa\u00f1eros o pacientes.<\/p>\n\n\n\n<p class=\"wp-block-paragraph\">Hasta el momento se desconoce si el m\u00e9dico contin\u00faa prestando sus servicios, mientras tanto la UVM inform\u00f3 rescindir\u00eda del contratado firmado con la cl\u00ednica.<\/p>\n\n\n\n<p class=\"wp-block-paragraph\">SEM\/MG<\/p>\n","protected":false},"excerpt":{"rendered":"<p>Dulce, joven estudiante de Fisioterapia, denunci\u00f3 ser v\u00edctima de acoso por m\u00e1s de un a\u00f1o por el doctor Luis Francisco qui\u00e9n en repetidas ocasiones la toc\u00f3 sin su consentimiento.<\/p>\n","protected":false},"author":3,"featured_media":54426,"comment_status":"open","ping_status":"open","sticky":false,"template":"","format":"standard","meta":{"_monsterinsights_skip_tracking":false,"footnotes":""},"categories":[693,54],"tags":[],"class_list":["post-54425","post","type-post","status-publish","format-standard","has-post-thumbnail","category-693","category-mujeres"],"_links":{"self":[{"href":"https:\/\/redsemlac.com\/semmexico\/wp-json\/wp\/v2\/posts\/54425","targetHints":{"allow":["GET"]}}],"collection":[{"href":"https:\/\/redsemlac.com\/semmexico\/wp-json\/wp\/v2\/posts"}],"about":[{"href":"https:\/\/redsemlac.com\/semmexico\/wp-json\/wp\/v2\/types\/post"}],"author":[{"embeddable":true,"href":"https:\/\/redsemlac.com\/semmexico\/wp-json\/wp\/v2\/users\/3"}],"replies":[{"embeddable":true,"href":"https:\/\/redsemlac.com\/semmexico\/wp-json\/wp\/v2\/comments?post=54425"}],"version-history":[{"count":0,"href":"https:\/\/redsemlac.com\/semmexico\/wp-json\/wp\/v2\/posts\/54425\/revisions"}],"wp:featuredmedia":[{"embeddable":true,"href":"https:\/\/redsemlac.com\/semmexico\/wp-json\/wp\/v2\/media\/54426"}],"wp:attachment":[{"href":"https:\/\/redsemlac.com\/semmexico\/wp-json\/wp\/v2\/media?parent=54425"}],"wp:term":[{"taxonomy":"category","embeddable":true,"href":"https:\/\/redsemlac.com\/semmexico\/wp-json\/wp\/v2\/categories?post=54425"},{"taxonomy":"post_tag","embeddable":true,"href":"https:\/\/redsemlac.com\/semmexico\/wp-json\/wp\/v2\/tags?post=54425"}],"curies":[{"name":"wp","href":"https:\/\/api.w.org\/{rel}","templated":true}]}}