{"id":54420,"date":"2022-08-10T04:30:00","date_gmt":"2022-08-10T10:30:00","guid":{"rendered":"https:\/\/redsemlac.com\/semmexico\/?p=54420"},"modified":"2023-07-21T19:11:25","modified_gmt":"2023-07-22T00:11:25","slug":"bellas-y-airosas-rosario-castellanos","status":"publish","type":"post","link":"https:\/\/redsemlac.com\/semmexico\/bellas-y-airosas-rosario-castellanos\/","title":{"rendered":"Bellas y Airosas| Rosario Castellanos"},"content":{"rendered":"\n<p class=\"wp-block-paragraph\"><strong>Elvira Hern\u00e1ndez Carballido<\/strong><\/p>\n\n\n\n<p class=\"wp-block-paragraph\">SemM\u00e9xico, Pachuca, Hidalgo, 10 de agosto del 2022.- Imposible no pensar en ella el d\u00eda del aniversario de su muerte. Rosario Castellanos falleci\u00f3 para hacerla eterna. Y aqu\u00ed est\u00e1, su voz que refuerza alg\u00fan estudio o perspectiva cr\u00edtica sobre la situaci\u00f3n de las mujeres hoy, en el siglo XXI. \u201cSobre cultura femenina\u201d o \u201cMujer que sabe lat\u00edn\u201d, son un referente obligado. Ah\u00ed estoy yo, recomend\u00e1ndoles a mis grupos que la lean, forz\u00e1ndolos a realizarles entrevistas imaginarias y sonriendo satisfecha cuando quedan atrapados al conocer la trayectoria period\u00edstica que tuvo en \u201cExc\u00e9lsior\u201d. Recit\u00e1ndola cuando justifico que soy mujer de palabras, como ella, que cada vez reh\u00fayo m\u00e1s de los espejos o cuando miro la cicatriz de mi ces\u00e1rea y reconozco que estoy abierta al viento.<\/p>\n\n\n\n<p class=\"wp-block-paragraph\">Siempre hay algo nuevo que reconocer en Rosario Castellanos, aunque hace ya 48 a\u00f1os que nos abandon\u00f3. Fue el 7 de agosto de 1974 el d\u00eda fatal que ella supo, como lo dijo en uno de sus poemas, cuando supo qu\u00e9 se hace a la hora de morir. Era embajadora en Israel, luego de tomar un ba\u00f1o, al tratar de conectar una l\u00e1mpara sufri\u00f3 la mortal descarga el\u00e9ctrica. El poeta Jaime Sabines le reclamo entre el enojo, la rabia y el dolor: \u201cS\u00f3lo una tonta pod\u00eda morirse al tocar una l\u00e1mpara\u201d. El presidente en esa \u00e9poca, Luis Echeverr\u00eda, el mismo que le dio ese nombramiento de embajadora en Tel Aviv, Israel, donde pas\u00f3 todo, decidi\u00f3 que ten\u00eda que ser recibida en la Rotonda, en ese tiempo, de los Hombres Ilustres, convirti\u00e9ndose en la tercera mexicana en tener acceso a ese privilegiado lugar de evocaciones y homenajes. Vuelve a reclamar Sabines: \u201c\u00a1C\u00f3mo duele que te traigan, te pongan, te coloquen, te manejen, te lleven de honra en honra funerarias! (\u00a1No me vayan a hacer a m\u00ed esa cosa de los Hombres Ilustres, con una chingada!)<\/p>\n\n\n\n<p class=\"wp-block-paragraph\">Dicen que ese 7 de agosto de 1974 fue un d\u00eda lluvioso, que mientras la enterraban una chica repart\u00eda los poemas de Rosario en unas hojas sueltas, empapadas de lluvia o quiz\u00e1 de l\u00e1grimas. \u00bfQu\u00e9 poemas ser\u00edan? Yo todav\u00eda me conmuevo al repetir, volvi\u00e9ndolo el lema de mi vida: \u201cDebe otro modo de ser humano y libre. Otro modo de ser\u201d, frase final de \u201cMeditaci\u00f3n en el umbral\u201d. En mis d\u00edas depresivos y llenos de desesperanza, me doy fuerza repitiendo: \u201cMalhumurada, ir\u00f3nica, levantando los hombres como a quien no le importa, yo digo que no s\u00e9, sino que sobrevivo a m\u00ednimas tragedias cotidianas: la u\u00f1a que se rompe, la mancha del mantel, el hilo de la media que se va, el globo que se escapa de las manos de mi hijo. Contemplo esto y no muero\u2026\u201d Apuesto por el amor y repito: \u201cPorque \u00e9ramos amigos y a ratos nos am\u00e1bamos\u2026\u201d Cada poema presto para hacerte vivir la vida a su ritmo, desde su alma.<\/p>\n\n\n\n<p class=\"wp-block-paragraph\">Me siento una entrometida cuando leo las cartas que le escribi\u00f3 al hombre que am\u00f3 o a su querida amiga Dolores Castro -de seguro, ya est\u00e1n juntas en el cielo de las poetas-. Escucho a Rosario cuando hago la sopa o preparo la merienda pues evoco sus cuentos \u201cLecciones de cocina\u201d. No hay taller literario o c\u00edrculos de lectura donde no se le evoque, donde no se proponga leer \u201cBalum Canan\u201d y yo vuelva encontrar nuevas expresiones, otras miradas, me escuche en la voz de la peque\u00f1a protagonista.<\/p>\n\n\n\n<p class=\"wp-block-paragraph\">Y, por supuesto, cuando escribo esta columna creo atisbarla, gracias a la compilaci\u00f3n \u201cEl uso de la palabra\u201d tengo a la mano lo que ella escribi\u00f3 cada semana en \u201cExc\u00e9lsior\u201d, me convenzo de que todo tema es v\u00e1lido porque Rosario lo mismo recomendaba una lectura, compart\u00eda sus viajes o alguna an\u00e9cdota con su hijo. Desde esa tribuna dio su punto de vista sobre las mujeres y los primeros movimientos feministas de esa d\u00e9cada de los setenta. Otra vez, me rob\u00e9 una frase suya, la repito cuando quiero despertar en mis estudiantes ese esp\u00edritu cr\u00edtico y se conviertan en una \u201crebelde furibunda\u201d.<\/p>\n\n\n\n<p class=\"wp-block-paragraph\">Tantas Rosarios en muchos libros que la estudian, la analizan, la interpretan, que insisten en tenerla aqu\u00ed, cerca, sacudi\u00e9ndonos con su voz, sorprendi\u00e9ndonos con sus aportaciones, recurriendo a ella para explicarnos este mundo patriarcal y transformarlo.<\/p>\n\n\n\n<p class=\"wp-block-paragraph\">Cuando estaba haciendo mi investigaci\u00f3n sobre las mujeres que reposan en la Rotonda, ahora, de Personas Ilustres, fui a su tumba. Me acompa\u00f1aron varias alumnas y mi amiga Silvia, se miraban sorprendidas cuando me puse a llorar mientras acariciaba esa blanca l\u00e1pida. La salud\u00e9 bajito, no quer\u00eda despertarla, que siguiera descansando. Una de las pocas mujeres representada como lo fue ella misma en vida -le\u00ed que no es com\u00fan que en el arte funerario se vea esa representaci\u00f3n, las mujeres podemos ser \u00e1ngeles o musas, v\u00edrgenes o m\u00e1rtires, pero no nosotras mismas ni siquiera en nuestra propia tumba-. Pero Rosario es Rosario, ah\u00ed est\u00e1 su figura de bronce en todo su esplendor, su carita de maya, una de sus manos trae consigo la pluma que la eterniza como escritora, en la otra mano un libro, invit\u00e1ndonos a no dejar de leerla. Su epitafio no pod\u00eda ser m\u00e1s simb\u00f3lico: xxxxxxxx.<\/p>\n\n\n\n<p class=\"wp-block-paragraph\">Cu\u00e1ntas an\u00e9cdotas de quienes la conocieron. Una compa\u00f1era de El Colegio de M\u00e9xico, Paty Ravelo, me comparti\u00f3 que una vez, pidiendo avent\u00f3n dentro de Ciudad Universitaria, Rosario se detuvo a llevarlas y platic\u00f3 muy amenamente con ellas, hasta despu\u00e9s supo qui\u00e9n hab\u00eda sido esa se\u00f1ora amable que les habl\u00f3 del amor por la universidad. Mi maestro Froyl\u00e1n L\u00f3pez Narv\u00e1ez, sab\u00eda de mi fascinaci\u00f3n por ella, y siempre me compart\u00eda los ratos que pudo tratarla. Elena Poniatowska escribi\u00f3 uno de los ensayos m\u00e1s bonitos sobre Castellanos en \u201cYa vida, no me mereces\u201d. Cuando estudiaba en El Colegio de M\u00e9xico me toc\u00f3 exponer sobre Rosario y mi maestra Aralia L\u00f3pez comparti\u00f3 cosas maravillosas que sab\u00eda tanto de la vida como de la obra de la inolvidable escritora. Recibir yo un premio llamado \u201cRosario Castellanos\u201d por mi reportaje sobre la adopci\u00f3n, cuando escrib\u00eda para la Doble Jornada y era una juvenil veintea\u00f1era y no dejar de mirarlo embelesada, incluso hasta ahora que soy se\u00f1ora de seis d\u00e9cadas.<\/p>\n\n\n\n<p class=\"wp-block-paragraph\">Rosario Castellanos, imposible no escribir sobre ella cada mes de mayo que celebramos su nacimiento. Tener que recuperarla otra vez cada agosto que lamentamos su partida. Evocarla eterna, siempre cerquita del alma para despertarla, sacudirla, provocarla.<\/p>\n\n\n\n<pre class=\"wp-block-verse has-text-align-center has-medium-font-size\"><strong><em>Mujer, pues, de palabra. No, de palabra no.\nPero s\u00ed de palabras,\nMuchas, contradictorias, ay, insignificantes,\nSonido puro, vacuo cernido de arabescos,\nJugo de sal\u00f3n, chisme, espuma, olvido.\n<\/em>\n<\/strong><\/pre>\n","protected":false},"excerpt":{"rendered":"<p>Imposible no pensar en ella el d\u00eda del aniversario de su muerte. Rosario Castellanos falleci\u00f3 para hacerla eterna. <\/p>\n","protected":false},"author":3,"featured_media":31337,"comment_status":"open","ping_status":"open","sticky":false,"template":"","format":"standard","meta":{"_monsterinsights_skip_tracking":false,"footnotes":""},"categories":[693,201,202,35],"tags":[459],"class_list":["post-54420","post","type-post","status-publish","format-standard","has-post-thumbnail","category-693","category-bellas-y-airosas","category-elvira-hernandez-carballido","category-opinion","tag-opinion"],"_links":{"self":[{"href":"https:\/\/redsemlac.com\/semmexico\/wp-json\/wp\/v2\/posts\/54420","targetHints":{"allow":["GET"]}}],"collection":[{"href":"https:\/\/redsemlac.com\/semmexico\/wp-json\/wp\/v2\/posts"}],"about":[{"href":"https:\/\/redsemlac.com\/semmexico\/wp-json\/wp\/v2\/types\/post"}],"author":[{"embeddable":true,"href":"https:\/\/redsemlac.com\/semmexico\/wp-json\/wp\/v2\/users\/3"}],"replies":[{"embeddable":true,"href":"https:\/\/redsemlac.com\/semmexico\/wp-json\/wp\/v2\/comments?post=54420"}],"version-history":[{"count":0,"href":"https:\/\/redsemlac.com\/semmexico\/wp-json\/wp\/v2\/posts\/54420\/revisions"}],"wp:featuredmedia":[{"embeddable":true,"href":"https:\/\/redsemlac.com\/semmexico\/wp-json\/wp\/v2\/media\/31337"}],"wp:attachment":[{"href":"https:\/\/redsemlac.com\/semmexico\/wp-json\/wp\/v2\/media?parent=54420"}],"wp:term":[{"taxonomy":"category","embeddable":true,"href":"https:\/\/redsemlac.com\/semmexico\/wp-json\/wp\/v2\/categories?post=54420"},{"taxonomy":"post_tag","embeddable":true,"href":"https:\/\/redsemlac.com\/semmexico\/wp-json\/wp\/v2\/tags?post=54420"}],"curies":[{"name":"wp","href":"https:\/\/api.w.org\/{rel}","templated":true}]}}