{"id":54417,"date":"2022-08-09T14:32:45","date_gmt":"2022-08-09T20:32:45","guid":{"rendered":"https:\/\/redsemlac.com\/semmexico\/?p=54417"},"modified":"2023-07-21T19:11:25","modified_gmt":"2023-07-22T00:11:25","slug":"inegi-y-procuraduria-agraria-firman-convenio-para-iniciar-censo-agropecuario-2022","status":"publish","type":"post","link":"https:\/\/redsemlac.com\/semmexico\/inegi-y-procuraduria-agraria-firman-convenio-para-iniciar-censo-agropecuario-2022\/","title":{"rendered":"INEGI y Procuradur\u00eda Agraria firman convenio para iniciar Censo Agropecuario 2022"},"content":{"rendered":"\n<ul class=\"wp-block-list\"><li><strong>Personal de la Procuradur\u00eda acompa\u00f1ar\u00e1n al personal del INEGI a ejidos y comunidades agrarias.<\/strong><\/li><li><strong>El Censo habla de las caracter\u00edsticas econ\u00f3micas, tecnol\u00f3gicas, ambientales y sociales de las unidades de producci\u00f3n, agr\u00edcolas, ganaderas y forestales del pa\u00eds. &nbsp;<\/strong><\/li><\/ul>\n\n\n\n<p class=\"wp-block-paragraph\"><strong>Elda Montiel<\/strong><\/p>\n\n\n\n<p class=\"wp-block-paragraph\">SemM\u00e9xico, Ciudad de M\u00e9xico, 09 de agosto del 2022.- La titular del Instituto Nacional de Estad\u00edstica y Geograf\u00eda (INEGI) Graciela M\u00e1rquez Col\u00edn resalt\u00f3 como fundamental el acompa\u00f1amiento del personal de la Procuradur\u00eda al personal entrevistador a ejidos y comunidades agrarias previamente seleccionados. As\u00ed como el apoyo para la distribuci\u00f3n en el pa\u00eds de los carteles sobre el Censo Agropecuario 2022 y el enlace que proporcionaran entre el personal del Instituto y los presidentes de los comisariados ejidales y comunales.<\/p>\n\n\n\n<p class=\"wp-block-paragraph\">Lo anterior durante la firma del convenio de colaboraci\u00f3n del Instituto Nacional de Estad\u00edstica y Geograf\u00eda (INEGI) y la Procuradur\u00eda Agraria para reforzar el operativo censal que se realizar\u00e1 del 19 de septiembre al 20 de noviembre del 2022.<\/p>\n\n\n\n<p class=\"wp-block-paragraph\">Este ser\u00e1 el 9\u00ba Censo Agropecuario en la historia del pa\u00eds desde el a\u00f1o 1930, que se realiz\u00f3 el Primer Censo Ejidal, continuo de manera ininterrumpida hasta los 90\u2019s y el \u00faltimo se realiz\u00f3 en 2007.  El Censo habla de las caracter\u00edsticas econ\u00f3micas, tecnol\u00f3gicas, ambientales y sociales de las unidades de producci\u00f3n, agr\u00edcolas, ganaderas y forestales del pa\u00eds, se\u00f1al\u00f3 M\u00e1rquez Col\u00edn.<\/p>\n\n\n\n<p class=\"wp-block-paragraph\">Los datos precisos del Censo agropecuario 2022 crear\u00e1n las condiciones sociales que permitir\u00e1n a las mujeres el acceso a la tierra, relevo generacional y acciones ben\u00e9ficas a los adultos mayores. Adem\u00e1s de la conservaci\u00f3n ambiental de zonas selv\u00e1ticas y bosques y obtener un mayor aprovechamiento de las aguas, asegur\u00f3 Luis Rafael Hern\u00e1ndez Palacios, Procurador Agrario.<\/p>\n\n\n\n<p class=\"wp-block-paragraph\">Luis Hern\u00e1ndez resalt\u00f3 la funci\u00f3n de servicio social de la Procuradur\u00eda Agraria con la focalizaci\u00f3n hacia los n\u00facleos agrarios, ejidos y comunidades que constituyen el 51.7% del territorio nacional, por lo que enfatiz\u00f3 la importancia de brindar el apoyo para la aplicaci\u00f3n del censo, cuyos insumos ser\u00e1 fundamentales en la planeaci\u00f3n y estrategias institucionales.<\/p>\n\n\n\n<p class=\"wp-block-paragraph\">Inform\u00f3 que del total de personas ejidatarias, comuneras y posesionarias con derechos a la propiedad social, 27 por ciento son mujeres y s\u00f3lo ocho por ciento integran los comisariados ejidales; adem\u00e1s, en ese mismo porcentaje ocupan alg\u00fan cargo de decisi\u00f3n en los consejos de vigilancia.<\/p>\n\n\n\n<p class=\"wp-block-paragraph\">Record\u00f3 que esta colaboraci\u00f3n interinstitucional tuvo su implementaci\u00f3n en el marco del programa de certificaci\u00f3n de derechos ejidales cuyo saldo positivo es haber logrado identificaci\u00f3n y regularizaci\u00f3n de la tenencia de la tierra en el 96 por ciento de los n\u00facleos agrarios.<\/p>\n\n\n\n<p class=\"wp-block-paragraph\">El compromiso de difundir en los 32 mil 900 ejidos del pa\u00eds el inicio de estas actividades y acompa\u00f1ar en al menos 1000 n\u00facleos agrarios a las y los servidores p\u00fablicos en el levantamiento de la encuesta. As\u00ed como definir las estrategias de aproximaci\u00f3n a territorios de dif\u00edcil acceso por diversas causas y mantener la comunicaci\u00f3n directa con los comisariados para que trascienda a las asambleas, reiter\u00f3 Hern\u00e1ndez Palacios.<\/p>\n\n\n\n<p class=\"wp-block-paragraph\">Mientras que el actuario Arturo Blancas Espejo, director de Estad\u00edsticas Econ\u00f3mica present\u00f3 los datos importantes del sector agropecuario que proporciona alimentaci\u00f3n a los 126 millones de mexicanas y mexicanos, emplea al 12 por ciento de la poblaci\u00f3n ocupada del pa\u00eds. El 19 por ciento de los hogares mexicanos dependen econ\u00f3micamente de manera directa o indirecta del sector.<\/p>\n\n\n\n<p class=\"wp-block-paragraph\">La mitad de la poblaci\u00f3n rural se encuentra en situaci\u00f3n de pobreza y requiere de programas de apoyo. Comprende el 4 por ciento del valor de las exportaciones del pa\u00eds, sin considerar las exportaciones de los productos del campo ya procesados.<\/p>\n\n\n\n<p class=\"wp-block-paragraph\">El sector es clave en la estrategia para mitigar el cambio clim\u00e1tico y preservar el medio ambiente.<\/p>\n\n\n\n<p class=\"wp-block-paragraph\">SEM\/MG<\/p>\n","protected":false},"excerpt":{"rendered":"<p>Los datos precisos del Censo agropecuario 2022 crear\u00e1n las condiciones sociales que permitir\u00e1n a las mujeres el acceso a la tierra, relevo generacional y acciones ben\u00e9ficas a los adultos mayores. <\/p>\n","protected":false},"author":3,"featured_media":54418,"comment_status":"open","ping_status":"open","sticky":false,"template":"","format":"standard","meta":{"_monsterinsights_skip_tracking":false,"footnotes":""},"categories":[693,51],"tags":[],"class_list":["post-54417","post","type-post","status-publish","format-standard","has-post-thumbnail","category-693","category-ejecutivo"],"_links":{"self":[{"href":"https:\/\/redsemlac.com\/semmexico\/wp-json\/wp\/v2\/posts\/54417","targetHints":{"allow":["GET"]}}],"collection":[{"href":"https:\/\/redsemlac.com\/semmexico\/wp-json\/wp\/v2\/posts"}],"about":[{"href":"https:\/\/redsemlac.com\/semmexico\/wp-json\/wp\/v2\/types\/post"}],"author":[{"embeddable":true,"href":"https:\/\/redsemlac.com\/semmexico\/wp-json\/wp\/v2\/users\/3"}],"replies":[{"embeddable":true,"href":"https:\/\/redsemlac.com\/semmexico\/wp-json\/wp\/v2\/comments?post=54417"}],"version-history":[{"count":0,"href":"https:\/\/redsemlac.com\/semmexico\/wp-json\/wp\/v2\/posts\/54417\/revisions"}],"wp:featuredmedia":[{"embeddable":true,"href":"https:\/\/redsemlac.com\/semmexico\/wp-json\/wp\/v2\/media\/54418"}],"wp:attachment":[{"href":"https:\/\/redsemlac.com\/semmexico\/wp-json\/wp\/v2\/media?parent=54417"}],"wp:term":[{"taxonomy":"category","embeddable":true,"href":"https:\/\/redsemlac.com\/semmexico\/wp-json\/wp\/v2\/categories?post=54417"},{"taxonomy":"post_tag","embeddable":true,"href":"https:\/\/redsemlac.com\/semmexico\/wp-json\/wp\/v2\/tags?post=54417"}],"curies":[{"name":"wp","href":"https:\/\/api.w.org\/{rel}","templated":true}]}}