{"id":54407,"date":"2022-08-09T10:45:18","date_gmt":"2022-08-09T16:45:18","guid":{"rendered":"https:\/\/redsemlac.com\/semmexico\/?p=54407"},"modified":"2023-07-21T19:11:26","modified_gmt":"2023-07-22T00:11:26","slug":"ante-avance-tecnologico-es-necesario-que-las-personas-protejan-su-privacidad-comisionada-del-inai","status":"publish","type":"post","link":"https:\/\/redsemlac.com\/semmexico\/ante-avance-tecnologico-es-necesario-que-las-personas-protejan-su-privacidad-comisionada-del-inai\/","title":{"rendered":"Ante avance tecnol\u00f3gico, es necesario que las personas protejan su privacidad: Comisionada del INAI"},"content":{"rendered":"\n<ul class=\"wp-block-list\"><li><strong>El Internet nos sirve para socializar, pero en esta socializaci\u00f3n, est\u00e1n la privacidad y la relevancia de c\u00f3mo proteger nuestros datos personales: R\u00edo Venegas.<\/strong><\/li><\/ul>\n\n\n\n<p class=\"wp-block-paragraph\"><strong>Redacci\u00f3n<\/strong><\/p>\n\n\n\n<p class=\"wp-block-paragraph\">SemM\u00e9xico, Zacatecas, 09 de agosto del 2022.- En el marco de la Ruta de la Privacidad celebrado en el estado de Zacatecas, se llev\u00f3 a cabo el panel \u201cRetos normativos de la protecci\u00f3n de los datos personales en M\u00e9xico\u201d, donde las y los participantes coincidieron en que es necesario atender y enfrentar los desaf\u00edos que la era digital representa para la privacidad y la protecci\u00f3n de los datos personales, esto ante el r\u00e1pido avance tecnol\u00f3gico en M\u00e9xico y el mundo.<\/p>\n\n\n\n<p class=\"wp-block-paragraph\">En su intervenci\u00f3n, la Comisionada del Instituto Nacional de Transparencia, Acceso a la Informaci\u00f3n y Protecci\u00f3n de Datos Personales (INAI), Norma Julieta del R\u00edo Venegas, destac\u00f3 la importancia de la Ruta de la Privacidad, iniciativa que tiene como objetivo promocionar y sensibilizar sobre la protecci\u00f3n de datos personales en todo el pa\u00eds, ante la gran revoluci\u00f3n del Internet, el avance de la inteligencia artificial y los riesgos para la privacidad de las personas.<\/p>\n\n\n\n<p class=\"wp-block-paragraph\">\u201cEs muy bueno y positivo el avance tecnol\u00f3gico que estamos viviendo, y m\u00e1s a ra\u00edz de la pandemia, donde se desarrollaron m\u00e1s r\u00e1pido otro tipo de cuestiones tecnol\u00f3gicas, pero nadie se puso a pensar en los riesgos que esto conlleva; sin embargo, estos se pueden mitigar -como los ataques a la PNT (Plataforma Nacional de Transparencia)- con recomendaciones\u201d, advirti\u00f3 la comisionada. &nbsp;&nbsp;&nbsp;<\/p>\n\n\n\n<p class=\"wp-block-paragraph\">R\u00edo Venegas comparti\u00f3 que la m\u00e1s reciente Encuesta Nacional sobre Disponibilidad y Uso de Tecnolog\u00edas de la Informaci\u00f3n en los Hogares (ENDUTIH) 2021, realizada por el INEGI, revela que existen 88.6 millones de personas usuarias de Internet, lo que representa el 75.6% de la poblaci\u00f3n total de M\u00e9xico; cifras que indican un crecimiento en el uso del Internet.<\/p>\n\n\n\n<p class=\"wp-block-paragraph\">\u201cEl Internet nos sirve para socializar, pero en esta socializaci\u00f3n, est\u00e1n la privacidad y la relevancia de c\u00f3mo proteger nuestros datos personales. Nadie est\u00e1 diciendo que el Internet y la vida privada puedan estar peleadas, nada m\u00e1s es necesario proteger los datos personales\u201d, asever\u00f3.&nbsp;&nbsp;&nbsp;<\/p>\n\n\n\n<p class=\"wp-block-paragraph\">Al referirse a los retos normativos que el INAI ha enfrentado en materia de protecci\u00f3n de datos personales, la comisionada refiri\u00f3 el caso del Padr\u00f3n de Usuarios de Telefon\u00eda M\u00f3vil, en el que luego de la acci\u00f3n de inconstitucionalidad presentada por el Instituto, la Suprema Corte de Justicia de la Naci\u00f3n (SCJN) consider\u00f3 que era una normativa violatoria del derecho de protecci\u00f3n de datos personales de la ciudadan\u00eda; tambi\u00e9n coment\u00f3 el caso del FAN ID en los estadios de f\u00fatbol en el que se determin\u00f3 que la Liga MX no puede implementar el proyecto hasta que reciba la autorizaci\u00f3n expresa del INAI.<\/p>\n\n\n\n<p class=\"wp-block-paragraph\">\u201cYo creo que estas son las acciones que tenemos que hacer como \u00f3rganos garantes, no solo salir al discurso y decir hay que hacer esto, sino actuar y detener\u201d, puntualiz\u00f3.&nbsp;&nbsp;<\/p>\n\n\n\n<p class=\"wp-block-paragraph\">Entre las acciones emprendidas por el INAI, la Comisionada Del R\u00edo se\u00f1al\u00f3 la realizaci\u00f3n de talleres de sensibilizaci\u00f3n, el Programa Nacional de Protecci\u00f3n de Datos Personales (PRONADATOS), las Fiestas de la Verdad y el INAI en tu Escuela.<\/p>\n\n\n\n<p class=\"wp-block-paragraph\">\u201cPara el INAI y para todos los \u00f3rganos garantes, el manejo de datos personales relacionados con la identidad de todos, tenemos mucho trabajo; hemos avanzado, pero no hemos terminado, tenemos que seguir concientizando, pero eso es una comuni\u00f3n social, no podemos solos los \u00f3rganos garantes (\u2026) es una comuni\u00f3n social entre todos\u201d, plante\u00f3.&nbsp;<\/p>\n\n\n\n<p class=\"wp-block-paragraph\">En la participaci\u00f3n de Isabel Davara F. de Marcos, Socia Fundadora de Davara Abogados, expuso que, si bien la protecci\u00f3n de los datos personales es mucho m\u00e1s amplia y tiene mucha incidencia en todos los \u00e1mbitos, sin duda, la inteligencia artificial y las tecnolog\u00edas emergentes crean y potencializan nuevos desaf\u00edos que han llevado a tener muy presente la relevancia del derecho humano a la protecci\u00f3n de los datos personales.&nbsp;<\/p>\n\n\n\n<p class=\"wp-block-paragraph\">Por su parte, la presidenta del Consejo Consultivo del INAI, Nuhad Ponce Kuri, mencion\u00f3 que hay retos normativos importantes en materia de protecci\u00f3n de datos personales, que pueden contextualizarse en el cumplimiento de los ocho principios que la ley se\u00f1ala y donde destaca el de la proporcionalidad, esto es, saber y conocer si los datos que se van a recolectar y tratar son los necesarios y adecuados, y son proporcionales a la finalidad para la que se van a utilizar.<\/p>\n\n\n\n<p class=\"wp-block-paragraph\">C\u00e9sar Manuel Vallarta Paredes, Director General de Evaluaci\u00f3n, Investigaci\u00f3n y Verificaci\u00f3n del Sector P\u00fablico del INAI, refiri\u00f3 que la Ruta de la Privacidad ha llevado por el territorio nacional el di\u00e1logo, el debate y el planteamiento de ideas en torno a los grandes y tan variables retos que representa la era digital, para concientizar sobre la importancia del derecho humano a la protecci\u00f3n de los datos personales ante el uso de la inteligencia artificial y el desarrollo de las nuevas tecnolog\u00edas.<\/p>\n\n\n\n<p class=\"wp-block-paragraph\">El panel fue moderado por Ar\u00edstides Rodrigo Guerrero Garc\u00eda, Coordinador de la Comisi\u00f3n de Protecci\u00f3n de Datos Personales del SNT y Comisionado Presidente del \u00f3rgano garante de la Ciudad de M\u00e9xico.<\/p>\n\n\n\n<p class=\"wp-block-paragraph\">SEM\/MG<\/p>\n","protected":false},"excerpt":{"rendered":"<p>El Internet nos sirve para socializar, pero en esta socializaci\u00f3n, est\u00e1n la privacidad y la relevancia de c\u00f3mo proteger nuestros datos personales: R\u00edo Venegas.<\/p>\n","protected":false},"author":3,"featured_media":54408,"comment_status":"open","ping_status":"open","sticky":false,"template":"","format":"standard","meta":{"_monsterinsights_skip_tracking":false,"footnotes":""},"categories":[693,51],"tags":[],"class_list":["post-54407","post","type-post","status-publish","format-standard","has-post-thumbnail","category-693","category-ejecutivo"],"_links":{"self":[{"href":"https:\/\/redsemlac.com\/semmexico\/wp-json\/wp\/v2\/posts\/54407","targetHints":{"allow":["GET"]}}],"collection":[{"href":"https:\/\/redsemlac.com\/semmexico\/wp-json\/wp\/v2\/posts"}],"about":[{"href":"https:\/\/redsemlac.com\/semmexico\/wp-json\/wp\/v2\/types\/post"}],"author":[{"embeddable":true,"href":"https:\/\/redsemlac.com\/semmexico\/wp-json\/wp\/v2\/users\/3"}],"replies":[{"embeddable":true,"href":"https:\/\/redsemlac.com\/semmexico\/wp-json\/wp\/v2\/comments?post=54407"}],"version-history":[{"count":0,"href":"https:\/\/redsemlac.com\/semmexico\/wp-json\/wp\/v2\/posts\/54407\/revisions"}],"wp:featuredmedia":[{"embeddable":true,"href":"https:\/\/redsemlac.com\/semmexico\/wp-json\/wp\/v2\/media\/54408"}],"wp:attachment":[{"href":"https:\/\/redsemlac.com\/semmexico\/wp-json\/wp\/v2\/media?parent=54407"}],"wp:term":[{"taxonomy":"category","embeddable":true,"href":"https:\/\/redsemlac.com\/semmexico\/wp-json\/wp\/v2\/categories?post=54407"},{"taxonomy":"post_tag","embeddable":true,"href":"https:\/\/redsemlac.com\/semmexico\/wp-json\/wp\/v2\/tags?post=54407"}],"curies":[{"name":"wp","href":"https:\/\/api.w.org\/{rel}","templated":true}]}}