{"id":54392,"date":"2022-08-09T09:05:40","date_gmt":"2022-08-09T15:05:40","guid":{"rendered":"https:\/\/redsemlac.com\/semmexico\/?p=54392"},"modified":"2023-07-21T19:11:26","modified_gmt":"2023-07-22T00:11:26","slug":"vergonzoso-e-ilegal-que-el-gobierno-federal-no-respete-el-derecho-a-huelga-de-sutnotimex-manuel-fuentes","status":"publish","type":"post","link":"https:\/\/redsemlac.com\/semmexico\/vergonzoso-e-ilegal-que-el-gobierno-federal-no-respete-el-derecho-a-huelga-de-sutnotimex-manuel-fuentes\/","title":{"rendered":"Vergonzoso e ilegal que el Gobierno Federal no respete el derecho a huelga de SUTNOTIMEX: Manuel Fuentes"},"content":{"rendered":"\n<ul class=\"wp-block-list\"><li><strong>Reuni\u00f3n de sindicato y Gobernaci\u00f3n el pr\u00f3ximo jueves.<\/strong><\/li><li><strong>Tal parece que la estrategia del gobierno es alargar la huelga todo el sexenio, \u201cdejarnos en el olvido, o que nos muramos por Covid\u201d, se\u00f1al\u00f3 Adriana Urrea Torres.<\/strong><\/li><\/ul>\n\n\n\n<p class=\"wp-block-paragraph\"><strong>Elda Montiel<\/strong><\/p>\n\n\n\n<p class=\"wp-block-paragraph\">SemM\u00e9xico, Ciudad de M\u00e9xico, 09 de agosto del 2022.- En el programa \u00abAstillero Informa\u00bb de este lunes 8 de agosto con el tema \u201cNotimex: sin dialogo ni producci\u00f3n, pero con amplio presupuesto\u201d Adriana Urrea Torres, secretaria general del Sindicato \u00danico de Trabajadores de Notimex, inform\u00f3 que tendr\u00e1n una reuni\u00f3n con el titular de Gobernaci\u00f3n el pr\u00f3ximo jueves, como resultado de la movilizaci\u00f3n la ma\u00f1ana de este lunes frente a Palacio Nacional por los 900 d\u00edas de la huelga.\u00a0<\/p>\n\n\n\n<p class=\"wp-block-paragraph\">Detall\u00f3 que han sido cerca de alrededor de 20 resoluciones o se\u00f1alamientos jur\u00eddicos en contra del SUTNOTIMEX, resueltas todas a favor de las y los trabajadores entre los que se encuentra la reinstalaci\u00f3n de los 42 trabajadores y trabajadoras, la existencia legal de la huelga y el estatus no ha cambiado, hasta acusaciones de secuestro y robo con presencia de elementos de la guardia nacional. De estos \u00faltimos han sumado 7 intentos de rompimiento de huelga que no han prosperado.<\/p>\n\n\n\n<p class=\"wp-block-paragraph\">Tres resoluciones jur\u00eddicas en contra de la propia Adriana Urrea; dos administrativas y una penal, resueltas a favor.<\/p>\n\n\n\n<p class=\"wp-block-paragraph\">Solo queda pendiente un \u201csupuesto\u201d fraude por 2,400 pesos de comprobaci\u00f3n de vi\u00e1ticos de una cobertura del Ejecutivo la cual no se ha podido presentar y que la condena a pagar y retirarse del cargo por 30 d\u00edas, el cual ya se apel\u00f3.<\/p>\n\n\n\n<p class=\"wp-block-paragraph\">El abogado laborista Manuel Fuentes Mu\u00f1iz, calific\u00f3 como un acto il\u00edcito y vergonzoso para el gobierno mexicano, el no respetar la huelga de los trabajadores de Notimex al dejar que se siga ejerciendo un presupuesto y dejar que la directora SanJuana Mart\u00ednez Montemayor no responda a los llamados de las autoridades laborales y de Gobernaci\u00f3n.<\/p>\n\n\n\n<p class=\"wp-block-paragraph\">Julio Astillero inform\u00f3 que se solicit\u00f3 la presencia de un representante de la Direcci\u00f3n General de Notimex de la cual no obtuvieron respuesta para abordar el tema de la huelga del sexenio que mantiene al estado mexicano sin su agencia informativa.<\/p>\n\n\n\n<p class=\"wp-block-paragraph\">Tal parece que la estrategia del gobierno es alargar la huelga todo el sexenio, \u201cdejarnos en el olvido, o que nos muramos por Covid\u201d, se\u00f1al\u00f3 Adriana Urrea Torres en los dos a\u00f1os y cinco meses de huelga de las y los trabajadores, 80 por ciento son mujeres, y en medio de una pandemia y sin ingresos, que ya ha dejado 20 fallecidos entre familiares directos.<\/p>\n\n\n\n<p class=\"wp-block-paragraph\">El abogado laborista enfatiz\u00f3 que es sorprendente la irregularidad de que una huelga como la de Notimex no se respete cuando se tiene que suspender toda actividad y se contin\u00fae el pago de 180 personas, cuando es obligaci\u00f3n del Estado hacer respetar la huelga legalmente reconocida, y que incluso recae en una inhabilitaci\u00f3n de la servidora p\u00fablica.<\/p>\n\n\n\n<p class=\"wp-block-paragraph\">Tanto la l\u00edder sindical como el abogado Fuentes Mu\u00f1iz coincidieron que la opci\u00f3n a seguir es la acci\u00f3n internacional como la Corte Interamericana de Derechos Humanos (CIDH), ya que la huelga es un derecho humano. &nbsp;<\/p>\n\n\n\n<p class=\"wp-block-paragraph\">Fuentes Mu\u00f1iz, dijo, que este es el camino ante la violaci\u00f3n al derecho fundamental que es el empleo y el salario y que no respeta el gobierno mexicano.<\/p>\n\n\n\n<p class=\"wp-block-paragraph\">Urrea Torres, dijo que ante la falta de voluntad de las autoridades y del gobierno federal desde el 2020 el SUTNOTIMEX present\u00f3 una demanda ante la Organizaci\u00f3n Internacional del trabajo (OIT), y que actualmente se ampli\u00f3 la red internacional a otras centrales sindicales de otros pa\u00edses que se han sumado para exigir al gobierno mexicano la soluci\u00f3n de la huelga.<\/p>\n\n\n\n<p class=\"wp-block-paragraph\">Tambi\u00e9n mostr\u00f3 la indignaci\u00f3n ante la \u00faltima propuesta del pasado mes de julio de que las y los trabajadores asuman el costo y presenten una propuesta de liquidaci\u00f3n (que se presentar\u00eda al secretario de Gobernaci\u00f3n, para su consideraci\u00f3n), o de lo contrario, la huelga se extender\u00eda todo el sexenio.<\/p>\n\n\n\n<p class=\"wp-block-paragraph\">Inform\u00f3 que las movilizaciones por los 900 d\u00edas de huelga seguir\u00e1n ahora ante el Senado y esperan reunirse con la presidenta de la Mesa Directiva, Olga S\u00e1nchez Cordero, quien fuera titular de Gobernaci\u00f3n cuando inicio la huelga.<\/p>\n\n\n\n<p class=\"wp-block-paragraph\">SEM\/MG<\/p>\n","protected":false},"excerpt":{"rendered":"<p>Reuni\u00f3n de sindicato y Gobernaci\u00f3n el pr\u00f3ximo jueves.<\/p>\n","protected":false},"author":3,"featured_media":54393,"comment_status":"open","ping_status":"open","sticky":false,"template":"","format":"standard","meta":{"_monsterinsights_skip_tracking":false,"footnotes":""},"categories":[693,55],"tags":[],"class_list":["post-54392","post","type-post","status-publish","format-standard","has-post-thumbnail","category-693","category-periodistas"],"_links":{"self":[{"href":"https:\/\/redsemlac.com\/semmexico\/wp-json\/wp\/v2\/posts\/54392","targetHints":{"allow":["GET"]}}],"collection":[{"href":"https:\/\/redsemlac.com\/semmexico\/wp-json\/wp\/v2\/posts"}],"about":[{"href":"https:\/\/redsemlac.com\/semmexico\/wp-json\/wp\/v2\/types\/post"}],"author":[{"embeddable":true,"href":"https:\/\/redsemlac.com\/semmexico\/wp-json\/wp\/v2\/users\/3"}],"replies":[{"embeddable":true,"href":"https:\/\/redsemlac.com\/semmexico\/wp-json\/wp\/v2\/comments?post=54392"}],"version-history":[{"count":0,"href":"https:\/\/redsemlac.com\/semmexico\/wp-json\/wp\/v2\/posts\/54392\/revisions"}],"wp:featuredmedia":[{"embeddable":true,"href":"https:\/\/redsemlac.com\/semmexico\/wp-json\/wp\/v2\/media\/54393"}],"wp:attachment":[{"href":"https:\/\/redsemlac.com\/semmexico\/wp-json\/wp\/v2\/media?parent=54392"}],"wp:term":[{"taxonomy":"category","embeddable":true,"href":"https:\/\/redsemlac.com\/semmexico\/wp-json\/wp\/v2\/categories?post=54392"},{"taxonomy":"post_tag","embeddable":true,"href":"https:\/\/redsemlac.com\/semmexico\/wp-json\/wp\/v2\/tags?post=54392"}],"curies":[{"name":"wp","href":"https:\/\/api.w.org\/{rel}","templated":true}]}}