{"id":54371,"date":"2022-08-08T15:01:05","date_gmt":"2022-08-08T21:01:05","guid":{"rendered":"https:\/\/redsemlac.com\/semmexico\/?p=54371"},"modified":"2023-07-21T19:11:27","modified_gmt":"2023-07-22T00:11:27","slug":"suman-3-mujeres-atacadas-con-fuego-en-menos-de-un-mes-en-jalisco","status":"publish","type":"post","link":"https:\/\/redsemlac.com\/semmexico\/suman-3-mujeres-atacadas-con-fuego-en-menos-de-un-mes-en-jalisco\/","title":{"rendered":"Suman 3 mujeres atacadas con fuego en menos de un mes en Jalisco"},"content":{"rendered":"\n<ul class=\"wp-block-list\"><li><strong>Al resistirse a una violaci\u00f3n, fue rociada con solvente e incendiada.<\/strong><\/li><li><strong>Tras las primeras indagatorias la Polic\u00eda de Guadalajara detuvo a Brian \u00abN\u00bb.<\/strong><\/li><\/ul>\n\n\n\n<p class=\"wp-block-paragraph\"><strong>Analy Nu\u00f1o<\/strong><\/p>\n\n\n\n<p class=\"wp-block-paragraph\">SemM\u00e9xico, Guadalajara, Jalisco, 08 de agosto del 2022.- Tras poner resistencia a un abuso sexual, una mujer fue rociada con solvente y quemada en la zona oriente de Guadalajara.<\/p>\n\n\n\n<p class=\"wp-block-paragraph\">La noche de este domingo la mujer &#8211; que aparentemente vive en situaci\u00f3n de calle- fue abordada por un sujeto que comenz\u00f3 a tocarle sus partes \u00edntimas y tras la negativa de la mujer, el sujeto le arrebat\u00f3 un solvente que tra\u00eda, se lo roci\u00f3 en el cuerpo y le prendi\u00f3 fuego para despu\u00e9s retirarse del lugar.&nbsp;<\/p>\n\n\n\n<p class=\"wp-block-paragraph\">Tras el reporte, la mujer fue trasladada al Hospital Civil Fray Antonio Alcalde donde se reporta en estado delicado con quemaduras de segundo grado en v\u00edas respiratorias, cuello y espalda.<\/p>\n\n\n\n<p class=\"wp-block-paragraph\">De acuerdo a la Fiscal\u00eda de Jalisco, tras las primeras indagatorias la Polic\u00eda de Guadalajara detuvo a Brian \u00abN\u00bb, por su posible participaci\u00f3n en la agresi\u00f3n contra la mujer de la que hasta ahora no se han dado m\u00e1s detalles y se desconoce su identidad.<\/p>\n\n\n\n<p class=\"wp-block-paragraph\">Con este ataque, suman 3 mujeres atacadas con fuego en menos de un mes en Jalisco.<\/p>\n\n\n\n<p class=\"wp-block-paragraph\">El 16 de julio Luz Raquel Padilla fue atacada con alcohol y fuego en un parque p\u00fablico de Zapopan. Tres d\u00edas despu\u00e9s de la agresi\u00f3n directa falleci\u00f3 a consecuencia de las quemaduras.<\/p>\n\n\n\n<p class=\"wp-block-paragraph\">El 27 de julio en el albergue Casa de Vida Camino a la Fortaleza una menor fue rociada con alcohol y castigada con pistola el\u00e9ctrica, que le provoc\u00f3 quemaduras en brazo, t\u00f3rax y espalda.<\/p>\n\n\n\n<p class=\"wp-block-paragraph\">SEM\/MG<\/p>\n","protected":false},"excerpt":{"rendered":"<p>Al resistirse a una violaci\u00f3n, fue rociada con solvente e incendiada.<\/p>\n","protected":false},"author":3,"featured_media":54372,"comment_status":"open","ping_status":"open","sticky":false,"template":"","format":"standard","meta":{"_monsterinsights_skip_tracking":false,"footnotes":""},"categories":[693,47,48],"tags":[],"class_list":["post-54371","post","type-post","status-publish","format-standard","has-post-thumbnail","category-693","category-no-mas-impunidad","category-no-mas-impunidad-no-mas-impunidad"],"_links":{"self":[{"href":"https:\/\/redsemlac.com\/semmexico\/wp-json\/wp\/v2\/posts\/54371","targetHints":{"allow":["GET"]}}],"collection":[{"href":"https:\/\/redsemlac.com\/semmexico\/wp-json\/wp\/v2\/posts"}],"about":[{"href":"https:\/\/redsemlac.com\/semmexico\/wp-json\/wp\/v2\/types\/post"}],"author":[{"embeddable":true,"href":"https:\/\/redsemlac.com\/semmexico\/wp-json\/wp\/v2\/users\/3"}],"replies":[{"embeddable":true,"href":"https:\/\/redsemlac.com\/semmexico\/wp-json\/wp\/v2\/comments?post=54371"}],"version-history":[{"count":0,"href":"https:\/\/redsemlac.com\/semmexico\/wp-json\/wp\/v2\/posts\/54371\/revisions"}],"wp:featuredmedia":[{"embeddable":true,"href":"https:\/\/redsemlac.com\/semmexico\/wp-json\/wp\/v2\/media\/54372"}],"wp:attachment":[{"href":"https:\/\/redsemlac.com\/semmexico\/wp-json\/wp\/v2\/media?parent=54371"}],"wp:term":[{"taxonomy":"category","embeddable":true,"href":"https:\/\/redsemlac.com\/semmexico\/wp-json\/wp\/v2\/categories?post=54371"},{"taxonomy":"post_tag","embeddable":true,"href":"https:\/\/redsemlac.com\/semmexico\/wp-json\/wp\/v2\/tags?post=54371"}],"curies":[{"name":"wp","href":"https:\/\/api.w.org\/{rel}","templated":true}]}}