{"id":54343,"date":"2022-08-08T07:49:37","date_gmt":"2022-08-08T13:49:37","guid":{"rendered":"https:\/\/redsemlac.com\/semmexico\/?p=54343"},"modified":"2023-07-21T19:11:28","modified_gmt":"2023-07-22T00:11:28","slug":"cuba-mujeres-al-sur-un-ano-juntando-voces-desde-el-feminismo","status":"publish","type":"post","link":"https:\/\/redsemlac.com\/semmexico\/cuba-mujeres-al-sur-un-ano-juntando-voces-desde-el-feminismo\/","title":{"rendered":"Cuba: Mujeres al Sur, un a\u00f1o juntando voces desde el feminismo"},"content":{"rendered":"\n<p class=\"wp-block-paragraph\"><strong>Sara M\u00e1s<\/strong><\/p>\n\n\n\n<p class=\"wp-block-paragraph\">SemM\u00e9xico\/SEMlac, La Habana, Cuba, 08 de agosto del 2022.- Mujeres al Sur, un proyecto period\u00edstico que se sumerge en la vida de las mujeres de Am\u00e9rica Latina y el Caribe desde una perspectiva feminista, celebr\u00f3 en La Habana su primer a\u00f1o de existencia con el deseo de seguirles dando voz y presencia a las mujeres desde las redes y plataformas digitales.<\/p>\n\n\n\n<p class=\"wp-block-paragraph\">Fraguado en medio de los momentos m\u00e1s crudos de la pandemia de covid-19, cuando casi toda la vida se hac\u00eda entre las casas y la virtualidad, el proyecto fue impulsado por la periodista argentina Graciela Ram\u00edrez, al frente de la Corresponsal\u00eda en La Habana de Resumen Latinoamericano.<\/p>\n\n\n\n<p class=\"wp-block-paragraph\">Con una emisi\u00f3n de 15 minutos cada 15 d\u00edas, el podcast ha recorrido una variedad de temas y testimonios, \u00abcon las voces de nuestra Patria Grande\u00bb y \u00abpara empoderarnos, abrazarnos y caminar juntas en sororidad\u00bb, como anuncia cada cap\u00edtulo.<\/p>\n\n\n\n<p class=\"wp-block-paragraph\">Sin apenas conocerse personalmente y conectadas de forma virtual, sus creadoras fueron tejiendo alianzas hasta conformar un equipo que integran Ana Silvia Fern\u00e1ndez en Argentina y Dayl\u00e9n Vega, Yusmilis Dubrosky, Ania Terrero, Lizbeth Laba\u00f1ino, Camila Maury, Alejandra Garc\u00eda, Patricia Mar\u00eda Guerra, Julieta Garc\u00eda y Lisandra Ronquillo, desde Cuba.<\/p>\n\n\n\n<p class=\"wp-block-paragraph\">\u00abEllas son el ox\u00edgeno de este proyecto, no solo desde el amor y la solidaridad, sino desde la conciencia de juntarnos y empezar a caminar, de disputar un espacio y tratar temas dif\u00edciles, duros y complejos con los que tambi\u00e9n nos revindicamos, porque por peque\u00f1os pasos o por grandes logros vamos conquistando el camino\u00bb, expres\u00f3 Ram\u00edrez.<\/p>\n\n\n\n<p class=\"wp-block-paragraph\">\u00abHa sido un a\u00f1o de trabajo intenso y hermoso, de tremenda creatividad y generaci\u00f3n de contenidos\u00bb, valor\u00f3 la periodista.<\/p>\n\n\n\n<p class=\"wp-block-paragraph\">La primera emisi\u00f3n se hizo el 26 de julio de 2021 y, aunque debieron transcurrir unos seis meses para que el equipo tuviera su primer encuentro presencial, sus integrantes siguieron trabajando en la distancia y produciendo puntualmente cada podcast, hasta llegar a 27 en este primer a\u00f1o. Los enlaces a toda la producci\u00f3n se encuentra en Twitter, Facebook, Instagram y Telegram.<\/p>\n\n\n\n<p class=\"wp-block-paragraph\">\u00abEs un gran proyecto, con gran amor, fuerza y un compromiso con la historia del presente y del futuro\u00bb, asegura la argentina Ana Silvia Fern\u00e1ndez, quien envi\u00f3 un video a sus compa\u00f1eras a prop\u00f3sito del primer aniversario del proyecto, celebrado en la capital cubana el pasado 3 de agosto.<\/p>\n\n\n\n<p class=\"wp-block-paragraph\">Detr\u00e1s de cada audio de Mujeres al Sur hay un equipo entusiasta de profesionales feministas muy j\u00f3venes, cuyas entrevistas llegan a m\u00e1s de una docena de pa\u00edses, entre ellos Cuba, Argentina, Colombia, El Salvador, Honduras, Estados Unidos, Brasil, Guatemala, Ecuador, Uruguay, Bolivia, M\u00e9xico, Puerto Rico y Espa\u00f1a.<\/p>\n\n\n\n<p class=\"wp-block-paragraph\">En opini\u00f3n de Dayl\u00e9n Vega, \u00abuna de las cosas maravillosas es que siendo un trabajo, no se siente como tal\u00bb, asegur\u00f3. \u00abSomos mujeres las 24 horas del d\u00eda, los siete d\u00edas de la semana, y Mujeres al Sur es eso: nuestras din\u00e1micas personales llevadas a un espacio virtual por Internet\u00bb.<\/p>\n\n\n\n<p class=\"wp-block-paragraph\">Cada episodio ha intentado encausar determinados temas desde diferentes perspectivas, ya sea por la persona que relata su realidad o por el pa\u00eds desde donde lo hace, explic\u00f3 Patricia Mar\u00eda Guerra, periodista y una de las guionistas.<\/p>\n\n\n\n<p class=\"wp-block-paragraph\">Para Yusmilis Dubrosky, la dise\u00f1adora del podcast, ha sido la posibilidad de sentirse libre al dise\u00f1ar y buscar la imagen que mejor represente a todas, \u00abde cada d\u00eda aprender y en cada episodio, evolucionar\u00bb.<\/p>\n\n\n\n<p class=\"wp-block-paragraph\">Ania Terrero identifica el espacio como el desaf\u00edo de ir m\u00e1s all\u00e1: \u00abes la suma de nuestras experiencias como periodistas y comunicadoras, junto a la voz de las mujeres de la regi\u00f3n, con nuestros desaf\u00edos, logros, historias y luchas pendientes\u00bb.<\/p>\n\n\n\n<p class=\"wp-block-paragraph\">Camila Maury asegura que en este equipo creativo ha encontrado la motivaci\u00f3n y la oportunidad que necesitaba como reci\u00e9n graduada de periodismo; la psic\u00f3loga Lisbeth Laba\u00f1ino valora muy positivamente el impacto en los p\u00fablicos, que replican sus contenidos; y la joven periodista Alejandra Garc\u00eda la califica de \u00abexperiencia transformadora y necesaria\u00bb.<\/p>\n\n\n\n<p class=\"wp-block-paragraph\">\u00abLa idea no era hacer algo cubano, sino unir voces de nuestra Patria Grande y hacerlo con calidad; que tuviera el alma de las mujeres sin importar su edad ni condici\u00f3n social, ubic\u00e1ndose en el contexto de cada una en la regi\u00f3n\u00bb, precis\u00f3 Ram\u00edrez.<\/p>\n\n\n\n<p class=\"wp-block-paragraph\">\u00abDespu\u00e9s de 27 episodios y m\u00e1s de 400 minutos de sororidad; de todo un a\u00f1o de alianzas, sue\u00f1os, conexiones y alegr\u00edas que fluyen hasta los pueblos costeros o las ciudades modernas; despu\u00e9s de esa articulaci\u00f3n de un lado y otro del mar, Mujeres al Sur celebra estos primeros 12 meses de existencia para seguir narrando la cotidianidad de las mujeres latinoamericanas, desde sus propias voces\u00bb, resum\u00eda Patricia Mar\u00eda Guerra.<\/p>\n\n\n\n<p class=\"wp-block-paragraph\">SEM\/MG<\/p>\n","protected":false},"excerpt":{"rendered":"<p>Mujeres al Sur, un proyecto period\u00edstico que se sumerge en la vida de las mujeres de Am\u00e9rica Latina y el Caribe desde una perspectiva feminista<\/p>\n","protected":false},"author":3,"featured_media":54344,"comment_status":"open","ping_status":"open","sticky":false,"template":"","format":"standard","meta":{"_monsterinsights_skip_tracking":false,"footnotes":""},"categories":[693,53],"tags":[],"class_list":["post-54343","post","type-post","status-publish","format-standard","has-post-thumbnail","category-693","category-internacional"],"_links":{"self":[{"href":"https:\/\/redsemlac.com\/semmexico\/wp-json\/wp\/v2\/posts\/54343","targetHints":{"allow":["GET"]}}],"collection":[{"href":"https:\/\/redsemlac.com\/semmexico\/wp-json\/wp\/v2\/posts"}],"about":[{"href":"https:\/\/redsemlac.com\/semmexico\/wp-json\/wp\/v2\/types\/post"}],"author":[{"embeddable":true,"href":"https:\/\/redsemlac.com\/semmexico\/wp-json\/wp\/v2\/users\/3"}],"replies":[{"embeddable":true,"href":"https:\/\/redsemlac.com\/semmexico\/wp-json\/wp\/v2\/comments?post=54343"}],"version-history":[{"count":0,"href":"https:\/\/redsemlac.com\/semmexico\/wp-json\/wp\/v2\/posts\/54343\/revisions"}],"wp:featuredmedia":[{"embeddable":true,"href":"https:\/\/redsemlac.com\/semmexico\/wp-json\/wp\/v2\/media\/54344"}],"wp:attachment":[{"href":"https:\/\/redsemlac.com\/semmexico\/wp-json\/wp\/v2\/media?parent=54343"}],"wp:term":[{"taxonomy":"category","embeddable":true,"href":"https:\/\/redsemlac.com\/semmexico\/wp-json\/wp\/v2\/categories?post=54343"},{"taxonomy":"post_tag","embeddable":true,"href":"https:\/\/redsemlac.com\/semmexico\/wp-json\/wp\/v2\/tags?post=54343"}],"curies":[{"name":"wp","href":"https:\/\/api.w.org\/{rel}","templated":true}]}}