{"id":54323,"date":"2022-08-08T07:03:25","date_gmt":"2022-08-08T13:03:25","guid":{"rendered":"https:\/\/redsemlac.com\/semmexico\/?p=54323"},"modified":"2023-07-21T19:10:40","modified_gmt":"2023-07-22T00:10:40","slug":"tras-la-puerta-del-poder-agosto-mes-de-renovacion-de-presidencia-del-senado-y-de-definiciones-para-ricardo-monreal","status":"publish","type":"post","link":"https:\/\/redsemlac.com\/semmexico\/tras-la-puerta-del-poder-agosto-mes-de-renovacion-de-presidencia-del-senado-y-de-definiciones-para-ricardo-monreal\/","title":{"rendered":"Tras la Puerta del Poder| Agosto, mes de renovaci\u00f3n de presidencia del Senado\u2026 y de definiciones para Ricardo Monreal"},"content":{"rendered":"\n<p class=\"wp-block-paragraph\"><strong>Roberto Vizca\u00edno<\/strong><\/p>\n\n\n\n<p class=\"wp-block-paragraph\">SemM\u00e9xico, Ciudad de M\u00e9xico, 08 de agosto del 2022.- Hacia fines de la semana anterior, Ricardo Monreal acept\u00f3 que los equilibrios internos en su bancada, la de Morena, hab\u00edan cambiado.<\/p>\n\n\n\n<p class=\"wp-block-paragraph\">Hablaba de que no ten\u00eda ya la certeza de una negociaci\u00f3n interna clara para definir qui\u00e9n de los senadores de Morena podr\u00eda ser el sucesor de la exministra y exsecretaria de Gobernaci\u00f3n Olga S\u00e1nchez Cordero.<\/p>\n\n\n\n<p class=\"wp-block-paragraph\">Desde hace al menos un mes el senador zacatecano Jos\u00e9 Narro dijo que ir\u00eda por ese cargo, y desde entonces da conferencias de prensa y hace declaraciones temerarias, como la de que existe mal manejo de cursos en su fracci\u00f3n, que buscan ganar espacios en medios como primera parte de esa campa\u00f1a.<\/p>\n\n\n\n<p class=\"wp-block-paragraph\">Desde hace un a\u00f1o, se menciona entre morenistas que quien podr\u00eda ser el siguiente presidente del Senado es el poblano Alejandro Armenta, quien todos saben es un legislador muy cercano a Monreal y quien buscar\u00e1 en la siguiente elecci\u00f3n a gobernador de su Estado, ser el candidato de Morena a ese cargo.<\/p>\n\n\n\n<p class=\"wp-block-paragraph\">En la semana anterior, \u201calguien\u201d col\u00f3 a su vez el nombre de Gabriel Garc\u00eda -quien era el coordinador de delegados federales de AMLO-, como un fuerte prospecto de Palacio Nacional.<\/p>\n\n\n\n<p class=\"wp-block-paragraph\">Sobre todos ellos Monreal afirm\u00f3 que cualquiera de los integrantes de la bancada se puede apuntar y eventualmente obtener la muy ansiado presidencia del Senado.<\/p>\n\n\n\n<p class=\"wp-block-paragraph\">El tema sin embargo es: \u00bfla designaci\u00f3n del nuevo presidente del Senado es el fin del predominio pol\u00edtico del zacatecano en la c\u00e1mara alta? \u00bfViene ya su remoci\u00f3n de la coordinaci\u00f3n de la bancada y de la presidencia de la Junta de Coordinaci\u00f3n Pol\u00edtica de la c\u00e1mara alta?<\/p>\n\n\n\n<p class=\"wp-block-paragraph\">Ayer esta interrogante fue respondida por el propio Monreal:<\/p>\n\n\n\n<p class=\"wp-block-paragraph\">\u201c\u2026 la <em>nomenclatura pol\u00edtica<\/em> se opondr\u00e1 que (yo) sea candidato de Morena a la Presidencia de la Rep\u00fablica en 2024 e intentar\u00e1 erigir una facci\u00f3n en el poder\u2026&nbsp; pero (yo) confi\u00f3 en que la conciencia ciudadana lograr\u00e1 profundizar la vida democr\u00e1tica de nuestro pa\u00eds\u201d.<\/p>\n\n\n\n<p class=\"wp-block-paragraph\">Sin duda Monreal siente lo que en pol\u00edtica se denomina: \u201cpasos en la azotea\u201d.<\/p>\n\n\n\n<p class=\"wp-block-paragraph\">O un golpe de mando. Y el \u00fanico que lo puede dar es, s\u00ed, adivin\u00f3 Usted: Andr\u00e9s Manuel L\u00f3pez Obrador.<\/p>\n\n\n\n<p class=\"wp-block-paragraph\">En un mensaje subido a sus redes sociales, el zacatecano no muestra ni desgano ni ansiedades.<\/p>\n\n\n\n<p class=\"wp-block-paragraph\">Dice por el contrario tener el entusiasmo, la capacidad, salud y autonom\u00eda \u201cpara lograr, juntos y juntas, un M\u00e9xico pr\u00f3spero y justo\u201d.<\/p>\n\n\n\n<p class=\"wp-block-paragraph\">O sea, sigue en su intenci\u00f3n de irse a fondo por la candidatura presidencial de Morena.<\/p>\n\n\n\n<p class=\"wp-block-paragraph\">E insisti\u00f3 en mostrar su perfil al recordarles a sus simpatizantes que procede de una familia campesina, pobre, y que ahora forma parte de la clase media: \u201csoy acad\u00e9mico y servidor p\u00fablico, amante de mi pa\u00eds y una vez que llegue el tiempo legal luchar\u00e9 por suceder al presidente L\u00f3pez Obrador\u201d.<\/p>\n\n\n\n<p class=\"wp-block-paragraph\">Igual insisti\u00f3 en asegurar que tiene claridad respecto a los grandes y enormes retos que enfrenta M\u00e9xico en materia de seguridad, justicia, cambio clim\u00e1tico, campo, bienestar, ingresos, reservas actuariales, empleo y recuperaci\u00f3n econ\u00f3mica, entre otros.<\/p>\n\n\n\n<p class=\"wp-block-paragraph\">Y acept\u00f3 que lograr lo que quiere no ser\u00e1 sencillo, \u201cpero para quienes provienen de abajo, el camino nunca ha sido f\u00e1cil y est\u00e1n acostumbrados a vencer adversidades y obst\u00e1culos. La gente es la que decide, y a ella me atengo\u201d, afirm\u00f3.<\/p>\n\n\n\n<p class=\"wp-block-paragraph\">\u201cEntiendo mi realidad. La nomenclatura pol\u00edtica (de Morena) se opondr\u00e1 e intentar\u00e1 erigir una facci\u00f3n en el poder, pero conf\u00edo en que la conciencia ciudadana lograr\u00e1 profundizar la vida democr\u00e1tica de nuestro pa\u00eds\u201d, expres\u00f3 el senador.<\/p>\n\n\n\n<p class=\"wp-block-paragraph\">En fin que todo indica que Monreal est\u00e1 en la pelea.<\/p>\n\n\n\n<h2 class=\"wp-block-heading\"><strong>Despu\u00e9s de la golpiza, la paz<\/strong><\/h2>\n\n\n\n<p class=\"wp-block-paragraph\">El gobernador panista Mauricio Kuri ha logrado enfrentar con amplio respaldo social la crisis que le gener\u00f3 a su administraci\u00f3n el vandalismo, salvajismo mostrado por la barra de aficionados de su equipo local en contra de los contrarios en un juego en el estadio de La Corregidora.&nbsp;<\/p>\n\n\n\n<p class=\"wp-block-paragraph\">Hoy, a 8 meses de aquellos hechos, con gran parte de los v\u00e1ndalos en prisi\u00f3n, el gobernador Kuri emprende una campa\u00f1a de tolerancia que, afirma, significa un nuevo comienzo para la restauraci\u00f3n de la confianza de los queretanos en la realizaci\u00f3n de grandes eventos,<\/p>\n\n\n\n<p class=\"wp-block-paragraph\">En la presentaci\u00f3n del nuevo programa \u201cSociedad de Respeto, Somos Quer\u00e9taro\u201d, que busca reconstruir el tejido social para regresar los valores y corregir el rumbo del estado, el gobernador Mauricio Kuri, record\u00f3 lo sucedido el 5 de Marzo y se\u00f1al\u00f3 que \u201cel primer paso para solucionar un problema es admitir que existe.<\/p>\n\n\n\n<p class=\"wp-block-paragraph\">\u201cEse d\u00eda vimos las m\u00e1s terribles im\u00e1genes de violencia, pero bien dicen que: los problemas en la vida tienen tres pasos: aceptarlos, trabajar en ellos, y superarlos\u201d.<\/p>\n\n\n\n<p class=\"wp-block-paragraph\">Sin duda un ejemplo de c\u00f3mo s\u00ed hacer las cosas, pero sobre todo enfrentarlas y darles soluci\u00f3n.<\/p>\n\n\n\n<p class=\"wp-block-paragraph\"><a href=\"mailto:...rvizcainoa@gmail.com\">&#8230;rvizcainoa@gmail.com<\/a> &nbsp;\/ Twitter: @_Vizcaino &nbsp;\/ Facebook \/ <a href=\"https:\/\/www.facebook.com\/rvizcainoa\">https:\/\/www.facebook.com\/rvizcainoa<\/a><\/p>\n","protected":false},"excerpt":{"rendered":"<p>Hacia fines de la semana anterior, Ricardo Monreal acept\u00f3 que los equilibrios internos en su bancada, la de Morena, hab\u00edan cambiado.<\/p>\n","protected":false},"author":3,"featured_media":39589,"comment_status":"open","ping_status":"open","sticky":false,"template":"","format":"standard","meta":{"_monsterinsights_skip_tracking":false,"footnotes":""},"categories":[693,35,623,622],"tags":[459],"class_list":["post-54323","post","type-post","status-publish","format-standard","has-post-thumbnail","category-693","category-opinion","category-roberto-vizcaino","category-tras-la-puerta-del-poder","tag-opinion"],"_links":{"self":[{"href":"https:\/\/redsemlac.com\/semmexico\/wp-json\/wp\/v2\/posts\/54323","targetHints":{"allow":["GET"]}}],"collection":[{"href":"https:\/\/redsemlac.com\/semmexico\/wp-json\/wp\/v2\/posts"}],"about":[{"href":"https:\/\/redsemlac.com\/semmexico\/wp-json\/wp\/v2\/types\/post"}],"author":[{"embeddable":true,"href":"https:\/\/redsemlac.com\/semmexico\/wp-json\/wp\/v2\/users\/3"}],"replies":[{"embeddable":true,"href":"https:\/\/redsemlac.com\/semmexico\/wp-json\/wp\/v2\/comments?post=54323"}],"version-history":[{"count":0,"href":"https:\/\/redsemlac.com\/semmexico\/wp-json\/wp\/v2\/posts\/54323\/revisions"}],"wp:featuredmedia":[{"embeddable":true,"href":"https:\/\/redsemlac.com\/semmexico\/wp-json\/wp\/v2\/media\/39589"}],"wp:attachment":[{"href":"https:\/\/redsemlac.com\/semmexico\/wp-json\/wp\/v2\/media?parent=54323"}],"wp:term":[{"taxonomy":"category","embeddable":true,"href":"https:\/\/redsemlac.com\/semmexico\/wp-json\/wp\/v2\/categories?post=54323"},{"taxonomy":"post_tag","embeddable":true,"href":"https:\/\/redsemlac.com\/semmexico\/wp-json\/wp\/v2\/tags?post=54323"}],"curies":[{"name":"wp","href":"https:\/\/api.w.org\/{rel}","templated":true}]}}