{"id":54315,"date":"2022-08-07T13:41:34","date_gmt":"2022-08-07T19:41:34","guid":{"rendered":"https:\/\/redsemlac.com\/semmexico\/?p=54315"},"modified":"2023-07-21T19:10:40","modified_gmt":"2023-07-22T00:10:40","slug":"amlo-tuerce-la-ley-para-retener-y-redirigir-recursos-aprobados-por-la-camara-de-diputados-y-contra-el-mandato-de-la-corte","status":"publish","type":"post","link":"https:\/\/redsemlac.com\/semmexico\/amlo-tuerce-la-ley-para-retener-y-redirigir-recursos-aprobados-por-la-camara-de-diputados-y-contra-el-mandato-de-la-corte\/","title":{"rendered":"AMLO tuerce la ley para retener y redirigir recursos aprobados por la C\u00e1mara de Diputados y contra el mandato de la Corte"},"content":{"rendered":"\n<p class=\"wp-block-paragraph\">Al segundo trimestre del 2022 hay un subejercicio de 19 mil 438 millones de pesos que afecta a la educaci\u00f3n, la seguridad y la salud: Red Rebeldes con causa&nbsp;<\/p>\n\n\n\n<p class=\"wp-block-paragraph\">En 4 a\u00f1os la salud perdi\u00f3 110 mil millones de pesos, sin vacunaci\u00f3n universal y sin previsiones para secuelas del Covid<\/p>\n\n\n\n<p class=\"wp-block-paragraph\">Conminan a diputaci\u00f3n a exigir que se apliquen los recursos de acuerdo con el presupuesto, es su responsabilidad<\/p>\n\n\n\n<p class=\"wp-block-paragraph\"><strong>Los subejercicios adem\u00e1s de ser una se\u00f1al de mala administraci\u00f3n de los recursos, evidencian una estrategia del Ejecutivo federal para retener recursos y redirigirlos de manera discrecional a los megaproyectos presidenciales, denuncia Rebeldes con Causa<\/strong><\/p>\n\n\n\n<p class=\"wp-block-paragraph\">Libertad L\u00f3pez<\/p>\n\n\n\n<p class=\"wp-block-paragraph\">SemM\u00e9xico, Ciudad de M\u00e9xico, 7 de agosto, 2022.- Alertan ex legisladoras de la Red Rebeldes con Causa que el presidente Andr\u00e9s Manuel L\u00f3pez Obrador ha torcido y manipulado la ley para redirigir el presupuesto de la naci\u00f3n a sus proyectos insignia, lo que ha significado un subejercicio del gasto hasta 19 mil millones 438 millones, lo que puede constituir responsabilidad penal. Se ha dejado a la intemperie la educaci\u00f3n, la seguridad y la salud.<\/p>\n\n\n\n<p class=\"wp-block-paragraph\">Tras un examen de c\u00f3mo se retienen recursos, con informes de la Secretar\u00eda de Hacienda y especialistas, se\u00f1alan que la C\u00e1mara de Diputados debe exigir que se apliquen los recursos aprobados por ley y constitucionales, porque se ha afectado dram\u00e1ticamente las necesidades de la poblaci\u00f3n m\u00e1s pobre.<\/p>\n\n\n\n<p class=\"wp-block-paragraph\">&#8212;&#8212;&#8212;&#8212;&#8212;&#8212;&#8212;&#8212;&#8212;&#8212;&#8212;&#8212;&#8212;&#8212;&#8212;&#8212;&#8212;&#8212;&#8212;&#8212;&#8212;&#8212;&#8212;&#8212;&#8212;&#8212;&#8212;&#8212;&#8212;&#8212;&#8212;&#8212;&#8212;&#8212;&#8212;&#8211;<\/p>\n\n\n\n<p class=\"wp-block-paragraph\"><strong>&nbsp;El ejercicio del gasto es responsabilidad del Poder Ejecutivo, si los recursos determinados por la C\u00e1mara de Diputados no son aplicados de manera adecuada, puede ser causa de responsabilidad penal, advierte Rebeldes con Causa.<\/strong><\/p>\n\n\n\n<p class=\"wp-block-paragraph\"><strong>&#8212;&#8212;&#8212;&#8212;&#8212;&#8212;&#8212;&#8212;&#8212;&#8212;&#8212;&#8212;&#8212;&#8212;&#8212;&#8212;&#8212;&#8212;&#8212;&#8212;&#8212;&#8212;&#8212;&#8212;-<\/strong><\/p>\n\n\n\n<p class=\"wp-block-paragraph\">Torcer y manipular la ley del presupuesto nacional \u201ca su antojo\u201d, ha hecho que el Ejecutivo retenga y redirija de manera discrecional el presupuesto nacional, lo que ha significado un subejercicio escandaloso en mayo, junio y julio de 2022.<\/p>\n\n\n\n<p class=\"wp-block-paragraph\">Las ex legisladoras Laura Rojas, Ver\u00f3nica Ju\u00e1rez, Lorena Villavicencio y Martha Tagle, explican detalladamente, c\u00f3mo se han afectado programas fundamentales, sacrificando, c\u00f3mo ejemplo, la vacunaci\u00f3n universal a ni\u00f1os y ni\u00f1as menores de 3 a\u00f1os y c\u00f3mo el descuido de otras enfermedades ha recargado especialmente el trabajo de las mujeres.<\/p>\n\n\n\n<p class=\"wp-block-paragraph\">El grupo la &nbsp;Red Rebeldes con Causa, afirman en un comunicado &nbsp;que la ahora llamada \u201cpobreza franciscana\u201d afecta principalmente a los m\u00e1s pobres, esto con base al reporte de la Secretar\u00eda de Hacienda del avance del gasto al segundo trimestre del 2022 se tuvo un subejercicio de 19,438 millones de pesos con afectaciones importantes en educaci\u00f3n, seguridad y salud, mientras que el gasto que se ejerce en el sector turismo tuvo un aumento real de 260.1 por ciento, al pasar de 13 mil millones 485 mil 4 millones de pesos en enero-junio de 2021 a 52,212.4 millones en el mismo lapso de 2022.&nbsp; La cifra refleja el gasto que se est\u00e1 realizando en el Tren Maya.<\/p>\n\n\n\n<p class=\"wp-block-paragraph\">Indicaron, que la reducci\u00f3n en el gasto p\u00fablico en materia de salud, desde el comienzo de esta administraci\u00f3n, a pesar de estar enfrentando la pandemia por COVID y sin tener claros los efectos que sobrevendr\u00e1n en la salud de las y los mexicanos, en los \u00faltimos tres a\u00f1os la reducci\u00f3n efectiva en materia de salud representa cerca de 110 mil millones de pesos, entre subejercicios, recortes y la inflaci\u00f3n.<\/p>\n\n\n\n<p class=\"wp-block-paragraph\">Esto ha afectado programas fundamentales como: suministro de medicamentos, atenci\u00f3n a la salud, programa de vacunaci\u00f3n, medicamentos gratuitos y prevenci\u00f3n de enfermedades, que en el primer semestre del 2022 presentan subejercicios por m\u00e1s de 18 mil millones de pesos con respecto a los 59 mil millones programados, lo que representa un subejercicio de casi 31 por ciento, m\u00e1s de la tercera parte de lo programado.<\/p>\n\n\n\n<p class=\"wp-block-paragraph\">Informan que con base a un an\u00e1lisis de M\u00e9xico Eval\u00faa, el gasto de Salud de los primeros cuatro meses de este a\u00f1o es el m\u00e1s bajo para ese periodo en la \u00faltima d\u00e9cada.<\/p>\n\n\n\n<p class=\"wp-block-paragraph\">&nbsp;La falta de atenci\u00f3n m\u00e9dica en hospitales y cl\u00ednicas, as\u00ed como el suministro de medicamentos, ha sido absorbida por las familias con gasto de bolsillo y tareas de cuidados en casa que recaen fundamentalmente en las mujeres, detallaron.<\/p>\n\n\n\n<p class=\"wp-block-paragraph\">&nbsp;De acuerdo a la Asociaci\u00f3n Mexicana de Instituciones de Seguros (AMIS), en un a\u00f1o, el gasto promedio que destinan los mexicanos para atender su salud rebasa los 9 mil 500 pesos, que para muchas personas representa gastar m\u00e1s de un mes de su salario en servicios m\u00e9dicos.<\/p>\n\n\n\n<p class=\"wp-block-paragraph\">Las exlegisladoras alertaron que los \u201csubejercicios\u201d adem\u00e1s de ser una se\u00f1al de mala administraci\u00f3n de los recursos, evidencian una estrategia del Ejecutivo federal para retener recursos y redirigirlos de manera discrecional a los programas insignia de infraestructura, que al carecer de una adecuada planeaci\u00f3n presentan sobrecostos que van mucho m\u00e1s all\u00e1 de lo programado, torciendo la ley y manipul\u00e1ndola a su antojo.<\/p>\n\n\n\n<p class=\"wp-block-paragraph\">&nbsp;Sabemos, de voz de los propios operadores del gasto, que Hacienda no baja los recursos a las dependencias de acuerdo con lo programado y con ello se generan los \u201csubejercicios\u201d, se\u00f1alaron.<\/p>\n\n\n\n<p class=\"wp-block-paragraph\">Recordaron, que en abril la Suprema Corte de Justicia de la Naci\u00f3n (SCJN) elimin\u00f3 el control que el presidente Andr\u00e9s Manuel L\u00f3pez Obrador ten\u00eda para determinar por decreto, de forma discrecional, el destino de los \u201cahorros\u201d ,que se obtengan en la Administraci\u00f3n P\u00fablica Federal, ya que ello es incompatible con la facultad exclusiva de la C\u00e1mara de Diputados de aprobar el Presupuesto de Egresos y autorizar el destino y monto del gasto p\u00fablico federal para cumplir con los objetivos constitucionales reflejados en el Plan Nacional de Desarrollo, por lo que hicieron un llamado a la C\u00e1mara de Diputados a garantizar la correcta aplicaci\u00f3n de los recursos, asumir sus responsabilidades de control en materia presupuestaria y, a trav\u00e9s de la Auditor\u00eda Superior de la Federaci\u00f3n, realizar las investigaciones correspondientes para fincar las responsabilidades que se determinen.<\/p>\n","protected":false},"excerpt":{"rendered":"<p>Al segundo trimestre del 2022 hay un subejercicio de 19 mil 438 millones de pesos que afecta a la educaci\u00f3n, la seguridad y la salud: Red Rebeldes con causa\u00a0<\/p>\n","protected":false},"author":3,"featured_media":54320,"comment_status":"open","ping_status":"open","sticky":false,"template":"","format":"standard","meta":{"_monsterinsights_skip_tracking":false,"footnotes":""},"categories":[693,51],"tags":[],"class_list":["post-54315","post","type-post","status-publish","format-standard","has-post-thumbnail","category-693","category-ejecutivo"],"_links":{"self":[{"href":"https:\/\/redsemlac.com\/semmexico\/wp-json\/wp\/v2\/posts\/54315","targetHints":{"allow":["GET"]}}],"collection":[{"href":"https:\/\/redsemlac.com\/semmexico\/wp-json\/wp\/v2\/posts"}],"about":[{"href":"https:\/\/redsemlac.com\/semmexico\/wp-json\/wp\/v2\/types\/post"}],"author":[{"embeddable":true,"href":"https:\/\/redsemlac.com\/semmexico\/wp-json\/wp\/v2\/users\/3"}],"replies":[{"embeddable":true,"href":"https:\/\/redsemlac.com\/semmexico\/wp-json\/wp\/v2\/comments?post=54315"}],"version-history":[{"count":0,"href":"https:\/\/redsemlac.com\/semmexico\/wp-json\/wp\/v2\/posts\/54315\/revisions"}],"wp:featuredmedia":[{"embeddable":true,"href":"https:\/\/redsemlac.com\/semmexico\/wp-json\/wp\/v2\/media\/54320"}],"wp:attachment":[{"href":"https:\/\/redsemlac.com\/semmexico\/wp-json\/wp\/v2\/media?parent=54315"}],"wp:term":[{"taxonomy":"category","embeddable":true,"href":"https:\/\/redsemlac.com\/semmexico\/wp-json\/wp\/v2\/categories?post=54315"},{"taxonomy":"post_tag","embeddable":true,"href":"https:\/\/redsemlac.com\/semmexico\/wp-json\/wp\/v2\/tags?post=54315"}],"curies":[{"name":"wp","href":"https:\/\/api.w.org\/{rel}","templated":true}]}}