{"id":54288,"date":"2022-08-07T09:05:05","date_gmt":"2022-08-07T15:05:05","guid":{"rendered":"https:\/\/redsemlac.com\/semmexico\/?p=54288"},"modified":"2023-07-21T19:10:40","modified_gmt":"2023-07-22T00:10:40","slug":"nuevamente-se-escapan-dos-menores-de-villa-de-las-ninas-en-acapulco","status":"publish","type":"post","link":"https:\/\/redsemlac.com\/semmexico\/nuevamente-se-escapan-dos-menores-de-villa-de-las-ninas-en-acapulco\/","title":{"rendered":"Nuevamente se escapan dos menores de Villa de las Ni\u00f1as en Acapulco"},"content":{"rendered":"\n<p class=\"wp-block-paragraph\">Las buscan, es la segunda ocasi\u00f3n que lo hacen<\/p>\n\n\n\n<p class=\"wp-block-paragraph\">Josefina Aguilar Pastor&nbsp;&nbsp;&nbsp;<\/p>\n\n\n\n<p class=\"wp-block-paragraph\">Chilpancingo, Guerrero, 7 de agosto del 2022. \u2013&nbsp;Por segunda ocasi\u00f3n, dos menores de edad, escaparon del albergue \u00abVilla de las Ni\u00f1as\u201d, ubicado en Acapulco, presumen que ocurri\u00f3 la madrugada de este viernes tras forzar una puerta.&nbsp;<\/p>\n\n\n\n<p class=\"wp-block-paragraph\">Se trata de Mar\u00eda del Carmen Rojas Ju\u00e1rez, de 14 a\u00f1os de edad, quien de acuerdo la ficha de b\u00fasqueda emitida por la Fiscal\u00eda General del Estado (FGE) a trav\u00e9s de la Alerta Violeta, tiene una cicatriz en la ceja derecha y varias marcas en ambos brazos, la \u00faltima vez que fue vista, portaba una camisa manga larga color rojo y un short corto del mismo color.&nbsp;<\/p>\n\n\n\n<p class=\"wp-block-paragraph\">La segunda, es Jade Brisai Dorantes Cruz, de 11 a\u00f1os de edad, tiene una cicatriz peque\u00f1a en la barbilla, vest\u00eda un vestido corto pegado, con rayas naranjas circulares.&nbsp;<\/p>\n\n\n\n<p class=\"wp-block-paragraph\">Al respecto, el DIF municipal de Acapulco, bajo el cual se encuentra el albergue \u201cVilla de las Ni\u00f1as\u201d, emiti\u00f3 un comunicado en el que confirm\u00f3 que la madrugada de este viernes 5 de agosto, dos menores que se encontraban bajo protecci\u00f3n del refugio, escaparon forzando la puerta.\u00a0<\/p>\n\n\n\n<p class=\"wp-block-paragraph\">Destaca que ambas menores, han repetido esta acci\u00f3n durante las \u00faltimas semanas. En el caso de Jade Brisai, logr\u00f3 escapar el pasado 9 de julio, y fue localizada ocho d\u00edas despu\u00e9s, el 17 del mismo mes.\u00a0<\/p>\n\n\n\n<p class=\"wp-block-paragraph\">En tanto que Mar\u00eda del Carmen, huyo del lugar el pasado 17 del mismo mes de julio, y fue localizada d\u00edas despu\u00e9s en la colonia Emiliano Zapata del puerto de Acapulco, siendo recluida de nueva cuenta en el citado albergue.&nbsp;<\/p>\n\n\n\n<p class=\"wp-block-paragraph\">Por esos hechos, en aquel momento fu destituida la coordinadora de la Villa de las Ni\u00f1as, al mismo tiempo, aplicaron una amonestaci\u00f3n administrativa a una de las monitoras que se desempe\u00f1a en el cuidado de las menores.&nbsp;<\/p>\n\n\n\n<figure class=\"wp-block-gallery has-nested-images columns-default is-cropped wp-block-gallery-1 is-layout-flex wp-block-gallery-is-layout-flex\">\n<figure class=\"wp-block-image size-large\"><a href=\"https:\/\/redsemlac.com\/semmexico\/wp-content\/uploads\/2022\/08\/acapulco-villa-02.png\"><img loading=\"lazy\" decoding=\"async\" width=\"804\" height=\"918\" data-id=\"54291\" src=\"https:\/\/redsemlac.com\/semmexico\/wp-content\/uploads\/2022\/08\/acapulco-villa-02.png\" alt=\"\" class=\"wp-image-54291\"\/><\/a><\/figure>\n\n\n\n<figure class=\"wp-block-image size-large\"><a href=\"https:\/\/redsemlac.com\/semmexico\/wp-content\/uploads\/2022\/08\/acapulco-villa-03.jpg\"><img loading=\"lazy\" decoding=\"async\" width=\"591\" height=\"675\" data-id=\"54290\" src=\"https:\/\/redsemlac.com\/semmexico\/wp-content\/uploads\/2022\/08\/acapulco-villa-03.jpg\" alt=\"\" class=\"wp-image-54290\"\/><\/a><\/figure>\n<\/figure>\n\n\n\n<p class=\"wp-block-paragraph\">Tras la evasi\u00f3n de este viernes, personal del DIF, dio parte a las autoridades ministeriales para levantar la denuncia correspondiente, al mismo tiempo inici\u00f3 el proceso administrativo para deslindar responsabilidades de quienes se encontraban Resguardando el lugar al momento de los hechos.<\/p>\n\n\n\n<p class=\"wp-block-paragraph\">&nbsp;Al mismo tiempo, dio a conocer que realizaran las inve4stigaciones conducentes, adem\u00e1s de implementar los protocolos adecuados bajo la supervisi\u00f3n de los especialistas en la materia que trabajan de manera permanente con el DIF, en la atenci\u00f3n de las y los menores que se encuentran bajo el resguardo de la instituci\u00f3n.&nbsp;<\/p>\n\n\n\n<p class=\"wp-block-paragraph\">Se\u00f1ala que, desde hace semanas, trabajan en la adecuaci\u00f3n de los espacios y el reforzamiento de las medidas de seguridad para evitar este tipo de escapes. &nbsp;<\/p>\n","protected":false},"excerpt":{"rendered":"<p>Por segunda ocasi\u00f3n, dos menores de edad, escaparon del albergue \u00abVilla de las Ni\u00f1as\u201d, ubicado en Acapulco, presumen que ocurri\u00f3 la madrugada de este viernes tras forzar una puerta.\u00a0<\/p>\n","protected":false},"author":3,"featured_media":54289,"comment_status":"open","ping_status":"open","sticky":false,"template":"","format":"standard","meta":{"_monsterinsights_skip_tracking":false,"footnotes":""},"categories":[693,54],"tags":[],"class_list":["post-54288","post","type-post","status-publish","format-standard","has-post-thumbnail","category-693","category-mujeres"],"_links":{"self":[{"href":"https:\/\/redsemlac.com\/semmexico\/wp-json\/wp\/v2\/posts\/54288","targetHints":{"allow":["GET"]}}],"collection":[{"href":"https:\/\/redsemlac.com\/semmexico\/wp-json\/wp\/v2\/posts"}],"about":[{"href":"https:\/\/redsemlac.com\/semmexico\/wp-json\/wp\/v2\/types\/post"}],"author":[{"embeddable":true,"href":"https:\/\/redsemlac.com\/semmexico\/wp-json\/wp\/v2\/users\/3"}],"replies":[{"embeddable":true,"href":"https:\/\/redsemlac.com\/semmexico\/wp-json\/wp\/v2\/comments?post=54288"}],"version-history":[{"count":0,"href":"https:\/\/redsemlac.com\/semmexico\/wp-json\/wp\/v2\/posts\/54288\/revisions"}],"wp:featuredmedia":[{"embeddable":true,"href":"https:\/\/redsemlac.com\/semmexico\/wp-json\/wp\/v2\/media\/54289"}],"wp:attachment":[{"href":"https:\/\/redsemlac.com\/semmexico\/wp-json\/wp\/v2\/media?parent=54288"}],"wp:term":[{"taxonomy":"category","embeddable":true,"href":"https:\/\/redsemlac.com\/semmexico\/wp-json\/wp\/v2\/categories?post=54288"},{"taxonomy":"post_tag","embeddable":true,"href":"https:\/\/redsemlac.com\/semmexico\/wp-json\/wp\/v2\/tags?post=54288"}],"curies":[{"name":"wp","href":"https:\/\/api.w.org\/{rel}","templated":true}]}}