{"id":54285,"date":"2022-08-07T08:36:33","date_gmt":"2022-08-07T14:36:33","guid":{"rendered":"https:\/\/redsemlac.com\/semmexico\/?p=54285"},"modified":"2023-07-21T19:10:40","modified_gmt":"2023-07-22T00:10:40","slug":"el-legado-de-mercedes-olivera-bustamante-mi-mirada","status":"publish","type":"post","link":"https:\/\/redsemlac.com\/semmexico\/el-legado-de-mercedes-olivera-bustamante-mi-mirada\/","title":{"rendered":"El legado de Mercedes Olivera Bustamante, mi mirada"},"content":{"rendered":"\n<p class=\"wp-block-paragraph\">In\u00e9s Castro Apreza<\/p>\n\n\n\n<p class=\"wp-block-paragraph\">SemM\u00e9xico, San Crist\u00f3bal de las Casas, 7 de agosto, 2022.- Mercedes Olivera Bustamante, antrop\u00f3loga feminista, militante de izquierdas e impulsora de procesos organizativos en Chiapas (M\u00e9xico) ha fenecido el d\u00eda de hoy. Las largas y constantes batallas emprendidas en la vida p\u00fablico-pol\u00edtica, as\u00ed como en la academia, las llev\u00f3 durante los \u00faltimos a\u00f1os a su hermosa casa en la Colonia Maya en la ciudad de San Crist\u00f3bal de Las Casas. Una casa reveladora de su trayectoria, con m\u00faltiples detalles.<\/p>\n\n\n\n<p class=\"wp-block-paragraph\">\u00bfC\u00f3mo pensarte hoy Mercedes? \u00bfQu\u00e9 puedo decir de ti?<\/p>\n\n\n\n<p class=\"wp-block-paragraph\">Uno de los nombres m\u00e1s importantes en la solidaridad organizada, pol\u00edtica, con las y los refugiados de Guatemala por la cruenta guerra librada contra la poblaci\u00f3n toda -ensa\u00f1ada, en particular, contra los pueblos originarios de nuestra rep\u00fablica hermana. Una de las primeras feministas en fundar organizaciones de mujeres en la frontera Chiapas-Guatemala: Mama Maqu\u00edn y el Centro de Investigaci\u00f3n y Acci\u00f3n de la Mujer (CIAM). Uno de los nombres m\u00e1s emblem\u00e1ticos de la primera generaci\u00f3n de feministas en Chiapas; una de las grandes militantes feministas en la entidad, llamada desde diversas partes del mundo para impartir talleres y conferencias. Una de las feministas a quien m\u00e1s reconocen mujeres de distintas generaciones, formadas por ellas en la militancia activa zapatista y en las militancias feministas.<\/p>\n\n\n\n<p class=\"wp-block-paragraph\">Enunciar todas tus iniciativas ser\u00eda dif\u00edcil cuando no directamente imposible. Tu misma casa abri\u00f3 las puertas a muchas personas, hombres y mujeres, que buscaban mundos mejores, mundos alternativos, otros mundos\u2026 feministas. Recuerdo que te adscrib\u00edas como feminista radical, pero en los \u00faltimos tiempos figuraste un feminismo popular, rural, que te describe mejor en tus largas andanzas pol\u00edticas tanto en Guatemala como en M\u00e9xico.<\/p>\n\n\n\n<p class=\"wp-block-paragraph\">Todo esto se va contigo, pero tambi\u00e9n se queda, Mercedes.<\/p>\n\n\n\n<p class=\"wp-block-paragraph\">Y el legado no es menor.<\/p>\n\n\n\n<p class=\"wp-block-paragraph\">Justo hace unos d\u00edas, reunidas las investigadoras del N\u00facleo Acad\u00e9mico B\u00e1sico del Posgrado en Estudios e Intervenci\u00f3n Feminista con las estudiantes de maestr\u00eda y doctorado, record\u00e9 tu importante papel en la introducci\u00f3n del pensamiento feminista y de los estudios de g\u00e9nero en el Centro de Estudios Superiores de M\u00e9xico y Centroam\u00e9rica (CESMECA). En aras de la memoria y la historia hice un breve recuente. Teresa Ramos Maza fue la primera investigadora en impulsar los estudios de g\u00e9nero y las investigaciones feministas en nuestro Instituto, el CESMECA, que ha puesto resistencias para el cambio de nombre, aunque el nivel de \u201cInstituto\u201d es superior al de \u201cCentro\u201d. Su ingreso ser\u00eda un a\u00f1o o dos antes que yo, la segunda en ingresar hace casi 22 a\u00f1os a esta instituci\u00f3n con el mismo inter\u00e9s. Conjugar la investigaci\u00f3n con la militancia feminista. Por entonces, investigaba y militaba al lado de las mujeres que lideraban una Asamblea de Mujeres en Nicol\u00e1s Ruiz, \u00edcono de la organizaci\u00f3n de mujeres rurales con ascendencia tzeltal. Un trabajo que me marc\u00f3 para toda la vida.<\/p>\n\n\n\n<p class=\"wp-block-paragraph\">Tu arribo al CESMECA, Mercedes, varios a\u00f1os despu\u00e9s de nosotras marc\u00f3 un hito significativo en el impulso a tales estudios e investigaciones. Como parte del Comit\u00e9 Acad\u00e9mico del Posgrado en Ciencias Sociales y Human\u00edsticas impulsaste bajo argumentos te\u00f3ricos poderosos que Teor\u00edas de G\u00e9nero, como la llamabas, fuera obligatoria en el primer semestre de la maestr\u00eda. Impulsaste otros seminarios como Teor\u00edas Feministas y esto nos motiv\u00f3 para que otras, nosotras, hici\u00e9ramos m\u00e1s cosas dentro del Instituto. Yo misma instal\u00e9 en 2012-2013 el primer seminario de cuerpo y corporalidades, cansada del g\u00e9nero y de todas sus insuficiencias, pero tambi\u00e9n para buscar y fortalecer mi propio nicho dentro de una academia que nunca escapa a fuertes relaciones de poder.<\/p>\n\n\n\n<p class=\"wp-block-paragraph\">Toda feminista consecuente ha de hacer esto, individual y colectivamente.<\/p>\n\n\n\n<p class=\"wp-block-paragraph\">Sin embargo, tus logros son may\u00fasculos en la academia, primero en la Universidad Aut\u00f3noma de Chiapas y luego en el CESMECA. Te impusiste sobre esas relaciones de poder con esa fuerza que te caracteriz\u00f3 toda la vida. Y as\u00ed fue como lograste fundar el Posgrado en Estudios e Intervenci\u00f3n Feminista (PEIF), junto a grandes colegas: Montserrat Bosch, la primera coordinadora; Teresa Ramos Maza, quien buscaba fortalecer la l\u00ednea de los estudios de econom\u00eda feminista, y Teresa Garz\u00f3n Mart\u00ednez, quien entraba justo en ese momento con los estudios culturales feministas. El PEIF es resultado as\u00ed de largas batallas feministas de todas nosotras, tanto en la Ciudad de M\u00e9xico como Chiapas, en el Sur del pa\u00eds y de los sures globales. Batallas en la academia y en la calle. \u00bfPor qu\u00e9 no reconocer que todas las mujeres que formaste en Chiapas son tambi\u00e9n impulsoras de este gran proyecto pol\u00edtico-acad\u00e9mico, acad\u00e9mico-pol\u00edtico? Hasta una colectiva se form\u00f3 con tu nombre, Colectivo Feminista Mercedes Olivera Bustamante (COFEMO), donde han estado todas estas mujeres que t\u00fa formaste te\u00f3rica y pol\u00edticamente.<\/p>\n\n\n\n<p class=\"wp-block-paragraph\">Todo eso te llevas, pero tambi\u00e9n se queda.<\/p>\n\n\n\n<p class=\"wp-block-paragraph\">Recibiste varios reconocimientos, uno de ellos el Honoris Causa en nuestra Universidad de Ciencias y Artes de Chiapas (UNICACH). Fue en el 2012 y en el 2018 buscaste renunciar al mismo porque la rector\u00eda buscaba otorgarlo al General Cienfuegos (nuestras universidades p\u00fablicas en la entidad han sido nichos de grupos pol\u00edticos). Yo me quedo con tus palabras al recibir el Honoris Causa porque resonaron como nunca antes en el bello Teatro Emilio Zebad\u00faa en el Andador. Me quedo con esas palabras. Me quedo con tu trayectoria como acad\u00e9mica y militante feminista. Y me quedo con tu reconocimiento p\u00fablico a varias de nosotras que te acompa\u00f1amos en la academia.<\/p>\n\n\n\n<p class=\"wp-block-paragraph\">Todo te llevas y todo se queda.<\/p>\n","protected":false},"excerpt":{"rendered":"<p>Mercedes Olivera Bustamante, antrop\u00f3loga feminista, militante de izquierdas e impulsora de procesos organizativos en Chiapas (M\u00e9xico) ha fenecido el d\u00eda de hoy.<\/p>\n","protected":false},"author":3,"featured_media":54286,"comment_status":"open","ping_status":"open","sticky":false,"template":"","format":"standard","meta":{"_monsterinsights_skip_tracking":false,"footnotes":""},"categories":[693,82,110,35],"tags":[],"class_list":["post-54285","post","type-post","status-publish","format-standard","has-post-thumbnail","category-693","category-la-opinion","category-la-opinion-columnas","category-opinion"],"_links":{"self":[{"href":"https:\/\/redsemlac.com\/semmexico\/wp-json\/wp\/v2\/posts\/54285","targetHints":{"allow":["GET"]}}],"collection":[{"href":"https:\/\/redsemlac.com\/semmexico\/wp-json\/wp\/v2\/posts"}],"about":[{"href":"https:\/\/redsemlac.com\/semmexico\/wp-json\/wp\/v2\/types\/post"}],"author":[{"embeddable":true,"href":"https:\/\/redsemlac.com\/semmexico\/wp-json\/wp\/v2\/users\/3"}],"replies":[{"embeddable":true,"href":"https:\/\/redsemlac.com\/semmexico\/wp-json\/wp\/v2\/comments?post=54285"}],"version-history":[{"count":0,"href":"https:\/\/redsemlac.com\/semmexico\/wp-json\/wp\/v2\/posts\/54285\/revisions"}],"wp:featuredmedia":[{"embeddable":true,"href":"https:\/\/redsemlac.com\/semmexico\/wp-json\/wp\/v2\/media\/54286"}],"wp:attachment":[{"href":"https:\/\/redsemlac.com\/semmexico\/wp-json\/wp\/v2\/media?parent=54285"}],"wp:term":[{"taxonomy":"category","embeddable":true,"href":"https:\/\/redsemlac.com\/semmexico\/wp-json\/wp\/v2\/categories?post=54285"},{"taxonomy":"post_tag","embeddable":true,"href":"https:\/\/redsemlac.com\/semmexico\/wp-json\/wp\/v2\/tags?post=54285"}],"curies":[{"name":"wp","href":"https:\/\/api.w.org\/{rel}","templated":true}]}}