{"id":54277,"date":"2022-08-07T08:18:58","date_gmt":"2022-08-07T14:18:58","guid":{"rendered":"https:\/\/redsemlac.com\/semmexico\/?p=54277"},"modified":"2023-07-21T19:10:40","modified_gmt":"2023-07-22T00:10:40","slug":"a-los-88-anos-muere-la-feminista-mercedes-olivera-bustamante-en-san-cristobal-de-las-casas","status":"publish","type":"post","link":"https:\/\/redsemlac.com\/semmexico\/a-los-88-anos-muere-la-feminista-mercedes-olivera-bustamante-en-san-cristobal-de-las-casas\/","title":{"rendered":"<strong>A los 88 a\u00f1os, muere la feminista Mercedes Olivera Bustamante, en San Crist\u00f3bal de Las Casas<\/strong>"},"content":{"rendered":"\n<ul class=\"wp-block-list\"><li><strong>Antrop\u00f3loga feminista y fundadora de organizaciones de mujeres radicada en Chiapas<\/strong><\/li><li><strong>Cofemo, organizaci\u00f3n que lleva su nombre, lamenta el deceso ocurrido este domingo<\/strong><\/li><\/ul>\n\n\n\n<p class=\"wp-block-paragraph\">Guadalupe L\u00f3pez Garc\u00eda<\/p>\n\n\n\n<p class=\"wp-block-paragraph\">SemM\u00e9xico, Ciudad de M\u00e9xico, 7 de agosto de 2022.- A las 6:00 horas de este domingo falleci\u00f3 Mercedes Olivera Bustamante, antrop\u00f3loga feminista, catedr\u00e1tica y fundadora de diversas organizaciones feministas. Sus restos ser\u00e1n velados en la funeraria San Crist\u00f3bal, de San Crist\u00f3bal de las Casas, ciudad a la que lleg\u00f3 en 1970.<\/p>\n\n\n\n<p class=\"wp-block-paragraph\">\u201cLa vida y la obra de Mercedes Olivera est\u00e1n definidas por su car\u00e1cter revolucionario, por un pensamiento y un quehacer incesante en el cuestionamiento de las relaciones de poder, sobre todo de g\u00e9nero, institucionalizadas, normalizadas y naturalizadas. Mercedes, una de las grandes intelectuales p\u00fablicas de Nuestra Am\u00e9rica, destaca por su trayectoria congruente y abrazadora, con sentimientos, ideas y pr\u00e1cticas encaminadas hacia la dignidad de ser\u201d, escribi\u00f3 Alain Basail Rodr\u00edguez en \u201cMercedes Olivera. Feminismo popular y revoluci\u00f3n. Entre la militancia y la antropolog\u00eda. Antolog\u00eda esencial\u201d, editada por Clacso en 2019.<\/p>\n\n\n\n<p class=\"wp-block-paragraph\">Olivera fue acad\u00e9mica en diversas instituciones educativas en M\u00e9xico y otros pa\u00edses. Egresada de la Escuela Nacional De Antropolog\u00eda y en la Universidad Nacional Aut\u00f3noma de M\u00e9xico obtuvo un doctorado en antropolog\u00eda. Form\u00f3 parte del Sistema Nacional de Investigadores, nivel III (m\u00e1ximo nivel). Es autora de diversos escritos en donde reflej\u00f3 su pensamiento pol\u00edtico feminista, una selecci\u00f3n de ellos publicados en la antolog\u00eda esencial, de 820 p\u00e1ginas.<\/p>\n\n\n\n<p class=\"wp-block-paragraph\">Fue fundadora de diversas organizaciones de mujeres, en especial, en Chiapas. Uno de los colectivos feministas con m\u00e1s antig\u00fcedad \u2014m\u00e1s de 30 a\u00f1os\u2014 lleva su nombre. Trabaj\u00f3 el tema de derechos humanos y feminismo con mujeres de diversas latitudes.<\/p>\n\n\n\n<p class=\"wp-block-paragraph\">Ocup\u00f3 cargos en la Escuela Nacional de Antropolog\u00eda e Historia (ENAH) y la direcci\u00f3n del Instituto Nacional Indigenista en San Crist\u00f3bal de las Casas. Fue impulsora para la creaci\u00f3n de los primeros posgrados mexicanos, la maestr\u00eda y el doctorado en Estudios e Intervenci\u00f3n feministas del Centro de Estudios Superiores de M\u00e9xico y Centroam\u00e9rica (CESMECA-UNICACH).<\/p>\n\n\n\n<p class=\"wp-block-paragraph\">En marzo de 2012 la Universidad de Ciencias y Artes de Chiapas (UNICACH) le otorg\u00f3 el Doctorado Honoris Causa,\u200b al que renunci\u00f3 en febrero de 2018 en protesta, porque la instituci\u00f3n entregar\u00eda el reconocimiento a Salvador Cienfuegos Zepeda,\u200b titular de la Secretar\u00eda de la Defensa Nacional (Sedena), a quien Olivera considera responsable por las violaciones, desapariciones y muertes de mujeres y hombres en el pa\u00eds.<\/p>\n\n\n\n<p class=\"wp-block-paragraph\">En 2016 le dieron el premio Memorial de Disertaciones Martin Diskin, en el marco del Congreso Internacional de la Asociaci\u00f3n de Estudios Latinoamericanos. En 2018, recibi\u00f3 el Premio CLACSO 2018 a los derechos humanos y a la solidaridad entre los pueblos.<\/p>\n\n\n\n<p class=\"wp-block-paragraph\">\u201cLos textos que ella escribi\u00f3, desde sus inicios como antrop\u00f3loga hasta la actualidad de \u201cviejita feminista\u201d, est\u00e1n todos enmarcados en su propia historia. El uso de un lenguaje sencillo, f\u00e1cil de leer, se entremezcla con un discurso de constante reivindicaci\u00f3n de derechos que abarcan desde las autonom\u00edas de los pueblos ind\u00edgenas a la \u201cliberaci\u00f3n\u201d de las mujeres, \u2014reflejando la uni\u00f3n y contradicci\u00f3n\u2014 entre la militancia y la investigaci\u00f3n desde sus primeros ensayos. En ocasiones, es la activista quien se presenta, en otros pasajes es la investigadora quien se impone exponiendo la riqueza de sus reflexiones te\u00f3ricas e investigaciones\u201d, escribi\u00f3 Monserrat Bosch Heras.<\/p>\n\n\n\n<p class=\"wp-block-paragraph\">Guadalupe C\u00e1rdenas Zitle, fundadora y directora del Colectivo Feminista Mercedes Olivera Bustamante (Cofemo), se\u00f1al\u00f3 a SemM\u00e9xico, que espera que esta organizaci\u00f3n haga honor al nombre, al compromiso y a las convicciones de la antrop\u00f3loga feminista, quien fuera maestra de otra antrop\u00f3loga feminista: Marcela Lagarde.<\/p>\n\n\n\n<p class=\"wp-block-paragraph\">C\u00e1rdenas Zitle narra que Cofemo surgi\u00f3 en 1989, con el nombre de Grupo de Mujeres de San Crist\u00f3bal (Colem). Sus integrantes conocieron a Mercedes en 1994, cuando a una de sus iniciativas fundaron la Red de Mujeres por la Paz. Ella viv\u00eda en Comit\u00e1n, donde hab\u00eda Fundado el Centro de Investigaci\u00f3n y Acci\u00f3n para la Mujer (CIAM), la cual surgi\u00f3 para mantener una participaci\u00f3n feminista aut\u00f3noma en la movilizaci\u00f3n a ra\u00edz del zapatismo.<\/p>\n\n\n\n<p class=\"wp-block-paragraph\">A partir de entonces, contin\u00faa, Mercedes fue su maestra. Gracias a ella articularon en Chiapas el activismo y la academia en el Feminario, un espacio de formaci\u00f3n te\u00f3rico-feminista que naci\u00f3 en 1999 en el que participaron feministas de varias organizaciones no gubernamentales, las cuales, \u201cdesde nuestras propias organizaciones ten\u00edamos limitaciones para llevar a cabo acciones con m\u00e1s trascendencia\u201d, reconoce.<\/p>\n\n\n\n<p class=\"wp-block-paragraph\">Desde Feminario surgieron dos espacios muy importantes: el Movimiento Independiente de Mujeres (MIM) y el Centro de Derechos de las Mujeres de Chiapas, AC. Adem\u00e1s, Mercedes impuls\u00f3 desde la UNACH y el CESMECA diplomados para fortalecer al movimiento feminista en Chiapas, cuenta C\u00e1rdenas Zitle.<\/p>\n\n\n\n<p class=\"wp-block-paragraph\">Por esa trayectoria, \u201cen el a\u00f1o 2002, El Colem decide cambiar de nombre y le pedimos llevar el suyo, como un reconocimiento a su trayectoria pol\u00edtica, tanto en movimientos de izquierda en Latinoam\u00e9rica como en el movimiento feminista. Ella acept\u00f3 y se convirti\u00f3 en asociada de nuestra organizaci\u00f3n, siendo nuestra principal asesora\u201d, indic\u00f3 C\u00e1rdenas Zitle.<\/p>\n\n\n\n<p class=\"wp-block-paragraph\">Para la feminista Guadalupe C\u00e1rdenas, \u201cMercedes fue mi principal maestra, no solamente en el feminismo: fue mi maestra de vida. Ella es el mejor ejemplo de necedad feminista, de compromiso y entrega. Mercedes fue mi amiga, comparti\u00f3 conmigo muchas cosas \u00edntimas que me ense\u00f1aron que nada te puede derrumbar\u201d.<\/p>\n\n\n\n<p class=\"wp-block-paragraph\">\u201cElla me entreg\u00f3 su amor en tantas formas&#8230; Pero sus invitaciones a trabajar en su casa siempre iban acompa\u00f1adas de la deliciosa comida que preparaba. Cuando ten\u00eda insomnio, se levantaba a cocinar. Con ella aprend\u00ed a cocinar cosas deliciosas. Mercedes es mi m\u00e1s entra\u00f1able maestra, amiga y compa\u00f1era activista\u201d, expres\u00f3.<\/p>\n\n\n\n<p class=\"wp-block-paragraph\">En 2019, en el aniversario de Cofemo, Mercedes Olivera escribi\u00f3:<\/p>\n\n\n\n<p class=\"wp-block-paragraph\">Queridas Compa\u00f1eras de COFEMO: Muchas Felicidades. Muchas historias nos han acompa\u00f1ado estos muchos a\u00f1os. Muchas luchas buscando justicia para las mujeres. Algunas veces cada una a su modo y manera, otras uniendo nuestros corazones y nuestra fuerza de mujeres para avanzar. Lo importante es que seguimos adelante y que no claudicamos. Les hago llegar a todas un abrazo muy fuerte y mucha energ\u00eda para seguir adelante. Hemos avanzado y tenemos que sentirnos orgullosas de ello, pero a\u00fan falta mucho por hacer. Las viejas (hist\u00f3ricas nos dicen) dejamos puertas y caminos abiertos para las que vienen atr\u00e1s con nuevas ideas y nuevas fuerzas, pero siempre con el objetivo de acabar con la violencia, la discriminaci\u00f3n y el abandono hacia a las mujeres, siempre buscando que las mujeres se sacudan las dominaciones que nos ha impuesto el sexismo y el machismo de los hombres y el sistema y que muchas veces llevamos dentro sin darnos cuenta. Hay que seguir caminando sin descanso con los ojos puestos en nuestras utop\u00edas con la luz que emana de nuestros corazones y de los corazones de todas las mujeres. Que el caminar de COFEMO sea cada vez m\u00e1s luminoso. Un abrazo muy fuerte. Mercedes Olivera 10-05-2119.<\/p>\n\n\n\n<p class=\"wp-block-paragraph\">As\u00ed la recordar\u00e1n quienes estuvieron cerca de ella y quienes aprendieron de sus ense\u00f1anzas. SemM\u00e9xico agradece a Guadalupe C\u00e1rdenas, la informaci\u00f3n proporcionada.<\/p>\n\n\n\n<p class=\"wp-block-paragraph\">Sem\/glg<\/p>\n","protected":false},"excerpt":{"rendered":"<p>A las 6:00 horas de este domingo falleci\u00f3 Mercedes Olivera Bustamante, antrop\u00f3loga feminista, catedr\u00e1tica y fundadora de diversas organizaciones feministas.<\/p>\n","protected":false},"author":3,"featured_media":54278,"comment_status":"open","ping_status":"open","sticky":false,"template":"","format":"standard","meta":{"_monsterinsights_skip_tracking":false,"footnotes":""},"categories":[693,54],"tags":[],"class_list":["post-54277","post","type-post","status-publish","format-standard","has-post-thumbnail","category-693","category-mujeres"],"_links":{"self":[{"href":"https:\/\/redsemlac.com\/semmexico\/wp-json\/wp\/v2\/posts\/54277","targetHints":{"allow":["GET"]}}],"collection":[{"href":"https:\/\/redsemlac.com\/semmexico\/wp-json\/wp\/v2\/posts"}],"about":[{"href":"https:\/\/redsemlac.com\/semmexico\/wp-json\/wp\/v2\/types\/post"}],"author":[{"embeddable":true,"href":"https:\/\/redsemlac.com\/semmexico\/wp-json\/wp\/v2\/users\/3"}],"replies":[{"embeddable":true,"href":"https:\/\/redsemlac.com\/semmexico\/wp-json\/wp\/v2\/comments?post=54277"}],"version-history":[{"count":0,"href":"https:\/\/redsemlac.com\/semmexico\/wp-json\/wp\/v2\/posts\/54277\/revisions"}],"wp:featuredmedia":[{"embeddable":true,"href":"https:\/\/redsemlac.com\/semmexico\/wp-json\/wp\/v2\/media\/54278"}],"wp:attachment":[{"href":"https:\/\/redsemlac.com\/semmexico\/wp-json\/wp\/v2\/media?parent=54277"}],"wp:term":[{"taxonomy":"category","embeddable":true,"href":"https:\/\/redsemlac.com\/semmexico\/wp-json\/wp\/v2\/categories?post=54277"},{"taxonomy":"post_tag","embeddable":true,"href":"https:\/\/redsemlac.com\/semmexico\/wp-json\/wp\/v2\/tags?post=54277"}],"curies":[{"name":"wp","href":"https:\/\/api.w.org\/{rel}","templated":true}]}}