{"id":54265,"date":"2022-08-06T11:03:32","date_gmt":"2022-08-06T17:03:32","guid":{"rendered":"https:\/\/redsemlac.com\/semmexico\/?p=54265"},"modified":"2023-07-21T19:10:41","modified_gmt":"2023-07-22T00:10:41","slug":"dan-madruguete-en-chiapas-y-niegan-aracely-burguete-cal-y-mayor-la-medalla-rosario-castellanos-2022-por-ser-feminista","status":"publish","type":"post","link":"https:\/\/redsemlac.com\/semmexico\/dan-madruguete-en-chiapas-y-niegan-aracely-burguete-cal-y-mayor-la-medalla-rosario-castellanos-2022-por-ser-feminista\/","title":{"rendered":"Dan madruguete en Chiapas, y niegan Aracely Burguete Cal y Mayor la Medalla Rosario Castellanos 2022, por ser feminista"},"content":{"rendered":"\n<p class=\"wp-block-paragraph\">El pintor y grabador Antonio Ram\u00edrez Intzin fue el designado, promotor de la cultura maya<\/p>\n\n\n\n<p class=\"wp-block-paragraph\">Las Organizaciones, funcionarias y activistas feministas que postularon a la soci\u00f3loga y defensora de los derechos ind\u00edgenas, ni siquiera fueron informadas<\/p>\n\n\n\n<p class=\"wp-block-paragraph\">Sara Lovera<\/p>\n\n\n\n<p class=\"wp-block-paragraph\">SemM\u00e9xico\/Tuxtla Guti\u00e9rrez, Chiapas. 24 de junio 2022\u2013 A 42 d\u00edas de la postulaci\u00f3n de Aracely Burguete Cal y Mayor a la Medalla Rosario Castellanos 2022, en completa opacidad el Congreso del Estado de Chiapas, decidi\u00f3 entregarla, a Antonio Ram\u00edrez Intzin.<\/p>\n\n\n\n<p class=\"wp-block-paragraph\">Quien a decir de Voces Feministas, \u201ces un buen pintor y grabador\u201d, pero que no tiene&nbsp;&nbsp; la trayectoria ni los apoyos&nbsp; que desde el 24 de junio se hicieron para&nbsp; Aracely Burguete Cal y Mayor, que tuvo 20 y una trayectoria mucho m\u00e1s cercana al significado simb\u00f3lico de Rosario Castellanos, informaron que fue tan \u201craro\u201d que no les han informado oficialmente, como promoventes, pero este jueves circul\u00f3 la decisi\u00f3n en redes sociales. No se sabe la fecha de la entrega.<\/p>\n\n\n\n<p class=\"wp-block-paragraph\">La Comisi\u00f3n Camaral, encargada de definir, no s\u00f3lo no aviso a las promoventes, tampoco a la postulada, una destacada feminista y defensora de los pueblos ind\u00edgenas.<\/p>\n\n\n\n<p class=\"wp-block-paragraph\">&nbsp;Al parecer fue la vice presidenta del Congreso, -quien no form\u00f3 parte de la comisi\u00f3n- quien lo promovi\u00f3, considerando que el pintor ha contribuido a la cultura maya. Lo que dicen la promotora, es muy posible. Pero parece un mensaje: a las feministas en estos tiempos de la 4T, nada.<\/p>\n\n\n\n<p class=\"wp-block-paragraph\">El d\u00eda 22 de junio, un jueves organizaciones, funcionarias y activistas feministas postularon a la soci\u00f3loga y defensora de los derechos ind\u00edgenas,&nbsp;Aracely Burguete Cal y Mayor para recibir la Medalla Rosario Castellanos 2022.<\/p>\n\n\n\n<p class=\"wp-block-paragraph\">Lo hicieron por su destacada trayectoria, su vida clara y en ascenso, su postura progresista, en favor de los pueblos, su formaci\u00f3n recia en los asuntos de avanzada. Ella le cont\u00f3 a la periodista Sandra de los Santos Chandomi, quien escribe normalmente en Chiapas Paralelo, c\u00f3mo en distintas etapas de su vida, se fue formando y solidariz\u00e1ndose con las mejores causas del pa\u00eds, y de Chiapas.<\/p>\n\n\n\n<p class=\"wp-block-paragraph\">Fueron 17 personas, 18 organizaciones (incluidas 2 colectivos de organizaciones) y 5 instituciones, las que han postulado a la doctora Aracely de forma colectiva. &nbsp;Entre las que se destacan,&nbsp;la activista Mar\u00eda Cruz, junto a la Secretaria para la Igualdad de las Mujeres en Tuxtla Guti\u00e9rrez, Gel Pacheco y la fot\u00f3grafa Yeltsin Garc\u00eda Chiapas quienes hicieron la entrega de dichos documentos a la Diputada Petrona de la Cruz Cruz, presidenta de la Comisi\u00f3n de Postulaci\u00f3n de la Medalla Rosario Castellanos y al diputado Felipe Granda integrante de la misma.<\/p>\n\n\n\n<p class=\"wp-block-paragraph\">Aracely Burguete Cal y Mayor es licenciada en Sociolog\u00eda, Maestra en Ciencias del Desarrollo Rural Regional y Doctora en Ciencias Pol\u00edticas y Sociales, con especialidad en Sociolog\u00eda, por la Universidad Nacional Aut\u00f3noma de M\u00e9xico (UNAM).<\/p>\n\n\n\n<p class=\"wp-block-paragraph\">Acad\u00e9mica y defensora de los derechos de las personas ind\u00edgenas y de los derechos pol\u00edticos electorales de las mujeres. Su trabajo se ha destacado por el an\u00e1lisis de temas como los conflictos por tierra y territorios, los derechos humanos y la impartici\u00f3n de justicia.<\/p>\n\n\n\n<figure class=\"wp-block-image size-full\"><a href=\"https:\/\/redsemlac.com\/semmexico\/wp-content\/uploads\/2022\/08\/madruguete-02.jpg\"><img loading=\"lazy\" decoding=\"async\" width=\"840\" height=\"560\" src=\"https:\/\/redsemlac.com\/semmexico\/wp-content\/uploads\/2022\/08\/madruguete-02.jpg\" alt=\"\" class=\"wp-image-54267\"\/><\/a><\/figure>\n\n\n\n<p class=\"wp-block-paragraph\">Sus investigaciones son una pauta para una sociedad m\u00e1s equitativa, han abonado a la visibilizaci\u00f3n de la violencia dentro y hacia las comunidades ind\u00edgenas y pueblos originarios, as\u00ed como el reconocimiento de su autonom\u00eda, su lengua, la forma de organizaci\u00f3n, de su tradici\u00f3n y de su gobierno.<\/p>\n\n\n\n<p class=\"wp-block-paragraph\">Tambi\u00e9n ha publicado innumerables art\u00edculos cient\u00edficos, libros y otros documentos de divulgaci\u00f3n. Entre sus publicaciones escritas m\u00e1s destacadas se encuentran: Mayan lives, Mayan utop\u00edas: The ind\u00edgenas peoples of Chiapas and the Zapatista rebellion (2003); La autonom\u00eda a debate (2010); Autonom\u00eda: la emergencia de un nuevo paradigma en las luchas por la descolonizaci\u00f3n en Am\u00e9rica Latina (2010); Gobernar (en) la diversidad: experiencias ind\u00edgenas desde Am\u00e9rica Latina. Hacia la investigaci\u00f3n de co-labor (2008), The de facto autonomous process: new jurisdictions and parallel governments in rebellion (2003); M\u00e9xico: experiencias de autonom\u00eda ind\u00edgena (1999) y Cuadernillo de divulgaci\u00f3n sobre paridad y violencia pol\u00edtica de g\u00e9nero con perspectiva intercultural (2019).<\/p>\n\n\n\n<p class=\"wp-block-paragraph\">En 2020, le fue otorgado el Diploma de Honor, por el Fondo para el Desarrollo de los Pueblos Ind\u00edgenas de Am\u00e9rica Latina y El Caribe (FILAC), el Programa Emblem\u00e1tico de Mujeres Ind\u00edgenas de Am\u00e9rica Latina (MILAC) y la Universidad Ind\u00edgena Intercultural (III).<\/p>\n\n\n\n<p class=\"wp-block-paragraph\">Actualmente es directora del CIESAS sureste, ubicado en San Crist\u00f3bal de las Casas en Chiapas.<\/p>\n\n\n\n<p class=\"wp-block-paragraph\">En la entrevista con Sandra de los Santos Chandomi, publicada probablemente el d\u00eda que el Congreso le neg\u00f3 la medalla, cont\u00f3 que a los 14 a\u00f1os su madre la subi\u00f3 al tren que pasaba a dos cuadras de su casa y la env\u00edo a la Ciudad de M\u00e9xico. Su padre la quer\u00eda casar, tanto ella como su mam\u00e1&nbsp;deseaban otro futuro as\u00ed que hab\u00eda que cambiar ese destino.&nbsp;<\/p>\n\n\n\n<p class=\"wp-block-paragraph\">Ah\u00ed reflexion\u00f3 sobre sus 68 a\u00f1os, que cumplir\u00e1 este 20 de agosto. La directora del Ciesas es originaria del municipio de Arriaga en Chiapas y directora de uno de los centros de investigaci\u00f3n m\u00e1s reconocidos en la entidad y el pa\u00eds: el Centro de Investigaciones y Estudios Superiores de Antropolog\u00eda Social (Ciesas).<\/p>\n\n\n\n<p class=\"wp-block-paragraph\">Naci\u00f3 en 1954, su infancia transcurri\u00f3 en el municipio coste\u00f1o de Arriaga, un sitio que en ese entonces era de los m\u00e1s pr\u00f3speros de la entidad.<\/p>\n\n\n\n<p class=\"wp-block-paragraph\">La maestra Victoria Cal y Mayor, madre de Araceli, fue una de las fundadoras de instituciones educativas de nivel b\u00e1sico en aquel municipio, escuelas que hasta hoy sobreviven. El padre de Araceli, no tuvo una presencia importante en su vida hasta que lleg\u00f3 para obligarla a casarse a los 14 a\u00f1os.<\/p>\n\n\n\n<p class=\"wp-block-paragraph\">A los 14 a\u00f1os lleg\u00f3 a la Ciudad de M\u00e9xico en julio de 1968, en plena efervescencia del movimiento estudiantil. Entonces ten\u00eda muy claro qui\u00e9nes eran los buenos y los malos. Ella estaba con los buenos.<\/p>\n\n\n\n<p class=\"wp-block-paragraph\">La investigadora chiapaneca estudi\u00f3 la licenciatura en Sociolog\u00eda en la Facultad de Ciencias Pol\u00edticas de la Universidad Aut\u00f3noma de M\u00e9xico (UNAM), muy influenciada por el movimiento estudiantil de 1968 y 1971.<\/p>\n\n\n\n<p class=\"wp-block-paragraph\">Ella dijo, en la citada entrevista cuando ya era candidata a recibir la Medalla Rosario Castellanos que record\u00f3 en aquel entonces en la UNAM: \u201cCreo que en ese entonces estaban en Ciencias Pol\u00edticas de la Unam las mentes m\u00e1s brillantes de Latinoam\u00e9rica. Eran grandes conferencias y asambleas que hab\u00eda como clases, mucho Marxismo\u201d<\/p>\n\n\n\n<p class=\"wp-block-paragraph\">En 1983 se cas\u00f3 con Margarito Ruiz Hern\u00e1ndez, un ind\u00edgena tojolabal integrante de la Central Independiente de Obreros Agr\u00edcolas y Campesinos (CIOAC, Aracely simpatiz\u00f3 con su causa.<\/p>\n\n\n\n<p class=\"wp-block-paragraph\">En 1987 sufri\u00f3 un atentado cuando estaba embarazada de ocho meses. Dispararon contra ella cinco veces, pero solo una bala le dio. A\u00fan tiene una cicatriz en la espalda producto de ese intento de asesinato.<\/p>\n\n\n\n<p class=\"wp-block-paragraph\">En ese entonces, Araceli, escrib\u00eda en un peri\u00f3dico nacional y el periodista Miguel \u00c1ngel Granados Chapa realiz\u00f3 una campa\u00f1a para que otras organizaciones y personas se solidarizaran y lograron sacar a Araceli de Chiapas y darle algunas medidas de protecci\u00f3n.<\/p>\n\n\n\n<p class=\"wp-block-paragraph\">De vuelta a la Ciudad de M\u00e9xico se incorpor\u00f3 de nuevo a la vida acad\u00e9mica, pero ahora en la Escuela Nacional de Antropolog\u00eda e Historia (ENAH).<\/p>\n\n\n\n<p class=\"wp-block-paragraph\">Luego estuvo presente en el <strong>movimiento zapatista. <\/strong>El levantamiento armado del Ej\u00e9rcito Zapatista de Liberaci\u00f3n Nacional (EZLN) la llev\u00f3 de nuevo a San Crist\u00f3bal de las Casas. En 1995 particip\u00f3, a invitaci\u00f3n del ej\u00e9rcito insurgente, como asesora de los Acuerdos de San Andr\u00e9s.<\/p>\n\n\n\n<p class=\"wp-block-paragraph\">Toda la vida acad\u00e9mica de Araceli Burguete Cal y Mayor lo ha dedicado al estudio de los pueblos ind\u00edgenas, uno de los temas que m\u00e1s ha investigado es lo que respecta al uso del sistema normativo ind\u00edgena.<\/p>\n\n\n\n<p class=\"wp-block-paragraph\"><em>Tambi\u00e9n desde muy temprano se hizo feminista, tiene art\u00edculos y una producci\u00f3n amplia y admira a <\/em><em>la escritora y periodista Alma Guillermo Prieto. Es defensora de los derechos de las mujeres<\/em>. Respetada y admirada por eso.<\/p>\n\n\n\n<p class=\"wp-block-paragraph\">No. Le negaron la Medalla, a pesar de m\u00e1s de 20 apoyos y esta trayectoria.<\/p>\n\n\n\n<p class=\"wp-block-paragraph\">lucha es feminista\u201d. Le digo bromeando que espero escuchar eso desde la tribuna<\/p>\n","protected":false},"excerpt":{"rendered":"<p>A 42 d\u00edas de la postulaci\u00f3n de Aracely Burguete Cal y Mayor a la Medalla Rosario Castellanos 2022, en completa opacidad el Congreso del Estado de Chiapas, decidi\u00f3 entregarla, a Antonio Ram\u00edrez Intzin.<\/p>\n","protected":false},"author":3,"featured_media":54268,"comment_status":"open","ping_status":"open","sticky":false,"template":"","format":"standard","meta":{"_monsterinsights_skip_tracking":false,"footnotes":""},"categories":[693,54],"tags":[],"class_list":["post-54265","post","type-post","status-publish","format-standard","has-post-thumbnail","category-693","category-mujeres"],"_links":{"self":[{"href":"https:\/\/redsemlac.com\/semmexico\/wp-json\/wp\/v2\/posts\/54265","targetHints":{"allow":["GET"]}}],"collection":[{"href":"https:\/\/redsemlac.com\/semmexico\/wp-json\/wp\/v2\/posts"}],"about":[{"href":"https:\/\/redsemlac.com\/semmexico\/wp-json\/wp\/v2\/types\/post"}],"author":[{"embeddable":true,"href":"https:\/\/redsemlac.com\/semmexico\/wp-json\/wp\/v2\/users\/3"}],"replies":[{"embeddable":true,"href":"https:\/\/redsemlac.com\/semmexico\/wp-json\/wp\/v2\/comments?post=54265"}],"version-history":[{"count":0,"href":"https:\/\/redsemlac.com\/semmexico\/wp-json\/wp\/v2\/posts\/54265\/revisions"}],"wp:featuredmedia":[{"embeddable":true,"href":"https:\/\/redsemlac.com\/semmexico\/wp-json\/wp\/v2\/media\/54268"}],"wp:attachment":[{"href":"https:\/\/redsemlac.com\/semmexico\/wp-json\/wp\/v2\/media?parent=54265"}],"wp:term":[{"taxonomy":"category","embeddable":true,"href":"https:\/\/redsemlac.com\/semmexico\/wp-json\/wp\/v2\/categories?post=54265"},{"taxonomy":"post_tag","embeddable":true,"href":"https:\/\/redsemlac.com\/semmexico\/wp-json\/wp\/v2\/tags?post=54265"}],"curies":[{"name":"wp","href":"https:\/\/api.w.org\/{rel}","templated":true}]}}